{"id":53939,"date":"2023-10-08T02:45:37","date_gmt":"2023-10-08T02:45:37","guid":{"rendered":"https:\/\/blog.corretoraideal.com.br\/?p=53939"},"modified":"2023-10-08T02:45:37","modified_gmt":"2023-10-08T02:45:37","slug":"motorista-morre-apos-capotar-com-o-veiculo-na-avenida-28-de-marco-em-campos-norte-fluminense-g1","status":"publish","type":"post","link":"https:\/\/blog.corretoraideal.com.br\/index.php\/2023\/10\/08\/motorista-morre-apos-capotar-com-o-veiculo-na-avenida-28-de-marco-em-campos-norte-fluminense-g1\/","title":{"rendered":"Motorista morre ap\u00f3s capotar com o ve\u00edculo na Avenida 28 de Mar\u00e7o, em Campos | Norte Fluminense | G1"},"content":{"rendered":"<p>      1 de 1&#013;Carlos Castilho Cordeiro Paiva Pessanha morreu ap\u00f3s capotar com o carro na Avenida 28 de Mar\u00e7o, em Campos \u2014 Foto: Phelipe Soares\/g1    <\/p>\n<p> Carlos Castilho Cordeiro Paiva Pessanha morreu ap\u00f3s capotar com o carro na Avenida 28 de Mar\u00e7o, em Campos \u2014 Foto: Phelipe Soares\/g1 <\/p>\n<p> Um motorista de 53 anos, identificado como Carlos Castilho Cordeiro Paiva Pessanha, morreu depois de um capotamento na Avenida 28 de Mar\u00e7o, no centro de <a class href=\"https:\/\/g1.globo.com\/rj\/norte-fluminense\/cidade\/campos-dos-goytacazes\/\">Campos dos Goytacazes<\/a>, no Norte Fluminense, na manh\u00e3 deste s\u00e1bado (7). <\/p>\n<p> Segundo a Pol\u00edcia Militar, ele teria batido em uma placa de sinaliza\u00e7\u00e3o que indicava um desvio por conta dos trabalhos de recapeamento que aconteceram na avenida. <\/p>\n<p> Com o impacto, ele perdeu o controle do carro e atingiu parte da estrutura da ciclovia. <\/p>\n<p> A v\u00edtima estava sozinha no carro. O corpo foi levado para o IML de Campos. <\/p>\n<ul>\n<li> <a href=\"https:\/\/g1.globo.com\/rj\/norte-fluminense\/cidade\/campos-dos-goytacazes\/\" class=\"entities__list-itemLink\" data-track-click=\"Campos dos Goytacazes\"> Campos dos Goytacazes <\/a> <\/li>\n<\/ul>\n","protected":false},"excerpt":{"rendered":"<p>1 de 1&#013;Carlos Castilho Cordeiro Paiva Pessanha morreu ap\u00f3s capotar com o carro na Avenida 28 de Mar\u00e7o, em Campos \u2014 Foto: Phelipe Soares\/g1 Carlos Castilho Cordeiro Paiva Pessanha morreu ap\u00f3s capotar com o carro na Avenida 28 de Mar\u00e7o, em Campos \u2014 Foto: Phelipe Soares\/g1 Um motorista de 53 anos, identificado como Carlos Castilho [&hellip;]<\/p>\n","protected":false},"author":1,"featured_media":0,"comment_status":"closed","ping_status":"closed","sticky":false,"template":"","format":"standard","meta":{"footnotes":""},"categories":[],"tags":[],"class_list":["post-53939","post","type-post","status-publish","format-standard","hentry"],"_links":{"self":[{"href":"https:\/\/blog.corretoraideal.com.br\/index.php\/wp-json\/wp\/v2\/posts\/53939","targetHints":{"allow":["GET"]}}],"collection":[{"href":"https:\/\/blog.corretoraideal.com.br\/index.php\/wp-json\/wp\/v2\/posts"}],"about":[{"href":"https:\/\/blog.corretoraideal.com.br\/index.php\/wp-json\/wp\/v2\/types\/post"}],"author":[{"embeddable":true,"href":"https:\/\/blog.corretoraideal.com.br\/index.php\/wp-json\/wp\/v2\/users\/1"}],"replies":[{"embeddable":true,"href":"https:\/\/blog.corretoraideal.com.br\/index.php\/wp-json\/wp\/v2\/comments?post=53939"}],"version-history":[{"count":1,"href":"https:\/\/blog.corretoraideal.com.br\/index.php\/wp-json\/wp\/v2\/posts\/53939\/revisions"}],"predecessor-version":[{"id":53941,"href":"https:\/\/blog.corretoraideal.com.br\/index.php\/wp-json\/wp\/v2\/posts\/53939\/revisions\/53941"}],"wp:attachment":[{"href":"https:\/\/blog.corretoraideal.com.br\/index.php\/wp-json\/wp\/v2\/media?parent=53939"}],"wp:term":[{"taxonomy":"category","embeddable":true,"href":"https:\/\/blog.corretoraideal.com.br\/index.php\/wp-json\/wp\/v2\/categories?post=53939"},{"taxonomy":"post_tag","embeddable":true,"href":"https:\/\/blog.corretoraideal.com.br\/index.php\/wp-json\/wp\/v2\/tags?post=53939"}],"curies":[{"name":"wp","href":"https:\/\/api.w.org\/{rel}","templated":true}]}}