{"id":53952,"date":"2023-10-08T07:34:12","date_gmt":"2023-10-08T07:34:12","guid":{"rendered":"https:\/\/blog.corretoraideal.com.br\/?p=53952"},"modified":"2023-10-08T07:34:12","modified_gmt":"2023-10-08T07:34:12","slug":"bar-e-alvo-de-atiradores-em-campos-no-rj-norte-fluminense-g1","status":"publish","type":"post","link":"https:\/\/blog.corretoraideal.com.br\/index.php\/2023\/10\/08\/bar-e-alvo-de-atiradores-em-campos-no-rj-norte-fluminense-g1\/","title":{"rendered":"Bar \u00e9 alvo de atiradores em Campos, no RJ | Norte Fluminense | G1"},"content":{"rendered":"\n<p> Um bar na Avenida Pelinca, em <a class href=\"https:\/\/g1.globo.com\/rj\/norte-fluminense\/cidade\/campos-dos-goytacazes\/\">Campos dos Goytacazes<\/a>, no Norte Fluminense, foi alvo de tiros durante a madrugada de sexta-feira (6). <\/p>\n<p> Segundo a Pol\u00edcia Militar, os atiradores n\u00e3o foram identificados. <\/p>\n<p> Imagens de c\u00e2meras de seguran\u00e7a mostram que um carro estaciona na frente do estabelecimento. Depois, v\u00e1rias pessoas saem do local correndo. <\/p>\n<p> Testemunhas relataram aos policiais que os tiros foram disparados em dire\u00e7\u00e3o ao bar, mas n\u00e3o atingiram nenhum cliente. <\/p>\n<p> Policiais militar chegaram cerca de cinco minutos depois do acontecido, e n\u00e3o conseguiram localizar o carro. <\/p>\n<p> Ainda segundo a PM, depois do ocorrido, o policiamento na Avenida Pelinca foi refor\u00e7ado para o fim de semana. <\/p>\n<ul>\n<li> <a href=\"https:\/\/g1.globo.com\/rj\/norte-fluminense\/cidade\/campos-dos-goytacazes\/\" class=\"entities__list-itemLink\" data-track-click=\"Campos dos Goytacazes\"> Campos dos Goytacazes <\/a> <\/li>\n<\/ul>\n","protected":false},"excerpt":{"rendered":"<p>Um bar na Avenida Pelinca, em Campos dos Goytacazes, no Norte Fluminense, foi alvo de tiros durante a madrugada de sexta-feira (6). Segundo a Pol\u00edcia Militar, os atiradores n\u00e3o foram identificados. Imagens de c\u00e2meras de seguran\u00e7a mostram que um carro estaciona na frente do estabelecimento. Depois, v\u00e1rias pessoas saem do local correndo. Testemunhas relataram aos [&hellip;]<\/p>\n","protected":false},"author":1,"featured_media":0,"comment_status":"closed","ping_status":"closed","sticky":false,"template":"","format":"standard","meta":{"footnotes":""},"categories":[],"tags":[],"class_list":["post-53952","post","type-post","status-publish","format-standard","hentry"],"_links":{"self":[{"href":"https:\/\/blog.corretoraideal.com.br\/index.php\/wp-json\/wp\/v2\/posts\/53952","targetHints":{"allow":["GET"]}}],"collection":[{"href":"https:\/\/blog.corretoraideal.com.br\/index.php\/wp-json\/wp\/v2\/posts"}],"about":[{"href":"https:\/\/blog.corretoraideal.com.br\/index.php\/wp-json\/wp\/v2\/types\/post"}],"author":[{"embeddable":true,"href":"https:\/\/blog.corretoraideal.com.br\/index.php\/wp-json\/wp\/v2\/users\/1"}],"replies":[{"embeddable":true,"href":"https:\/\/blog.corretoraideal.com.br\/index.php\/wp-json\/wp\/v2\/comments?post=53952"}],"version-history":[{"count":1,"href":"https:\/\/blog.corretoraideal.com.br\/index.php\/wp-json\/wp\/v2\/posts\/53952\/revisions"}],"predecessor-version":[{"id":53954,"href":"https:\/\/blog.corretoraideal.com.br\/index.php\/wp-json\/wp\/v2\/posts\/53952\/revisions\/53954"}],"wp:attachment":[{"href":"https:\/\/blog.corretoraideal.com.br\/index.php\/wp-json\/wp\/v2\/media?parent=53952"}],"wp:term":[{"taxonomy":"category","embeddable":true,"href":"https:\/\/blog.corretoraideal.com.br\/index.php\/wp-json\/wp\/v2\/categories?post=53952"},{"taxonomy":"post_tag","embeddable":true,"href":"https:\/\/blog.corretoraideal.com.br\/index.php\/wp-json\/wp\/v2\/tags?post=53952"}],"curies":[{"name":"wp","href":"https:\/\/api.w.org\/{rel}","templated":true}]}}