{"id":53958,"date":"2023-10-08T12:31:17","date_gmt":"2023-10-08T12:31:17","guid":{"rendered":"https:\/\/blog.corretoraideal.com.br\/?p=53958"},"modified":"2023-10-08T12:31:17","modified_gmt":"2023-10-08T12:31:17","slug":"fuzil-que-pode-ter-sido-usado-em-ataque-e-apreendido-em-campos-norte-fluminense-g1","status":"publish","type":"post","link":"https:\/\/blog.corretoraideal.com.br\/index.php\/2023\/10\/08\/fuzil-que-pode-ter-sido-usado-em-ataque-e-apreendido-em-campos-norte-fluminense-g1\/","title":{"rendered":"Fuzil que pode ter sido usado em ataque \u00e9 apreendido em Campos | Norte Fluminense | G1"},"content":{"rendered":"<p>      1 de 1&#013;Fuzil foi encontrado pela PM em um buraco no quintal de um casa em Campos \u2014 Foto: PM\/Divulga\u00e7\u00e3o    <\/p>\n<p> Fuzil foi encontrado pela PM em um buraco no quintal de um casa em Campos \u2014 Foto: PM\/Divulga\u00e7\u00e3o <\/p>\n<p> Um fuzil que pode ter sido <a class href=\"https:\/\/g1.globo.com\/rj\/norte-fluminense\/noticia\/2023\/05\/28\/grupo-armado-atira-contra-pessoas-em-bar-no-jardim-aeroporto-levantando-suspeitas-de-homicidios-em-guarus.ghtml\">usado em um ataque em um bar em Guarus, no m\u00eas de maio<\/a>, em <a class href=\"https:\/\/g1.globo.com\/rj\/norte-fluminense\/cidade\/campos-dos-goytacazes\/\">Campos dos Goytacazes<\/a>, no Norte Fluminense, foi encontrado nesta sexta-feira (6) por policiais militares. <\/p>\n<p> Ap\u00f3s investiga\u00e7\u00e3o, que durou 30 dias, os policiais receberam a informa\u00e7\u00e3o de que o fuzil seria usado ontem em outros ataques e foram at\u00e9 a casa onde a arma estaria escondida. <\/p>\n<p>                   <img loading=\"lazy\" decoding=\"async\" class=\"aligncenter size-full wp-image-53960\" src=\"https:\/\/blog.corretoraideal.com.br\/wp-content\/uploads\/2023\/10\/uma-camera-de-seguranca-flagrou-ataque-a-tiros-em-bar-de-campos.jpeg\" alt=\"Uma c\u00e2mera de seguran\u00e7a flagrou ataque a tiros em bar, de Campos\" width=\"800\" height=\"400\" \/>      <\/p>\n<p> Uma c\u00e2mera de seguran\u00e7a flagrou ataque a tiros em bar, de Campos <\/p>\n<p> Um homem, que estava no im\u00f3vel, percebeu a chegada dos agentes e fugiu, deixando para tr\u00e1s uma sacola com maconha. <\/p>\n<p> O fuzil estava escondido em um buraco, no quintal da casa, onde os policiais encontraram mais maconha, carregadores e muni\u00e7\u00f5es, al\u00e9m de caderno com anota\u00e7\u00f5es do tr\u00e1fico e material usado pra prepara\u00e7\u00e3o da droga. <\/p>\n<p> Tudo foi levado pra delegacia de Guarus, onde o caso foi registrado. <\/p>\n<p> Ainda de acordo com a PM, na fuga, o suspeito acabou deixando para tr\u00e1s um documento de identidade. Embora n\u00e3o tenha sido preso, ele vai responder por tr\u00e1fico de drogas. <\/p>\n<p><h2>O ataque<\/h2>\n<\/p>\n<p> O ataque ao bar em que este fuzil pode ter sido usado foi no fim de maio, no Jardim Aeroporto. <a class href=\"https:\/\/g1.globo.com\/rj\/norte-fluminense\/noticia\/2023\/05\/28\/grupo-armado-atira-contra-pessoas-em-bar-no-jardim-aeroporto-levantando-suspeitas-de-homicidios-em-guarus.ghtml\">Imagens mostram um carro parando em frente ao bar<\/a> <strong>(veja v\u00eddeo acima).<\/strong> Um grupo sai e come\u00e7a a disparar contra pessoas que estavam dentro dele. Ningu\u00e9m ficou ferido nessa a\u00e7\u00e3o. <\/p>\n<ul>\n<li> <a href=\"https:\/\/g1.globo.com\/rj\/norte-fluminense\/cidade\/campos-dos-goytacazes\/\" class=\"entities__list-itemLink\" data-track-click=\"Campos dos Goytacazes\"> Campos dos Goytacazes <\/a> <\/li>\n<\/ul>\n","protected":false},"excerpt":{"rendered":"<p>1 de 1&#013;Fuzil foi encontrado pela PM em um buraco no quintal de um casa em Campos \u2014 Foto: PM\/Divulga\u00e7\u00e3o Fuzil foi encontrado pela PM em um buraco no quintal de um casa em Campos \u2014 Foto: PM\/Divulga\u00e7\u00e3o Um fuzil que pode ter sido usado em um ataque em um bar em Guarus, no m\u00eas [&hellip;]<\/p>\n","protected":false},"author":1,"featured_media":0,"comment_status":"closed","ping_status":"closed","sticky":false,"template":"","format":"standard","meta":{"footnotes":""},"categories":[],"tags":[],"class_list":["post-53958","post","type-post","status-publish","format-standard","hentry"],"_links":{"self":[{"href":"https:\/\/blog.corretoraideal.com.br\/index.php\/wp-json\/wp\/v2\/posts\/53958","targetHints":{"allow":["GET"]}}],"collection":[{"href":"https:\/\/blog.corretoraideal.com.br\/index.php\/wp-json\/wp\/v2\/posts"}],"about":[{"href":"https:\/\/blog.corretoraideal.com.br\/index.php\/wp-json\/wp\/v2\/types\/post"}],"author":[{"embeddable":true,"href":"https:\/\/blog.corretoraideal.com.br\/index.php\/wp-json\/wp\/v2\/users\/1"}],"replies":[{"embeddable":true,"href":"https:\/\/blog.corretoraideal.com.br\/index.php\/wp-json\/wp\/v2\/comments?post=53958"}],"version-history":[{"count":1,"href":"https:\/\/blog.corretoraideal.com.br\/index.php\/wp-json\/wp\/v2\/posts\/53958\/revisions"}],"predecessor-version":[{"id":53961,"href":"https:\/\/blog.corretoraideal.com.br\/index.php\/wp-json\/wp\/v2\/posts\/53958\/revisions\/53961"}],"wp:attachment":[{"href":"https:\/\/blog.corretoraideal.com.br\/index.php\/wp-json\/wp\/v2\/media?parent=53958"}],"wp:term":[{"taxonomy":"category","embeddable":true,"href":"https:\/\/blog.corretoraideal.com.br\/index.php\/wp-json\/wp\/v2\/categories?post=53958"},{"taxonomy":"post_tag","embeddable":true,"href":"https:\/\/blog.corretoraideal.com.br\/index.php\/wp-json\/wp\/v2\/tags?post=53958"}],"curies":[{"name":"wp","href":"https:\/\/api.w.org\/{rel}","templated":true}]}}