{"id":53962,"date":"2023-10-08T14:30:45","date_gmt":"2023-10-08T14:30:45","guid":{"rendered":"https:\/\/blog.corretoraideal.com.br\/?p=53962"},"modified":"2023-10-08T14:30:45","modified_gmt":"2023-10-08T14:30:45","slug":"safra-do-mel-e-beneficiada-pelas-flores-da-primavera-nosso-campo-g1","status":"publish","type":"post","link":"https:\/\/blog.corretoraideal.com.br\/index.php\/2023\/10\/08\/safra-do-mel-e-beneficiada-pelas-flores-da-primavera-nosso-campo-g1\/","title":{"rendered":"Safra do mel \u00e9 beneficiada pelas flores da primavera | Nosso Campo | G1"},"content":{"rendered":"<p>      1 de 1&#013;Safra do mel \u00e9 beneficiada pelas flores da primavera \u2014 Foto: Reprodu\u00e7\u00e3o\/TV TEM    <\/p>\n<p> Safra do mel \u00e9 beneficiada pelas flores da primavera \u2014 Foto: Reprodu\u00e7\u00e3o\/TV TEM <\/p>\n<p> A esta\u00e7\u00e3o mais florida do ano marca, tamb\u00e9m, o in\u00edcio da safra de mel em boa parte do pa\u00eds. Por\u00e9m, a florada tardia no noroeste paulista deve atrasar a colheita em api\u00e1rios, incluindo o da fam\u00edlia Silva, que tem quase 400 colmeias espalhadas por fazendas da regi\u00e3o de <a class href=\"https:\/\/g1.globo.com\/sp\/sao-jose-do-rio-preto-aracatuba\/cidade\/nova-granada\/\">Nova Granada (SP)<\/a>. <\/p>\n<p> Alceu Ant\u00f4nio da Silva \u00e9 apicultor h\u00e1 50 anos e ensinou tudo o que sabe para os filhos, que seguem na profiss\u00e3o. Na safra, que vai de setembro a novembro, eles redobram o cuidado com as abelhas, dizendo que sempre precisam checar se precisa de mais melgueira e se est\u00e1 tudo certo com elas. <\/p>\n<p> Se n\u00e3o fosse a instabilidade do clima, as caixas estariam bem mais altas, com o dobro de melgueira. Ainda assim, quando uma delas \u00e9 aberta, a quantidade de mel impressiona, e j\u00e1 est\u00e1 maduro, pronto para colher, porque est\u00e1 com o favo selado. <\/p>\n<p> <strong>Veja a reportagem exibida no programa em 08\/10\/2023:<\/strong> <\/p>\n<p>                   <img loading=\"lazy\" decoding=\"async\" class=\"aligncenter size-full wp-image-53964\" src=\"https:\/\/blog.corretoraideal.com.br\/wp-content\/uploads\/2023\/10\/safra-do-mel-e-beneficiada-pelas-flores-da-primavera-1.jpeg\" alt=\"Safra do mel \u00e9 beneficiada pelas flores da primavera\" width=\"800\" height=\"400\" \/>      <\/p>\n<p> Safra do mel \u00e9 beneficiada pelas flores da primavera <\/p>\n<p> Cada colmeia deve produzir, em m\u00e9dia, 80 quilos de mel. A expectativa do produtor \u00e9 colher de quatro a cinco toneladas nesta safra, um pouco menos que no ano passado. <\/p>\n<p> Em outro api\u00e1rio, localizado em <a class href=\"https:\/\/g1.globo.com\/sp\/sao-jose-do-rio-preto-aracatuba\/cidade\/olimpia\/\">Ol\u00edmpia (SP)<\/a>, a produ\u00e7\u00e3o n\u00e3o deve chegar nem \u00e0 metade do que o propriet\u00e1rio esperava. Neste ano, o apicultor deve colher 600 quilos de mel. O principal problema nesta entressafra n\u00e3o foi o clima e, sim, a alimenta\u00e7\u00e3o das abelhas. Por conta de a\u00e7\u00facar contaminado, boa parte do enxame foi perdida. <\/p>\n<p> As colmeias que receberam menos alimento na entressafra est\u00e3o produzindo o esperado para o per\u00edodo. As melgueiras est\u00e3o cheias e o mel quase no ponto de ser colhido. <\/p>\n<p> Enquanto no campo o produtor n\u00e3o espera crescimento nesta safra, a ind\u00fastria trabalha em ritmo acelerado para atender \u00e0 demanda de mercado, que vem crescendo. <\/p>\n<p><h2><strong>V\u00cdDEOS: reveja as reportagens do Nosso Campo<\/strong><\/h2>\n<\/p>\n<p>   <a href=\"https:\/\/g1.globo.com\/sp\/sorocaba-jundiai\/nosso-campo\/playlist\/videos-veja-as-reportagens-do-nosso-campo.ghtml\">    50 v\u00eddeos      <\/a>   <\/p>\n<p> <strong>Acesse + <\/strong><a class href=\"https:\/\/redeglobo.globo.com\/sp\/tvtem\/\"><strong>TV TEM<\/strong><\/a><strong> | <\/strong><a class href=\"https:\/\/redeglobo.globo.com\/sp\/tvtem\/sorocaba-e-regiao\/programacao\/?region=sorocaba-e-regiao#20170330527359https:\/\/redeglobo.globo.com\/sp\/tvtem\/sorocaba-e-regiao\/programacao\/?region=sorocaba-e-regiao#20170330527359\"><strong>Programa\u00e7\u00e3o<\/strong><\/a><strong> | <\/strong><a class href=\"https:\/\/redeglobo.globo.com\/sp\/tvtem\/noticia\/videos-acesse-os-catalogos-dos-programas-da-tv-tem.ghtml\"><strong>V\u00eddeos<\/strong><\/a><strong> | <\/strong><a class href=\"https:\/\/redeglobo.globo.com\/sp\/tvtem\/noticia\/pela-web-confira-os-enderecos-oficiais-da-tv-tem-nas-redes-sociais.ghtml\"><strong>Redes sociais<\/strong><\/a> <\/p>\n<ul>\n<li> <a href=\"https:\/\/g1.globo.com\/sp\/sao-jose-do-rio-preto-aracatuba\/cidade\/nova-granada\/\" class=\"entities__list-itemLink\" data-track-click=\"Nova Granada\"> Nova Granada <\/a> <\/li>\n<li> <a href=\"https:\/\/g1.globo.com\/sp\/sao-jose-do-rio-preto-aracatuba\/cidade\/olimpia\/\" class=\"entities__list-itemLink\" data-track-click=\"Ol\u00edmpia\"> Ol\u00edmpia <\/a> <\/li>\n<\/ul>\n","protected":false},"excerpt":{"rendered":"<p>1 de 1&#013;Safra do mel \u00e9 beneficiada pelas flores da primavera \u2014 Foto: Reprodu\u00e7\u00e3o\/TV TEM Safra do mel \u00e9 beneficiada pelas flores da primavera \u2014 Foto: Reprodu\u00e7\u00e3o\/TV TEM A esta\u00e7\u00e3o mais florida do ano marca, tamb\u00e9m, o in\u00edcio da safra de mel em boa parte do pa\u00eds. Por\u00e9m, a florada tardia no noroeste paulista deve [&hellip;]<\/p>\n","protected":false},"author":1,"featured_media":0,"comment_status":"closed","ping_status":"closed","sticky":false,"template":"","format":"standard","meta":{"footnotes":""},"categories":[],"tags":[],"class_list":["post-53962","post","type-post","status-publish","format-standard","hentry"],"_links":{"self":[{"href":"https:\/\/blog.corretoraideal.com.br\/index.php\/wp-json\/wp\/v2\/posts\/53962","targetHints":{"allow":["GET"]}}],"collection":[{"href":"https:\/\/blog.corretoraideal.com.br\/index.php\/wp-json\/wp\/v2\/posts"}],"about":[{"href":"https:\/\/blog.corretoraideal.com.br\/index.php\/wp-json\/wp\/v2\/types\/post"}],"author":[{"embeddable":true,"href":"https:\/\/blog.corretoraideal.com.br\/index.php\/wp-json\/wp\/v2\/users\/1"}],"replies":[{"embeddable":true,"href":"https:\/\/blog.corretoraideal.com.br\/index.php\/wp-json\/wp\/v2\/comments?post=53962"}],"version-history":[{"count":1,"href":"https:\/\/blog.corretoraideal.com.br\/index.php\/wp-json\/wp\/v2\/posts\/53962\/revisions"}],"predecessor-version":[{"id":53965,"href":"https:\/\/blog.corretoraideal.com.br\/index.php\/wp-json\/wp\/v2\/posts\/53962\/revisions\/53965"}],"wp:attachment":[{"href":"https:\/\/blog.corretoraideal.com.br\/index.php\/wp-json\/wp\/v2\/media?parent=53962"}],"wp:term":[{"taxonomy":"category","embeddable":true,"href":"https:\/\/blog.corretoraideal.com.br\/index.php\/wp-json\/wp\/v2\/categories?post=53962"},{"taxonomy":"post_tag","embeddable":true,"href":"https:\/\/blog.corretoraideal.com.br\/index.php\/wp-json\/wp\/v2\/tags?post=53962"}],"curies":[{"name":"wp","href":"https:\/\/api.w.org\/{rel}","templated":true}]}}