{"id":53966,"date":"2023-10-08T17:32:43","date_gmt":"2023-10-08T17:32:43","guid":{"rendered":"https:\/\/blog.corretoraideal.com.br\/?p=53966"},"modified":"2023-10-08T17:32:43","modified_gmt":"2023-10-08T17:32:43","slug":"vestibular-2024-do-cederj-tem-prazo-para-isencao-de-taxa-e-pre-inscricao-no-sistema-de-cota-ate-segunda-regiao-serrana-g1","status":"publish","type":"post","link":"https:\/\/blog.corretoraideal.com.br\/index.php\/2023\/10\/08\/vestibular-2024-do-cederj-tem-prazo-para-isencao-de-taxa-e-pre-inscricao-no-sistema-de-cota-ate-segunda-regiao-serrana-g1\/","title":{"rendered":"Vestibular 2024 do Cederj tem prazo para isen\u00e7\u00e3o de taxa e pr\u00e9-inscri\u00e7\u00e3o no sistema de cota at\u00e9 segunda | Regi\u00e3o Serrana | G1"},"content":{"rendered":"\n<p> Os candidatos interessados em fazer o vestibular 2024 para um dos cursos do Cederj t\u00eam at\u00e9 a pr\u00f3xima segunda-feira (9) para solicitar a isen\u00e7\u00e3o do pagamento da taxa de inscri\u00e7\u00e3o e fazer a pr\u00e9-inscri\u00e7\u00e3o no sistema de cotas, a\u00e7\u00e3o afirmativa e reserva de vagas para professor da rede p\u00fablica. A solicita\u00e7\u00e3o deve ser feita pela internet,<a class href=\"http:\/\/www.cecierj.edu.br\/consorcio-cederj\/vestibular\/2024-1\/\" target=\"_blank\" rel=\"noopener noreferrer\"> no site da Funda\u00e7\u00e3o Cecierj<\/a>. <\/p>\n<p> As informa\u00e7\u00f5es sobre o concurso est\u00e3o <a class href=\"http:\/\/www.cecierj.edu.br\/consorcio-cederj\/vestibular\/2024-1\/\" target=\"_blank\" rel=\"noopener noreferrer\">dispon\u00edveis na internet<\/a>. <\/p>\n<p> O Cons\u00f3rcio Cederj conta com 43 polos instalados em todo o estado do Rio de Janeiro com a oferta de 18 cursos de gradua\u00e7\u00e3o na modalidade semipresencial. A gest\u00e3o do Cons\u00f3rcio Cederj, que re\u00fane institui\u00e7\u00f5es p\u00fablicas de ensino sediadas no Estado do Rio, \u00e9 da Funda\u00e7\u00e3o Cecierj, vinculada \u00e0 Secretaria de Estado de Ci\u00eancia, Tecnologia e Inova\u00e7\u00e3o. <\/p>\n<p><h2>Calend\u00e1rio do Vestibular Cederj<\/h2>\n<\/p>\n<p> Para o vestibular do primeiro semestre de 2024 ser\u00e3o ofertadas mais de 7 mil vagas nos seguintes cursos: <\/p>\n<ul>\n<li>Administra\u00e7\u00e3o, Administra\u00e7\u00e3o P\u00fablica, Ci\u00eancias Cont\u00e1beis, Engenharia de Produ\u00e7\u00e3o, Engenharia Meteorol\u00f3gica, Licenciatura em Ci\u00eancias Biol\u00f3gicas, Licenciatura em F\u00edsica, Licenciatura em Geografia, Licenciatura em Hist\u00f3ria, Licenciatura em Letras, Licenciatura em Matem\u00e1tica, Licenciatura em Pedagogia, Licenciatura em Qu\u00edmica, Licenciatura em Turismo, Tecnologia em Sistemas de Computa\u00e7\u00e3o, Tecnologia em Seguran\u00e7a P\u00fablica e Tecnologia em Gest\u00e3o de Turismo. <\/li>\n<\/ul>\n<p> O resultado da solicita\u00e7\u00e3o de isen\u00e7\u00e3o da taxa de inscri\u00e7\u00e3o ser\u00e1 divulgado no dia 27 de outubro na p\u00e1gina do Vestibular e aqueles que tiverem os pedidos aceitos dever\u00e3o retornar, obrigatoriamente, ao site para concluir a inscri\u00e7\u00e3o no processo seletivo.\u00a0 <\/p>\n<p> Para quem far\u00e1 o pagamento da taxa, o prazo de inscri\u00e7\u00e3o come\u00e7a no dia 10 de outubro e vai at\u00e9 12 de novembro. A taxa \u00e9 no valor de R$ 89,90 e pode ser paga at\u00e9 13 de novembro. A prova ser\u00e1 realizada no dia 17 de dezembro, domingo. <\/p>\n<p> Os aprovados ser\u00e3o alunos matriculados em uma das sete institui\u00e7\u00f5es de ensino superior do Cons\u00f3rcio Cederj: <\/p>\n<li>Centro Federal de Educa\u00e7\u00e3o Tecnol\u00f3gica Celso Suckow da Fonseca (Cefet\/RJ)<\/li>\n<li>Universidade Estadual do Norte Fluminense (Uenf)<\/li>\n<li>Universidade do Estado do Rio de Janeiro (Uerj)<\/li>\n<li>Universidade Federal Fluminense (UFF)<\/li>\n<li>Universidade Federal do Rio de Janeiro (UFRJ)<\/li>\n<li>Universidade Federal Rural do Rio de Janeiro (UFRRJ)<\/li>\n<li>Universidade Federal do Estado do Rio de Janeiro (UniRio). <\/li>\n<ul> <\/ul>\n","protected":false},"excerpt":{"rendered":"<p>Os candidatos interessados em fazer o vestibular 2024 para um dos cursos do Cederj t\u00eam at\u00e9 a pr\u00f3xima segunda-feira (9) para solicitar a isen\u00e7\u00e3o do pagamento da taxa de inscri\u00e7\u00e3o e fazer a pr\u00e9-inscri\u00e7\u00e3o no sistema de cotas, a\u00e7\u00e3o afirmativa e reserva de vagas para professor da rede p\u00fablica. A solicita\u00e7\u00e3o deve ser feita pela [&hellip;]<\/p>\n","protected":false},"author":1,"featured_media":0,"comment_status":"closed","ping_status":"closed","sticky":false,"template":"","format":"standard","meta":{"footnotes":""},"categories":[],"tags":[],"class_list":["post-53966","post","type-post","status-publish","format-standard","hentry"],"_links":{"self":[{"href":"https:\/\/blog.corretoraideal.com.br\/index.php\/wp-json\/wp\/v2\/posts\/53966","targetHints":{"allow":["GET"]}}],"collection":[{"href":"https:\/\/blog.corretoraideal.com.br\/index.php\/wp-json\/wp\/v2\/posts"}],"about":[{"href":"https:\/\/blog.corretoraideal.com.br\/index.php\/wp-json\/wp\/v2\/types\/post"}],"author":[{"embeddable":true,"href":"https:\/\/blog.corretoraideal.com.br\/index.php\/wp-json\/wp\/v2\/users\/1"}],"replies":[{"embeddable":true,"href":"https:\/\/blog.corretoraideal.com.br\/index.php\/wp-json\/wp\/v2\/comments?post=53966"}],"version-history":[{"count":1,"href":"https:\/\/blog.corretoraideal.com.br\/index.php\/wp-json\/wp\/v2\/posts\/53966\/revisions"}],"predecessor-version":[{"id":53968,"href":"https:\/\/blog.corretoraideal.com.br\/index.php\/wp-json\/wp\/v2\/posts\/53966\/revisions\/53968"}],"wp:attachment":[{"href":"https:\/\/blog.corretoraideal.com.br\/index.php\/wp-json\/wp\/v2\/media?parent=53966"}],"wp:term":[{"taxonomy":"category","embeddable":true,"href":"https:\/\/blog.corretoraideal.com.br\/index.php\/wp-json\/wp\/v2\/categories?post=53966"},{"taxonomy":"post_tag","embeddable":true,"href":"https:\/\/blog.corretoraideal.com.br\/index.php\/wp-json\/wp\/v2\/tags?post=53966"}],"curies":[{"name":"wp","href":"https:\/\/api.w.org\/{rel}","templated":true}]}}