{"id":53973,"date":"2023-10-09T00:50:43","date_gmt":"2023-10-09T00:50:43","guid":{"rendered":"https:\/\/blog.corretoraideal.com.br\/?p=53973"},"modified":"2023-10-09T00:50:43","modified_gmt":"2023-10-09T00:50:43","slug":"violencia-guarus-adolescente-e-morto-a-tiros-em-frente-a-igreja-e-outro-homem-e-baleado-na-comunidade-do-sapo-em-campos-norte-fluminense-g1","status":"publish","type":"post","link":"https:\/\/blog.corretoraideal.com.br\/index.php\/2023\/10\/09\/violencia-guarus-adolescente-e-morto-a-tiros-em-frente-a-igreja-e-outro-homem-e-baleado-na-comunidade-do-sapo-em-campos-norte-fluminense-g1\/","title":{"rendered":"Viol\u00eancia Guarus: Adolescente \u00e9 morto a tiros em frente \u00e0 Igreja, e outro homem \u00e9 baleado na Comunidade do Sapo em Campos | Norte Fluminense | G1"},"content":{"rendered":"\n<p> Na noite deste s\u00e1bado (7), um adolescente identificado como Jhonatan de Souza Gomes foi morto a tiros em frente a uma igreja localizada na rua Tenente Laurentino Nunes, no Parque S\u00e3o Jos\u00e9, no distrito de Guarus, em <a class href=\"https:\/\/g1.globo.com\/rj\/norte-fluminense\/cidade\/campos-dos-goytacazes\/\">Campos dos Goytacazes<\/a>, no Norte Fluminense. Segundo a Pol\u00edcia Militar, testemunhas relataram que os criminosos chegaram ao local em um ve\u00edculo HB20 de cor prata, chamaram a v\u00edtima para fora da igreja e efetuaram os disparos. <\/p>\n<p> O jovem foi socorrido e encaminhado para o Hospital Ferreira Machado (HFM), mas n\u00e3o resistiu aos ferimentos. Outro homem, de 32 anos, foi baleado enquanto estava parado na esquina da rua Dois, na Comunidade do Sapo I. De acordo com a PM, um homem a p\u00e9 se aproximou da v\u00edtima e disparou em sua dire\u00e7\u00e3o, em seguida fugindo ao pular muros de casas pr\u00f3ximas. <\/p>\n<p> O homem sofreu ferimentos leves no ombro direito, foi encaminhado para o Hospital Ferreira Machado (HFM) e posteriormente liberado. <\/p>\n<p> A Pol\u00edcia est\u00e1 investigando os casos. At\u00e9 o momento, n\u00e3o h\u00e1 informa\u00e7\u00f5es sobre a motiva\u00e7\u00e3o do ataque ou a autoria do crime. O caso foi registrado na 146\u00aa DP\/Guarus. <\/p>\n<ul>\n<li> <a href=\"https:\/\/g1.globo.com\/rj\/norte-fluminense\/cidade\/campos-dos-goytacazes\/\" class=\"entities__list-itemLink\" data-track-click=\"Campos dos Goytacazes\"> Campos dos Goytacazes <\/a> <\/li>\n<\/ul>\n","protected":false},"excerpt":{"rendered":"<p>Na noite deste s\u00e1bado (7), um adolescente identificado como Jhonatan de Souza Gomes foi morto a tiros em frente a uma igreja localizada na rua Tenente Laurentino Nunes, no Parque S\u00e3o Jos\u00e9, no distrito de Guarus, em Campos dos Goytacazes, no Norte Fluminense. Segundo a Pol\u00edcia Militar, testemunhas relataram que os criminosos chegaram ao local [&hellip;]<\/p>\n","protected":false},"author":1,"featured_media":0,"comment_status":"closed","ping_status":"closed","sticky":false,"template":"","format":"standard","meta":{"footnotes":""},"categories":[],"tags":[],"class_list":["post-53973","post","type-post","status-publish","format-standard","hentry"],"_links":{"self":[{"href":"https:\/\/blog.corretoraideal.com.br\/index.php\/wp-json\/wp\/v2\/posts\/53973","targetHints":{"allow":["GET"]}}],"collection":[{"href":"https:\/\/blog.corretoraideal.com.br\/index.php\/wp-json\/wp\/v2\/posts"}],"about":[{"href":"https:\/\/blog.corretoraideal.com.br\/index.php\/wp-json\/wp\/v2\/types\/post"}],"author":[{"embeddable":true,"href":"https:\/\/blog.corretoraideal.com.br\/index.php\/wp-json\/wp\/v2\/users\/1"}],"replies":[{"embeddable":true,"href":"https:\/\/blog.corretoraideal.com.br\/index.php\/wp-json\/wp\/v2\/comments?post=53973"}],"version-history":[{"count":1,"href":"https:\/\/blog.corretoraideal.com.br\/index.php\/wp-json\/wp\/v2\/posts\/53973\/revisions"}],"predecessor-version":[{"id":53975,"href":"https:\/\/blog.corretoraideal.com.br\/index.php\/wp-json\/wp\/v2\/posts\/53973\/revisions\/53975"}],"wp:attachment":[{"href":"https:\/\/blog.corretoraideal.com.br\/index.php\/wp-json\/wp\/v2\/media?parent=53973"}],"wp:term":[{"taxonomy":"category","embeddable":true,"href":"https:\/\/blog.corretoraideal.com.br\/index.php\/wp-json\/wp\/v2\/categories?post=53973"},{"taxonomy":"post_tag","embeddable":true,"href":"https:\/\/blog.corretoraideal.com.br\/index.php\/wp-json\/wp\/v2\/tags?post=53973"}],"curies":[{"name":"wp","href":"https:\/\/api.w.org\/{rel}","templated":true}]}}