{"id":53980,"date":"2023-10-09T05:29:36","date_gmt":"2023-10-09T05:29:36","guid":{"rendered":"https:\/\/blog.corretoraideal.com.br\/?p=53980"},"modified":"2023-10-09T05:29:36","modified_gmt":"2023-10-09T05:29:36","slug":"publico-pode-escolher-nome-de-moeda-social-que-sera-adotada-em-macae-ate-domingo-veja-as-opcoes-norte-fluminense-g1","status":"publish","type":"post","link":"https:\/\/blog.corretoraideal.com.br\/index.php\/2023\/10\/09\/publico-pode-escolher-nome-de-moeda-social-que-sera-adotada-em-macae-ate-domingo-veja-as-opcoes-norte-fluminense-g1\/","title":{"rendered":"P\u00fablico pode escolher nome de moeda social que ser\u00e1 adotada em Maca\u00e9 at\u00e9 domingo; veja as op\u00e7\u00f5es | Norte Fluminense | G1"},"content":{"rendered":"<p>      1 de 1&#013;Nomes de \u00edcones e personalidades hist\u00f3ricas dispon\u00edveis para vota\u00e7\u00e3o para dar nome \u00e0 moeda social e Maca\u00e9 \u2014 Foto: Reprodu\u00e7\u00e3o\/Prefeitura de Maca\u00e9    <\/p>\n<p> Nomes de \u00edcones e personalidades hist\u00f3ricas dispon\u00edveis para vota\u00e7\u00e3o para dar nome \u00e0 moeda social e Maca\u00e9 \u2014 Foto: Reprodu\u00e7\u00e3o\/Prefeitura de Maca\u00e9 <\/p>\n<p> Voi prorrogado, em <a class href=\"https:\/\/g1.globo.com\/rj\/regiao-dos-lagos\/cidade\/macae\/\">Maca\u00e9<\/a>, no Norte Fluminense, o prazo de vota\u00e7\u00e3o p\u00fablica para a escolha do nome da moeda social que ser\u00e1 implementada pela Prefeitura. A vota\u00e7\u00e3o que terminaria nesta sexta-feira (6), agora segue at\u00e9 domingo (8) e est\u00e1 dispon\u00edvel no site da Prefeitura, no seguinte link: <a class href=\"http:\/\/moedasocial.macae.rj.gov.br\" target=\"_blank\" rel=\"noopener noreferrer\">moedasocial.macae.rj.gov.br<\/a> <\/p>\n<p> Est\u00e3o dispon\u00edveis cinco op\u00e7\u00f5es: Carukango, Farolito, Maca\u00edba, Miqui\u00e9 e Santana. <\/p>\n<p> Quem visitar o site ainda vai poder assistir v\u00eddeos de especialistas explicando sobre a origem e import\u00e2ncia hist\u00f3rica de cada nome sugerido. Veja a seguir: <\/p>\n<p><h2>1 &#8211; Carukango<\/h2>\n<\/p>\n<p> <strong>Explica\u00e7\u00e3o Meynardo Rocha de Carvalho, historiador:<\/strong> <\/p>\n<p> &quot;A partir do revisionismo hist\u00f3rico, a palavra Carukango, nos dias de hoje, \u00e9 uma palavra que nos remete ao sentimento de resist\u00eancia, de empoderamento e de for\u00e7a a partir da trajet\u00f3ria de um negro africano, escravizado na regi\u00e3o de Mo\u00e7ambique, e trazido para ser vendido na regi\u00e3o de Maca\u00e9 como uma mercadoria. Depois de passar pelas agruras da escravid\u00e3o, como todos os negros da sua \u00e9poca, Carukango fugiu da sua fazenda original e se tornou um l\u00edder quilombola, do famoso quilombo de Carukango. Carukango resistiu bravamente a in\u00fameras tentativas de invas\u00e3o e plantou naqueles negros, seus iguais seus irm\u00e3os, a semente da resist\u00eancia, a semente da liberdade, conquistada por for\u00e7a pr\u00f3pria. No momento em que Maca\u00e9 discute a implanta\u00e7\u00e3o de uma moeda social eu convido a voc\u00eas a conhecerem as outras possibilidades de nomes e fazerem a escolha de um que seja adequado a essa moeda&quot;. <\/p>\n<p><h2>2 &#8211; Farolito<\/h2>\n<\/p>\n<p> <strong>Explica\u00e7\u00e3o de Ricardo Meirelles, professor de hist\u00f3ria e dramaturgo: <\/strong> <\/p>\n<p> &quot;Acho muito interessante Maca\u00e9 ter uma moeda social. Sugiro o nome do Farolito porque \u00e9 um s\u00edmbolo da cidade. Farolito \u00e9 um pequeno farol que servia de aviso aos navegantes para n\u00e3o se aproximarem muito da costa ou encalharem ou baterem nas pedras. O Farolito tamb\u00e9m \u00e9 um s\u00edmbolo da juventude que apropriou desse point e que vai constantemente \u00e0 cidade fazer uma visita a esse pequeno farol que ainda existe at\u00e9 hoje. Hoje est\u00e1 sendo recuperado esse local, aonde a juventude continua a\u00ed frequentando, vendo e mantendo a hist\u00f3ria viva dessa cidade. Sugiro que voc\u00eas vejam outros nomes e aprovem um deles para ser a nossa moeda social.&quot; <\/p>\n<p><h2>3 &#8211; Maca\u00edba<\/h2>\n<\/p>\n<p> <strong>Explica\u00e7\u00e3o de H\u00e9lder Santana, publicit\u00e1rio, produtor audiovisual e servidor p\u00fablico:<\/strong> <\/p>\n<p> &quot;T\u00f4 aqui para falar com voc\u00ea sobre a enquete que vai escolher o nome de nossa nova moeda social, que vai trazer mais solidariedade e fortalecimento pra nossa economia local. Um dos nomes sugeridos foi Maca\u00edba. Maca\u00edba \u00e9 uma \u00e1rvore, uma palm\u00e1cia, que est\u00e1, inclusive, representada em nossa bandeira. Essa \u00e1rvore d\u00e1 um fruto chamado &#x27;macaba doce&#x27; ou &#x27;macae e&#x27;. Segundo uma das teorias mais aceitas, esse voc\u00e1bulo &#x27;maca e&#x27; d\u00e1 origem ao nome de Maca\u00e9, o nome de nossa cidade&quot;. <\/p>\n<p><h2>4 &#8211; Miqui\u00e9<\/h2>\n<\/p>\n<p> <strong>Explica\u00e7\u00e3o de Ruben Pereira, memorialista, m\u00fasico e poeta:<\/strong> <\/p>\n<p> &quot;Convido voc\u00eas a conhecerem agora um pouquinho sobre o termo Miquei\u00e9. Miquei\u00e9 \u00e9 um termo ind\u00edgena, ancestral, que acabou dando no nome que n\u00f3s hoje temos em nossa cidade, que \u00e9 Maca\u00e9. Miquei\u00e9 remete a uma hist\u00f3ria muito antiga de nossa regi\u00e3o, da ocupa\u00e7\u00e3o de nosso litoral, e, com o passar do tempo, o que era Miquei\u00e9 foi se tornando Maca\u00e9. \u00c9 importante a gente atentar que Maca\u00e9 \u00e9 uma palavra de origem ind\u00edgena, e Miquei\u00e9 \u00e9 a origem dessa palavra. E Miquei\u00e9 tamb\u00e9m \u00e9 o nome dado ao nosso rio, conhecido como Rio dos Bagres. Ent\u00e3o \u00e9 um nome nosso bem ancestral, faz parte da nossa hist\u00f3ria mais antiga, faz parte da origem de toda ocupa\u00e7\u00e3o desse territ\u00f3rio. Convido voc\u00eas a conhecerem os outros termos que a gente vai estar apresentando por aqui e conhecer um pouco mais sobre a moeda social&quot;. <\/p>\n<p><h2>5 &#8211; Santana<\/h2>\n<\/p>\n<p> <strong>Explica\u00e7\u00e3o de Grazielle Heguedusch, turismol\u00f3ga e memorialista e especialista em conte\u00fados sobre Maca\u00e9.<\/strong> <\/p>\n<p> &quot;\u00c9 com imenso prazer que hoje eu venho aqui para falar um pouco sobre a moeda social que vai ser implantada em Maca\u00e9, e que voc\u00ea vai poder nos ajudar a escolher o nome. Entre os diversos nomes ic\u00f4nicos que remetem a marcos hist\u00f3ricos e patrimoniais do munic\u00edpio est\u00e1 o nome Santana. Santana \u00e9 o nome da igreja que fica no alto do morro, que \u00e9 a constru\u00e7\u00e3o mais antiga ainda em p\u00e9 aqui em Maca\u00e9, pois sua parte primitiva data de 1630. E al\u00e9m de ter passado por v\u00e1rios ciclos econ\u00f4micos e pol\u00edticos, ter presenciado tanta evolu\u00e7\u00e3o no munic\u00edpio, a igreja tamb\u00e9m \u00e9 portadora de uma lenda, a lenda da santa fujona, que acaba originando tamb\u00e9m o nome da Ilha de Santana. Esse \u00e9 um nome muito importante, quando se trata de patrim\u00f4nio, hist\u00f3ria e mem\u00f3ria aqui em Maca\u00e9, e tem os outros nomes que eu convido voc\u00ea a conhecer e a votar no que voc\u00ea mais gostar&quot;. <\/p>\n<p><h2>Sobre a Moeda Social<\/h2>\n<\/p>\n<p> A Moeda Social faz parte da Lei 5.075\/2023 que institui a Pol\u00edtica Municipal de Economia Popular, Justa e Solid\u00e1ria, o Programa Municipal de Combate \u00e0 Pobreza e \u00e0s Desigualdades. <\/p>\n<p> A opera\u00e7\u00e3o vai ocorrer em forma de moeda eletr\u00f4nica local, uma alternativa para realizar transa\u00e7\u00f5es digitais de pagamentos e opera\u00e7\u00f5es de cr\u00e9dito, e ser\u00e1 utilizada para pagamento do Programa de Transfer\u00eancia de Renda da Prefeitura, e outros benef\u00edcios. Cada unidade da Moeda Social de Maca\u00e9 corresponde a R$ 1,00. <\/p>\n<p> A proposta \u00e9 reduzir a desigualdade e fomentar o com\u00e9rcio local ao ampliar o poder de compra da pessoa em vulnerabilidade social e adotar medidas para impulsionar o desenvolvimento econ\u00f4mico. <\/p>\n<p> &quot;O benef\u00edcio da Moeda Social ser\u00e1 pago, mensalmente, por meio de cart\u00e3o magn\u00e9tico ou outro meio eletr\u00f4nico estabelecido, por interm\u00e9dio da Moeda Social de Maca\u00e9, com a identifica\u00e7\u00e3o do benefici\u00e1rio, da seguinte forma: benef\u00edcio correspondente a R$ 150,00, a ser pago ao respons\u00e1vel pelo n\u00facleo familiar; benef\u00edcio adicional correspondente a R$ 150,00, a ser pago ao c\u00f4njuge do n\u00facleo familiar; benef\u00edcio adicional correspondente a R$ 75,00 a ser pago para cada menor componente adicional do n\u00facleo familiar, limitado a at\u00e9 tr\u00eas benef\u00edcios adicionais por fam\u00edlia&quot;, divulga a Prefeitura. <\/p>\n<p> Para os estabelecimentos comerciais abrirem conta para receber os valores da Moeda Social pela venda de seus servi\u00e7os e produtos \u00e9 preciso que os mesmos estejam formalizados. <\/p>\n<p> &quot;O Munic\u00edpio de Maca\u00e9 poder\u00e1 restringir o recebimento da Moeda Social nas grandes redes de supermercados, hipermercados, a fim de garantir competi\u00e7\u00e3o justa entre as empresas locais&quot;, explica a Prefeitura. <\/p>\n<ul>\n<li> <a href=\"https:\/\/g1.globo.com\/rj\/regiao-dos-lagos\/cidade\/macae\/\" class=\"entities__list-itemLink\" data-track-click=\"Maca\u00e9\"> Maca\u00e9 <\/a> <\/li>\n<\/ul>\n","protected":false},"excerpt":{"rendered":"<p>1 de 1&#013;Nomes de \u00edcones e personalidades hist\u00f3ricas dispon\u00edveis para vota\u00e7\u00e3o para dar nome \u00e0 moeda social e Maca\u00e9 \u2014 Foto: Reprodu\u00e7\u00e3o\/Prefeitura de Maca\u00e9 Nomes de \u00edcones e personalidades hist\u00f3ricas dispon\u00edveis para vota\u00e7\u00e3o para dar nome \u00e0 moeda social e Maca\u00e9 \u2014 Foto: Reprodu\u00e7\u00e3o\/Prefeitura de Maca\u00e9 Voi prorrogado, em Maca\u00e9, no Norte Fluminense, o prazo [&hellip;]<\/p>\n","protected":false},"author":1,"featured_media":0,"comment_status":"closed","ping_status":"closed","sticky":false,"template":"","format":"standard","meta":{"footnotes":""},"categories":[],"tags":[],"class_list":["post-53980","post","type-post","status-publish","format-standard","hentry"],"_links":{"self":[{"href":"https:\/\/blog.corretoraideal.com.br\/index.php\/wp-json\/wp\/v2\/posts\/53980","targetHints":{"allow":["GET"]}}],"collection":[{"href":"https:\/\/blog.corretoraideal.com.br\/index.php\/wp-json\/wp\/v2\/posts"}],"about":[{"href":"https:\/\/blog.corretoraideal.com.br\/index.php\/wp-json\/wp\/v2\/types\/post"}],"author":[{"embeddable":true,"href":"https:\/\/blog.corretoraideal.com.br\/index.php\/wp-json\/wp\/v2\/users\/1"}],"replies":[{"embeddable":true,"href":"https:\/\/blog.corretoraideal.com.br\/index.php\/wp-json\/wp\/v2\/comments?post=53980"}],"version-history":[{"count":1,"href":"https:\/\/blog.corretoraideal.com.br\/index.php\/wp-json\/wp\/v2\/posts\/53980\/revisions"}],"predecessor-version":[{"id":53982,"href":"https:\/\/blog.corretoraideal.com.br\/index.php\/wp-json\/wp\/v2\/posts\/53980\/revisions\/53982"}],"wp:attachment":[{"href":"https:\/\/blog.corretoraideal.com.br\/index.php\/wp-json\/wp\/v2\/media?parent=53980"}],"wp:term":[{"taxonomy":"category","embeddable":true,"href":"https:\/\/blog.corretoraideal.com.br\/index.php\/wp-json\/wp\/v2\/categories?post=53980"},{"taxonomy":"post_tag","embeddable":true,"href":"https:\/\/blog.corretoraideal.com.br\/index.php\/wp-json\/wp\/v2\/tags?post=53980"}],"curies":[{"name":"wp","href":"https:\/\/api.w.org\/{rel}","templated":true}]}}