{"id":53987,"date":"2023-10-09T10:37:46","date_gmt":"2023-10-09T10:37:46","guid":{"rendered":"https:\/\/blog.corretoraideal.com.br\/?p=53987"},"modified":"2023-10-09T10:37:46","modified_gmt":"2023-10-09T10:37:46","slug":"agentes-da-guarda-civil-de-quissama-comecam-a-aplicar-multas-apos-municipalizacao-do-transito-norte-fluminense-g1","status":"publish","type":"post","link":"https:\/\/blog.corretoraideal.com.br\/index.php\/2023\/10\/09\/agentes-da-guarda-civil-de-quissama-comecam-a-aplicar-multas-apos-municipalizacao-do-transito-norte-fluminense-g1\/","title":{"rendered":"Agentes da Guarda Civil de Quissam\u00e3 come\u00e7am a aplicar multas ap\u00f3s municipaliza\u00e7\u00e3o do tr\u00e2nsito | Norte Fluminense | G1"},"content":{"rendered":"<p>      1 de 2&#013;Tal\u00e3o eletr\u00f4nico sendo usado por agente de tr\u00e2nsito em Quissam\u00e3 \u2014 Foto: Secretaria Municipal de Seguran\u00e7a P\u00fablica e Tr\u00e2nsito\/Divulga\u00e7\u00e3o    <\/p>\n<p> Tal\u00e3o eletr\u00f4nico sendo usado por agente de tr\u00e2nsito em Quissam\u00e3 \u2014 Foto: Secretaria Municipal de Seguran\u00e7a P\u00fablica e Tr\u00e2nsito\/Divulga\u00e7\u00e3o <\/p>\n<p> Os agentes da Guarda Civil de <a class href=\"https:\/\/g1.globo.com\/rj\/norte-fluminense\/cidade\/quissama\/\">Quissam\u00e3<\/a>, no Norte Fluminense, come\u00e7aram a aplicar multas de tr\u00e2nsito nesta ter\u00e7a-feira (3). Antes, a Prefeitura n\u00e3o podia aplicar multas, mas houve a municipaliza\u00e7\u00e3o do tr\u00e2nsito, conclu\u00edda neste ano, e o munic\u00edpio passou a prestar o servi\u00e7o. Trata-se tamb\u00e9m de uma novidade para os motoristas, que, at\u00e9 ent\u00e3o, n\u00e3o eram com multados no tr\u00e2nsito da cidade. <\/p>\n<p> Os guardas civis passaram por treinamento e forma\u00e7\u00e3o para atuarem como agentes de tr\u00e2nsito. E, nas ruas, contam com a ajuda dos tal\u00f5es eletr\u00f4nicos, que registram as infra\u00e7\u00f5es e ainda permitem que dados sejam enviados diretamente para o Sistema Nacional de Tr\u00e2nsito e o Detran-RJ. <\/p>\n<p> Antes de come\u00e7ar a aplicar multas, a Prefeitura explica que foram realizadas a\u00e7\u00f5es educativas em diversos pontos do munic\u00edpio, <a class href=\"https:\/\/g1.globo.com\/rj\/norte-fluminense\/noticia\/2023\/09\/19\/quissama-promove-acoes-na-semana-nacional-do-transito.ghtml\">como as ocorridas em setembro durante a Semana Nacional do Tr\u00e2nsito<\/a>. As atividades envolveram orienta\u00e7\u00e3o dos motoristas, motociclistas e pedestres a respeito da seguran\u00e7a nas vias e normas de tr\u00e2nsito. <\/p>\n<p>         2 de 2&#013;Com o talon\u00e1rio eletr\u00f4nico usado em Quissam\u00e3, os dados s\u00e3o enviados diretamente para o Sistema Nacional de Tr\u00e2nsito e o Detran-RJ \u2014 Foto: Secretaria Municipal de Seguran\u00e7a P\u00fablica e Tr\u00e2nsito\/Divulga\u00e7\u00e3o    <\/p>\n<p> Com o talon\u00e1rio eletr\u00f4nico usado em Quissam\u00e3, os dados s\u00e3o enviados diretamente para o Sistema Nacional de Tr\u00e2nsito e o Detran-RJ \u2014 Foto: Secretaria Municipal de Seguran\u00e7a P\u00fablica e Tr\u00e2nsito\/Divulga\u00e7\u00e3o <\/p>\n<p> &quot;Na lista de infra\u00e7\u00f5es, entre as mais comuns, est\u00e3o o estacionamento de ve\u00edculos em locais proibidos, a n\u00e3o utiliza\u00e7\u00e3o do cinto de seguran\u00e7a e motociclistas sem capacetes&quot;, alerta o munic\u00edpio. <\/p>\n<p> O secret\u00e1rio de Seguran\u00e7a P\u00fablica e Tr\u00e2nsito, Paulo Vitor Arquejada, explica que o sistema executa lavratura do Auto de Infra\u00e7\u00e3o de Tr\u00e2nsito, transfer\u00eancia de dados aos \u00f3rg\u00e3os competentes, e outros registros, tudo de forma remota. <\/p>\n<p> \u201c\u00c9 necess\u00e1rio ressaltar que todas as medidas visam maior mobilidade urbana, redu\u00e7\u00e3o de acidentes e um tr\u00e2nsito mais seguro para motoristas ciclistas e pedestres\u201d, avaliou Arquejada. <\/p>\n<p><h2>Municipaliza\u00e7\u00e3o do tr\u00e2nsito <\/h2>\n<\/p>\n<p> Ao <a class href=\"https:\/\/g1.globo.com\/\"><strong>g1<\/strong><\/a>, a Prefeitura de Quissam\u00e3 explicou que o processo de municipaliza\u00e7\u00e3o do tr\u00e2nsito come\u00e7ou em 2018 e foi finalizado em 2022. Depois, foi necess\u00e1rio fazer ajustes. <\/p>\n<p> Em 18 de julho deste ano, uma audi\u00eancia p\u00fablica foi realizada para esclarecer as etapas do processo, j\u00e1 que o munic\u00edpio pretendia assumir os servi\u00e7os de sinaliza\u00e7\u00e3o, fiscaliza\u00e7\u00e3o, an\u00e1lise e controle de dados estat\u00edsticos, educa\u00e7\u00e3o de tr\u00e2nsito, al\u00e9m da aplica\u00e7\u00e3o de penalidades. <\/p>\n<p> \u201cUma cidade desenvolvida tem investimento na educa\u00e7\u00e3o, sa\u00fade, assist\u00eancia, saneamento b\u00e1sico e, tamb\u00e9m, no tr\u00e2nsito. Estamos em uma cidade com tantos avan\u00e7os, mas com inseguran\u00e7a no tr\u00e2nsito. Estamos em fase de implanta\u00e7\u00e3o de uma s\u00e9rie de fiscaliza\u00e7\u00f5es, com um processo constru\u00eddo com aten\u00e7\u00e3o, passando por a\u00e7\u00f5es educativas, sinaliza\u00e7\u00e3o, entre outras quest\u00f5es\u201d, disse a prefeita F\u00e1tima Pacheco, na ocasi\u00e3o. <\/p>\n<p> <strong>Conhe\u00e7a o hist\u00f3rico do processo de municipaliza\u00e7\u00e3o do tr\u00e2nsito em Quissam\u00e3.<\/strong> <\/p>\n<ul>\n<li><strong>2018 &#8211; <\/strong>Cria\u00e7\u00e3o do Departamento Municipal de Tr\u00e2nsito (Demutran) e da Junta Administrativa de Recursos de Infra\u00e7\u00f5es (JARI) atrav\u00e9s da Lei Municipal N\u00ba 1781. <\/li>\n<li><strong>2021 &#8211; <\/strong>Foi aberto o per\u00edodo de forma\u00e7\u00e3o dos agentes da Guarda Civil Municipal (GCM) para exercerem a fun\u00e7\u00e3o de Agente da Autoridade de Tr\u00e2nsito. <\/li>\n<li><strong>2022 &#8211;<\/strong> Ap\u00f3s todos os passos definidos, o processo de Municipaliza\u00e7\u00e3o do Tr\u00e2nsito foi concedido a Quissam\u00e3, que p\u00f4de iniciar o processo de organiza\u00e7\u00e3o do tr\u00e2nsito.<\/li>\n<\/ul>\n<p> Entre as a\u00e7\u00f5es no per\u00edodo de desenvolvimento da municipaliza\u00e7\u00e3o, a Guarda Civil Municipal (GCM), al\u00e9m da forma\u00e7\u00e3o dos agentes houve reuni\u00f5es com representantes de \u00f3rg\u00e3os como o Detran-RJ e Contran, a\u00e7\u00f5es educativas de orienta\u00e7\u00e3o no tr\u00e2nsito e apoio \u00e0s blitz educativas da Pol\u00edcia Militar. <\/p>\n<ul>\n<li> <a href=\"https:\/\/g1.globo.com\/rj\/norte-fluminense\/cidade\/quissama\/\" class=\"entities__list-itemLink\" data-track-click=\"Quissam\u00e3\"> Quissam\u00e3 <\/a> <\/li>\n<\/ul>\n","protected":false},"excerpt":{"rendered":"<p>1 de 2&#013;Tal\u00e3o eletr\u00f4nico sendo usado por agente de tr\u00e2nsito em Quissam\u00e3 \u2014 Foto: Secretaria Municipal de Seguran\u00e7a P\u00fablica e Tr\u00e2nsito\/Divulga\u00e7\u00e3o Tal\u00e3o eletr\u00f4nico sendo usado por agente de tr\u00e2nsito em Quissam\u00e3 \u2014 Foto: Secretaria Municipal de Seguran\u00e7a P\u00fablica e Tr\u00e2nsito\/Divulga\u00e7\u00e3o Os agentes da Guarda Civil de Quissam\u00e3, no Norte Fluminense, come\u00e7aram a aplicar multas de [&hellip;]<\/p>\n","protected":false},"author":1,"featured_media":0,"comment_status":"closed","ping_status":"closed","sticky":false,"template":"","format":"standard","meta":{"footnotes":""},"categories":[],"tags":[],"class_list":["post-53987","post","type-post","status-publish","format-standard","hentry"],"_links":{"self":[{"href":"https:\/\/blog.corretoraideal.com.br\/index.php\/wp-json\/wp\/v2\/posts\/53987","targetHints":{"allow":["GET"]}}],"collection":[{"href":"https:\/\/blog.corretoraideal.com.br\/index.php\/wp-json\/wp\/v2\/posts"}],"about":[{"href":"https:\/\/blog.corretoraideal.com.br\/index.php\/wp-json\/wp\/v2\/types\/post"}],"author":[{"embeddable":true,"href":"https:\/\/blog.corretoraideal.com.br\/index.php\/wp-json\/wp\/v2\/users\/1"}],"replies":[{"embeddable":true,"href":"https:\/\/blog.corretoraideal.com.br\/index.php\/wp-json\/wp\/v2\/comments?post=53987"}],"version-history":[{"count":1,"href":"https:\/\/blog.corretoraideal.com.br\/index.php\/wp-json\/wp\/v2\/posts\/53987\/revisions"}],"predecessor-version":[{"id":53989,"href":"https:\/\/blog.corretoraideal.com.br\/index.php\/wp-json\/wp\/v2\/posts\/53987\/revisions\/53989"}],"wp:attachment":[{"href":"https:\/\/blog.corretoraideal.com.br\/index.php\/wp-json\/wp\/v2\/media?parent=53987"}],"wp:term":[{"taxonomy":"category","embeddable":true,"href":"https:\/\/blog.corretoraideal.com.br\/index.php\/wp-json\/wp\/v2\/categories?post=53987"},{"taxonomy":"post_tag","embeddable":true,"href":"https:\/\/blog.corretoraideal.com.br\/index.php\/wp-json\/wp\/v2\/tags?post=53987"}],"curies":[{"name":"wp","href":"https:\/\/api.w.org\/{rel}","templated":true}]}}