{"id":53990,"date":"2023-10-09T12:32:24","date_gmt":"2023-10-09T12:32:24","guid":{"rendered":"https:\/\/blog.corretoraideal.com.br\/?p=53990"},"modified":"2023-10-09T12:32:24","modified_gmt":"2023-10-09T12:32:24","slug":"dolar-abre-em-alta-com-cautela-por-guerra-no-oriente-medio-economia-g1","status":"publish","type":"post","link":"https:\/\/blog.corretoraideal.com.br\/index.php\/2023\/10\/09\/dolar-abre-em-alta-com-cautela-por-guerra-no-oriente-medio-economia-g1\/","title":{"rendered":"D\u00f3lar abre em alta, com cautela por guerra no Oriente M\u00e9dio | Economia | G1"},"content":{"rendered":"<p>      1 de 1&#013;D\u00f3lar opera em alta \u2014 Foto: Karolina Grabowska    <\/p>\n<p> D\u00f3lar opera em alta \u2014 Foto: Karolina Grabowska <\/p>\n<p> O d\u00f3lar abriu em alta nesta segunda-feira (9), refletindo a cautela que toma conta dos mercados em n\u00edvel global por conta da guerra entre Israel e Hamas. <\/p>\n<p> Al\u00e9m do conflito, que gera uma s\u00e9rie de preocupa\u00e7\u00f5es, a semana &#8211; que \u00e9 mais curta por conta do feriado do dia de Nossa Senhora de Aparecida &#8211; tamb\u00e9m \u00e9 marcada por divulga\u00e7\u00f5es importantes, como infla\u00e7\u00e3o no Brasil, <a class href=\"https:\/\/g1.globo.com\/tudo-sobre\/estados-unidos\/\">Estados Unidos<\/a> e China, e a ata da \u00faltima reuni\u00e3o do Federal Reserve (<a class href=\"https:\/\/g1.globo.com\/tudo-sobre\/fed\/\">Fed<\/a>, o banco central americano). <\/p>\n<p> <strong>Veja abaixo o dia nos mercados.<\/strong> <\/p>\n<p><h2>D\u00f3lar<\/h2>\n<\/p>\n<p> \u00c0s 09h05, a moeda norte-americana subia 0,15%, cotada a R$ 5,1694. <a class href=\"https:\/\/valor.globo.com\/valor-data\/\">Veja mais cota\u00e7\u00f5es.<\/a> <\/p>\n<p> Na \u00faltima sexta-feira, o d\u00f3lar fechou em baixa de 0,14%, vendido a R$ 5,1615, depois de operar em alta em boa parte do preg\u00e3o. Na m\u00e1xima do dia, a moeda chegou a R$ 5,2207. O d\u00f3lar n\u00e3o ficava acima do patamar dos R$ 5,20 desde mar\u00e7o deste ano. Com o resultado, a moeda passou a acumular:  <\/p>\n<ul>\n<li><strong>altas de 2,68% na semana e no m\u00eas; <\/strong><\/li>\n<li><strong>queda de 2,21% no ano.<\/strong><\/li>\n<\/ul>\n<p><h2><a class href=\"https:\/\/g1.globo.com\/tudo-sobre\/ibovespa\/\">Ibovespa<\/a><\/h2>\n<\/p>\n<p> O <a class href=\"https:\/\/g1.globo.com\/tudo-sobre\/ibovespa\/\">Ibovespa<\/a> s\u00f3 opera a partir das 10h. <\/p>\n<p> Na \u00faltima sexta-feira, o \u00edndice fechou em alta de 0,78%, aos 114.170 pontos. Com o resultado, passou a acumular: <\/p>\n<ul>\n<li><strong>quedas de 1,92% na semana e no m\u00eas;<\/strong><\/li>\n<li><strong>alta de 4,19% no ano.<\/strong><\/li>\n<\/ul>\n<p> <strong>LEIA TAMB\u00c9M<\/strong> <\/p>\n<ul>\n<li><strong>DINHEIRO OU CART\u00c3O? <\/strong><a class href=\"https:\/\/g1.globo.com\/economia\/noticia\/2022\/03\/26\/dinheiro-ou-cartao-qual-a-melhor-forma-de-levar-dolares-em-viagens.ghtml\">Qual a melhor forma de levar d\u00f3lares em viagens?<\/a><\/li>\n<li><strong>D\u00d3LAR: <\/strong><a class href=\"https:\/\/g1.globo.com\/economia\/noticia\/2022\/04\/05\/dolar-qual-o-melhor-momento-para-comprar.ghtml\">Qual o melhor momento para comprar a moeda? <\/a><\/li>\n<\/ul>\n<p><h2>O que est\u00e1 mexendo com os mercados?<\/h2>\n<\/p>\n<p> O destaque deste preg\u00e3o no Brasil e no mundo \u00e9 a guerra entre Israel e o Hamas, ap\u00f3s o grupo isl\u00e2mico iniciar uma s\u00e9rie de ataques contra o territ\u00f3rio israelense na madrugada do \u00faltimo s\u00e1bado (7). <\/p>\n<p> Informa\u00e7\u00f5es oficiais dizem que, no terceiro dia de conflitos, j\u00e1 h\u00e1 o registro de mais de 1.200 mortes, entre judeus e palestinos, al\u00e9m de centenas de desaparecidos e feridos. <\/p>\n<p> Entre todos os impactos de uma guerra, do ponto de vista dos mercados, a maior preocupa\u00e7\u00e3o financeira \u00e9 com o pre\u00e7o do petr\u00f3leo. A regi\u00e3o \u00e9 um importante ponto log\u00edstico de passagem da commodity e o conflito deve trazer dificuldades nesse transporte. <\/p>\n<p> Al\u00e9m disso, vale destacar que o Ir\u00e3, um dos maiores exportadores de petr\u00f3leo do mundo, \u00e9 apoiador do Hamas. Ent\u00e3o, caso o pa\u00eds decida apoiar a guerra, os impactos sobre a produ\u00e7\u00e3o e oferta da commodity podem ser ainda maiores. <\/p>\n<p> Neste contexto, o pre\u00e7o do petr\u00f3leo dispara quase 4% nos mercados nesta manh\u00e3. Essa alta gera preocupa\u00e7\u00f5es sobre a infla\u00e7\u00e3o ao redor do mundo, j\u00e1 que o petr\u00f3leo \u00e9 mat\u00e9ria-prima essencial para diversas cadeias produtivas &#8211; e, se o pre\u00e7o dele sobe, a tend\u00eancia \u00e9 de press\u00e3o sobre a infla\u00e7\u00e3o, que j\u00e1 est\u00e1 elevada em muitos pa\u00edses, principalmente <a class href=\"https:\/\/g1.globo.com\/tudo-sobre\/estados-unidos\/\">Estados Unidos<\/a>. <\/p>\n<p> A cautela com a guerra tamb\u00e9m faz com que o d\u00f3lar avance frente a outras divisas, uma vez que essa \u00e9 considerada a moeda mais segura do mundo e, em momentos de incerteza, investidores corram para ela. <\/p>\n<p> No radar do mercado tamb\u00e9m est\u00e1 uma s\u00e9rie de divulga\u00e7\u00f5es importantes que tomam conta da agenda econ\u00f4mica ao longo da semana. <\/p>\n<p> Na quarta-feira, o Instituto Brasileiro de Geografia e Estat\u00edstica (<a class href=\"https:\/\/g1.globo.com\/tudo-sobre\/ibge\/\">IBGE<\/a>) divulga o \u00cdndice de Pre\u00e7os ao Consumidor Amplo (IPCA), que \u00e9 a infla\u00e7\u00e3o oficial do pa\u00eds, de setembro. Nos <a class href=\"https:\/\/g1.globo.com\/tudo-sobre\/estados-unidos\/\">Estados Unidos<\/a>, o <a class href=\"https:\/\/g1.globo.com\/tudo-sobre\/fed\/\">Fed<\/a> divulga ata de sua \u00faltima reuni\u00e3o, que deve trazer novas sinaliza\u00e7\u00f5es sobre o futuro dos juros na maior economia do mundo. <\/p>\n<p> Ainda na quarta, os <a class href=\"https:\/\/g1.globo.com\/tudo-sobre\/estados-unidos\/\">Estados Unidos<\/a> ter\u00e3o dados sobre a infla\u00e7\u00e3o ao produtor em setembro, enquanto na quinta haver\u00e1 a infla\u00e7\u00e3o ao consumidor, assim como na China. <\/p>\n<p> No cen\u00e1rio dom\u00e9stico, o <a class href=\"https:\/\/g1.globo.com\/tudo-sobre\/banco-central-do-brasil\/\">Banco Central do Brasil<\/a> (BC) divulgou <a class href=\"https:\/\/g1.globo.com\/economia\/noticia\/2023\/10\/09\/mercado-financeiro-eleva-estimativa-de-inflacao-para-2024.ghtml\">mais uma edi\u00e7\u00e3o do Boletim Focus &#8211; relat\u00f3rio que re\u00fane as proje\u00e7\u00f5es de economistas do mercado financeiro para indicadores econ\u00f4micos.<\/a> Nesta semana, as estimativas para a taxa de c\u00e2mbio para o fim de 2023 subiu de R$ 4,95 para R$ 5. Para o fim de 2024, ficou est\u00e1vel em R$ 5,02. <\/p>\n<p> As expectativas para a infla\u00e7\u00e3o no final do ano que vem tamb\u00e9m subiram, passando de 3,87% para 3,88%. Para 2023, a estimativa de infla\u00e7\u00e3o ficou est\u00e1vel em 4,86%, acima da meta do BC , de 3,25%, podendo oscilar entre 1,75% e 4,75%. <\/p>\n<ul>\n<li> <a href=\"https:\/\/g1.globo.com\/tudo-sobre\/bmf-bovespa\/\" class=\"entities__list-itemLink\" data-track-click=\"B3\"> B3 <\/a> <\/li>\n<li> <a href=\"https:\/\/g1.globo.com\/tudo-sobre\/banco-central-do-brasil\/\" class=\"entities__list-itemLink\" data-track-click=\"Banco Central do Brasil\"> Banco Central do Brasil <\/a> <\/li>\n<li> <a href=\"https:\/\/g1.globo.com\/tudo-sobre\/cmn\/\" class=\"entities__list-itemLink\" data-track-click=\"CMN - Conselho Monet\u00e1rio Nacional\"> CMN &#8211; Conselho Monet\u00e1rio Nacional <\/a> <\/li>\n<li> <a href=\"https:\/\/g1.globo.com\/tudo-sobre\/copom\/\" class=\"entities__list-itemLink\" data-track-click=\"Copom\"> Copom <\/a> <\/li>\n<li> <a href=\"https:\/\/g1.globo.com\/tudo-sobre\/estados-unidos\/\" class=\"entities__list-itemLink\" data-track-click=\"Estados Unidos\"> Estados Unidos <\/a> <\/li>\n<li> <a href=\"https:\/\/g1.globo.com\/tudo-sobre\/fed\/\" class=\"entities__list-itemLink\" data-track-click=\"FED\"> FED <\/a> <\/li>\n<li> <a href=\"https:\/\/g1.globo.com\/tudo-sobre\/ibge\/\" class=\"entities__list-itemLink\" data-track-click=\"IBGE\"> IBGE <\/a> <\/li>\n<li> <a href=\"https:\/\/g1.globo.com\/tudo-sobre\/ibovespa\/\" class=\"entities__list-itemLink\" data-track-click=\"Ibovespa\"> Ibovespa <\/a> <\/li>\n<li> <a href=\"https:\/\/g1.globo.com\/tudo-sobre\/supremo-tribunal-federal\/\" class=\"entities__list-itemLink\" data-track-click=\"STF - Supremo Tribunal Federal\"> STF &#8211; Supremo Tribunal Federal <\/a> <\/li>\n<\/ul>\n","protected":false},"excerpt":{"rendered":"<p>1 de 1&#013;D\u00f3lar opera em alta \u2014 Foto: Karolina Grabowska D\u00f3lar opera em alta \u2014 Foto: Karolina Grabowska O d\u00f3lar abriu em alta nesta segunda-feira (9), refletindo a cautela que toma conta dos mercados em n\u00edvel global por conta da guerra entre Israel e Hamas. Al\u00e9m do conflito, que gera uma s\u00e9rie de preocupa\u00e7\u00f5es, a [&hellip;]<\/p>\n","protected":false},"author":1,"featured_media":0,"comment_status":"closed","ping_status":"closed","sticky":false,"template":"","format":"standard","meta":{"footnotes":""},"categories":[],"tags":[],"class_list":["post-53990","post","type-post","status-publish","format-standard","hentry"],"_links":{"self":[{"href":"https:\/\/blog.corretoraideal.com.br\/index.php\/wp-json\/wp\/v2\/posts\/53990","targetHints":{"allow":["GET"]}}],"collection":[{"href":"https:\/\/blog.corretoraideal.com.br\/index.php\/wp-json\/wp\/v2\/posts"}],"about":[{"href":"https:\/\/blog.corretoraideal.com.br\/index.php\/wp-json\/wp\/v2\/types\/post"}],"author":[{"embeddable":true,"href":"https:\/\/blog.corretoraideal.com.br\/index.php\/wp-json\/wp\/v2\/users\/1"}],"replies":[{"embeddable":true,"href":"https:\/\/blog.corretoraideal.com.br\/index.php\/wp-json\/wp\/v2\/comments?post=53990"}],"version-history":[{"count":1,"href":"https:\/\/blog.corretoraideal.com.br\/index.php\/wp-json\/wp\/v2\/posts\/53990\/revisions"}],"predecessor-version":[{"id":53992,"href":"https:\/\/blog.corretoraideal.com.br\/index.php\/wp-json\/wp\/v2\/posts\/53990\/revisions\/53992"}],"wp:attachment":[{"href":"https:\/\/blog.corretoraideal.com.br\/index.php\/wp-json\/wp\/v2\/media?parent=53990"}],"wp:term":[{"taxonomy":"category","embeddable":true,"href":"https:\/\/blog.corretoraideal.com.br\/index.php\/wp-json\/wp\/v2\/categories?post=53990"},{"taxonomy":"post_tag","embeddable":true,"href":"https:\/\/blog.corretoraideal.com.br\/index.php\/wp-json\/wp\/v2\/tags?post=53990"}],"curies":[{"name":"wp","href":"https:\/\/api.w.org\/{rel}","templated":true}]}}