{"id":53993,"date":"2023-10-09T16:36:27","date_gmt":"2023-10-09T16:36:27","guid":{"rendered":"https:\/\/blog.corretoraideal.com.br\/?p=53993"},"modified":"2023-10-09T16:36:27","modified_gmt":"2023-10-09T16:36:27","slug":"macaiba-e-o-nome-da-moeda-social-de-macae-apos-votacao-do-publico-pela-internet-norte-fluminense-g1","status":"publish","type":"post","link":"https:\/\/blog.corretoraideal.com.br\/index.php\/2023\/10\/09\/macaiba-e-o-nome-da-moeda-social-de-macae-apos-votacao-do-publico-pela-internet-norte-fluminense-g1\/","title":{"rendered":"Maca\u00edba \u00e9 o nome da Moeda Social de Maca\u00e9 ap\u00f3s vota\u00e7\u00e3o do p\u00fablico pela internet | Norte Fluminense | G1"},"content":{"rendered":"<p>      1 de 2&#013;Moeda Social de Maca\u00e9 ganhou nome de Maca\u00edba ap\u00f3s vota\u00e7\u00e3o popular pela internet \u2014 Foto: Reprodu\u00e7\u00e3o Prefeitura de Maca\u00e9    <\/p>\n<p> Moeda Social de Maca\u00e9 ganhou nome de Maca\u00edba ap\u00f3s vota\u00e7\u00e3o popular pela internet \u2014 Foto: Reprodu\u00e7\u00e3o Prefeitura de Maca\u00e9 <\/p>\n<p> Com 51,77% dos votos, Maca\u00edba foi o nome escolhido para a Moeda Social de <a class href=\"https:\/\/g1.globo.com\/rj\/regiao-dos-lagos\/cidade\/macae\/\">Maca\u00e9<\/a>, no Norte Fluminense, ap\u00f3s vota\u00e7\u00e3o do p\u00fablico pela internet. O resultado saiu na tarde deste domingo (8), \u00faltimo dia de vota\u00e7\u00e3o <a class href=\"https:\/\/g1.globo.com\/rj\/norte-fluminense\/noticia\/2023\/10\/06\/publico-pode-escolher-nome-de-moeda-social-que-sera-adotada-em-macae-ate-domingo-veja-as-opcoes.ghtml\">depois da prorroga\u00e7\u00e3o do prazo<\/a>. <\/p>\n<p> Segundo a Prefeitura, 1.889 pessoas participaram da escolha. Al\u00e9m de Maca\u00edba, outros nomes que concorreram tiveram o seguinte resultado: <\/p>\n<li>Maca\u00edba &#8211; 51,57% <\/li>\n<li>Carukango &#8211; 19,38%<\/li>\n<li>Farolito &#8211; 9,95% <\/li>\n<li> Santana &#8211; 9,90%<\/li>\n<li>Miqui\u00e9 &#8211; 9%<\/li>\n<ul>\n<li><a class href=\"https:\/\/g1.globo.com\/rj\/norte-fluminense\/noticia\/2023\/10\/06\/publico-pode-escolher-nome-de-moeda-social-que-sera-adotada-em-macae-ate-domingo-veja-as-opcoes.ghtml\"><strong>Saiba aqui sobre o significado de cada nome<\/strong><\/a><\/li>\n<\/ul>\n<p><h2>Sobre Maca\u00edba<\/h2>\n<\/p>\n<p> Maca\u00edba \u00e9 o nome de uma esp\u00e9cie de palmeira. Segundo historiadores, o fruto desta \u00e1rvore pode ter dado origem ao nome da cidade. <\/p>\n<p> &quot;Maca\u00edba \u00e9 uma \u00e1rvore, uma palm\u00e1cia, que est\u00e1, inclusive, representada em nossa bandeira. Essa \u00e1rvore d\u00e1 um fruto chamado &#x27;macaba doce&#x27; ou &#x27;maca e&#x27;. Segundo uma das teorias mais aceitas, esse voc\u00e1bulo &#x27;maca e&#x27; d\u00e1 origem ao nome de Maca\u00e9, o nome de nossa cidade&quot;, explicou o publicit\u00e1rio H\u00e9lder Santana em v\u00eddeo divulgado na p\u00e1gina de vota\u00e7\u00e3o. <\/p>\n<p><h2>S\u00edmbolo na bandeira<\/h2>\n<\/p>\n<p>         2 de 2&#013;A palmeira Maca\u00edba \u00e9 um \u00edcone da bandeira de Maca\u00e9, criada pelo m\u00e9dico Dr. Moacyr Santos e pelo artista pl\u00e1stico paulista Darwin da Silveira, que morou muitos anos da cidade \u2014 Foto: Rui Porto Filho\/Prefeitura de Maca\u00e9    <\/p>\n<p> A palmeira Maca\u00edba \u00e9 um \u00edcone da bandeira de Maca\u00e9, criada pelo m\u00e9dico Dr. Moacyr Santos e pelo artista pl\u00e1stico paulista Darwin da Silveira, que morou muitos anos da cidade \u2014 Foto: Rui Porto Filho\/Prefeitura de Maca\u00e9 <\/p>\n<p> A Maca\u00edba \u00e9 t\u00e3o importante que se tornou um s\u00edmbolo presente na bandeira de Maca\u00e9, de autoria do m\u00e9dico Dr. Moacyr Santos e do artista pl\u00e1stico paulista Darwin da Silveira, apesar do nome deste \u00faltimo n\u00e3o estar citado na Lei Org\u00e2nica do Munic\u00edpio. O texto diz: <\/p>\n<p> &quot;A Bandeira do Munic\u00edpio, em azul, da mesma tonalidade do escudo do Bras\u00e3o de Maca\u00e9, significando formosura e majestade, com duas listras brancas representando o Rio e o Mar, e uma palmeira maca\u00edba, estilizada, com seus frutos, a doce macaba, origem do nome da Cidade&quot;. <\/p>\n<p> Em pesquisa no site da Prefeitura, esta reportagem levantou alguns informa\u00e7\u00f5es sobre os autores dos s\u00edmbolos: <\/p>\n<p> Dr. Moacyr dos Santos teria 119 anos se estivesse vivo em 2023. Ele cuidou da pesquisa, tanto para a elabora\u00e7\u00e3o do bras\u00e3o quanto da bandeira. Nascido em 1904 em Glic\u00e9rio, 4\u00ba distrito de Maca\u00e9, Moacyr era figura importante na cidade. Era neto de um imigrante su\u00ed\u00e7o que veio para o Brasil para povoar a regi\u00e3o de Nova Friburgo e foi descendo a Serra do Mar em dire\u00e7\u00e3o ao Sana e demais regi\u00f5es de Maca\u00e9. O m\u00e9dico teve participa\u00e7\u00e3o na cria\u00e7\u00e3o de todos os centros art\u00edsticos da cidade. <\/p>\n<p> J\u00e1 o artista pl\u00e1stico paulista Darwin da Silveira foi o respons\u00e1vel pela arte final tanto do bras\u00e3o quanto da bandeira. Segundo a Prefeitura, ele morou durante muitos anos na Barra de Maca\u00e9, e, como muitos outros artistas locais, costumava expor seus trabalhos no Barrac\u00e3o da Cria\u00e7\u00e3o, no embri\u00e3o do atual Centro Cultural de Maca\u00e9 e na antiga loja de artes Pil\u00e3o, da fam\u00edlia Hernandez. <\/p>\n<p><h2>Sobre a Moeda Social<\/h2>\n<\/p>\n<p> A Moeda Social faz parte da Lei 5.075\/2023 que institui a Pol\u00edtica Municipal de Economia Popular, Justa e Solid\u00e1ria, o Programa Municipal de Combate \u00e0 Pobreza e \u00e0s Desigualdades. <\/p>\n<p> A opera\u00e7\u00e3o vai ocorrer em forma de moeda eletr\u00f4nica local, uma alternativa para realizar transa\u00e7\u00f5es digitais de pagamentos e opera\u00e7\u00f5es de cr\u00e9dito, e ser\u00e1 utilizada para pagamento do Programa de Transfer\u00eancia de Renda da Prefeitura, e outros benef\u00edcios. Cada unidade da Moeda Social de Maca\u00e9 corresponde a R$ 1,00. <\/p>\n<p> A proposta \u00e9 reduzir a desigualdade e fomentar o com\u00e9rcio local ao ampliar o poder de compra da pessoa em vulnerabilidade social e adotar medidas para impulsionar o desenvolvimento econ\u00f4mico. <\/p>\n<p> &quot;O benef\u00edcio da Moeda Social ser\u00e1 pago, mensalmente, por meio de cart\u00e3o magn\u00e9tico ou outro meio eletr\u00f4nico estabelecido, por interm\u00e9dio da Moeda Social de Maca\u00e9, com a identifica\u00e7\u00e3o do benefici\u00e1rio, da seguinte forma: benef\u00edcio correspondente a R$ 150,00, a ser pago ao respons\u00e1vel pelo n\u00facleo familiar; benef\u00edcio adicional correspondente a R$ 150,00, a ser pago ao c\u00f4njuge do n\u00facleo familiar; benef\u00edcio adicional correspondente a R$ 75,00 a ser pago para cada menor componente adicional do n\u00facleo familiar, limitado a at\u00e9 tr\u00eas benef\u00edcios adicionais por fam\u00edlia&quot;, divulga a Prefeitura. <\/p>\n<p> Para os estabelecimentos comerciais abrirem conta para receber os valores da Moeda Social pela venda de seus servi\u00e7os e produtos \u00e9 preciso que os mesmos estejam formalizados. <\/p>\n<p> &quot;O Munic\u00edpio de Maca\u00e9 poder\u00e1 restringir o recebimento da Moeda Social nas grandes redes de supermercados, hipermercados, a fim de garantir competi\u00e7\u00e3o justa entre as empresas locais&quot;, explica a Prefeitura. <\/p>\n<ul>\n<li> <a href=\"https:\/\/g1.globo.com\/rj\/regiao-dos-lagos\/cidade\/macae\/\" class=\"entities__list-itemLink\" data-track-click=\"Maca\u00e9\"> Maca\u00e9 <\/a> <\/li>\n<\/ul>\n","protected":false},"excerpt":{"rendered":"<p>1 de 2&#013;Moeda Social de Maca\u00e9 ganhou nome de Maca\u00edba ap\u00f3s vota\u00e7\u00e3o popular pela internet \u2014 Foto: Reprodu\u00e7\u00e3o Prefeitura de Maca\u00e9 Moeda Social de Maca\u00e9 ganhou nome de Maca\u00edba ap\u00f3s vota\u00e7\u00e3o popular pela internet \u2014 Foto: Reprodu\u00e7\u00e3o Prefeitura de Maca\u00e9 Com 51,77% dos votos, Maca\u00edba foi o nome escolhido para a Moeda Social de Maca\u00e9, [&hellip;]<\/p>\n","protected":false},"author":1,"featured_media":0,"comment_status":"closed","ping_status":"closed","sticky":false,"template":"","format":"standard","meta":{"footnotes":""},"categories":[],"tags":[],"class_list":["post-53993","post","type-post","status-publish","format-standard","hentry"],"_links":{"self":[{"href":"https:\/\/blog.corretoraideal.com.br\/index.php\/wp-json\/wp\/v2\/posts\/53993","targetHints":{"allow":["GET"]}}],"collection":[{"href":"https:\/\/blog.corretoraideal.com.br\/index.php\/wp-json\/wp\/v2\/posts"}],"about":[{"href":"https:\/\/blog.corretoraideal.com.br\/index.php\/wp-json\/wp\/v2\/types\/post"}],"author":[{"embeddable":true,"href":"https:\/\/blog.corretoraideal.com.br\/index.php\/wp-json\/wp\/v2\/users\/1"}],"replies":[{"embeddable":true,"href":"https:\/\/blog.corretoraideal.com.br\/index.php\/wp-json\/wp\/v2\/comments?post=53993"}],"version-history":[{"count":1,"href":"https:\/\/blog.corretoraideal.com.br\/index.php\/wp-json\/wp\/v2\/posts\/53993\/revisions"}],"predecessor-version":[{"id":53995,"href":"https:\/\/blog.corretoraideal.com.br\/index.php\/wp-json\/wp\/v2\/posts\/53993\/revisions\/53995"}],"wp:attachment":[{"href":"https:\/\/blog.corretoraideal.com.br\/index.php\/wp-json\/wp\/v2\/media?parent=53993"}],"wp:term":[{"taxonomy":"category","embeddable":true,"href":"https:\/\/blog.corretoraideal.com.br\/index.php\/wp-json\/wp\/v2\/categories?post=53993"},{"taxonomy":"post_tag","embeddable":true,"href":"https:\/\/blog.corretoraideal.com.br\/index.php\/wp-json\/wp\/v2\/tags?post=53993"}],"curies":[{"name":"wp","href":"https:\/\/api.w.org\/{rel}","templated":true}]}}