{"id":53996,"date":"2023-10-09T19:24:19","date_gmt":"2023-10-09T19:24:19","guid":{"rendered":"https:\/\/blog.corretoraideal.com.br\/?p=53996"},"modified":"2023-10-09T19:24:19","modified_gmt":"2023-10-09T19:24:19","slug":"agencia-nacional-de-aguas-declara-situacao-critica-no-rio-madeira-por-causa-da-seca-no-norte-economia-g1","status":"publish","type":"post","link":"https:\/\/blog.corretoraideal.com.br\/index.php\/2023\/10\/09\/agencia-nacional-de-aguas-declara-situacao-critica-no-rio-madeira-por-causa-da-seca-no-norte-economia-g1\/","title":{"rendered":"Ag\u00eancia Nacional de \u00c1guas declara situa\u00e7\u00e3o cr\u00edtica no rio Madeira por causa da seca no Norte | Economia | G1"},"content":{"rendered":"\n<p> A Ag\u00eancia Nacional de \u00c1guas e Saneamento B\u00e1sico (ANA) aprovou nesta segunda-feira (9) situa\u00e7\u00e3o cr\u00edtica de escassez de \u00e1gua no rio Madeira, por causa da seca na regi\u00e3o Norte. A medida tem vig\u00eancia at\u00e9 30 de novembro, podendo ser prorrogada. <\/p>\n<p> A declara\u00e7\u00e3o permite que sejam adotadas medidas de preven\u00e7\u00e3o e mitiga\u00e7\u00e3o de impactos. Al\u00e9m disso, a ag\u00eancia poder\u00e1 determinar novas regras para uso da \u00e1gua e opera\u00e7\u00e3o de reservat\u00f3rios. <\/p>\n<p> A medida tamb\u00e9m autoriza ag\u00eancias reguladoras e empresas de saneamento a cobrar taxas para cobrir custos adicionais decorrentes da escassez de \u00e1gua, al\u00e9m de alertar estados e munic\u00edpios para o acionamento de planos de conting\u00eancia. <\/p>\n<p> O per\u00edodo seco na regi\u00e3o amaz\u00f4nica se estende de maio a outubro, quando h\u00e1 transi\u00e7\u00e3o para o per\u00edodo chuvoso, de novembro a abril. Contudo, o fen\u00f4meno clim\u00e1tico El Ni\u00f1o intensificou o per\u00edodo seco, reduzindo o n\u00edvel de \u00e1gua do rio Madeira ao menor da s\u00e9rie hist\u00f3rica, que tem 57 anos. <\/p>\n<p> \u201cObservamos que essa anomalia das temperaturas da superf\u00edcie da regi\u00e3o central do Pac\u00edfico equatorial, que tem alcan\u00e7ado a\u00ed j\u00e1 1,7 graus [Celsius] al\u00e9m do valor m\u00e9dio esperado, j\u00e1 caracteriza um El Ni\u00f1o forte. E a consequ\u00eancia disso s\u00e3o chuvas acima da m\u00e9dia na regi\u00e3o Sul e chuvas abaixo da m\u00e9dia na regi\u00e3o Norte e Nordeste\u201d, declarou o diretor da ANA Mauricio Abijaodi. <\/p>\n<p> De acordo com o diretor, o aumento na temperatura do oceano Atl\u00e2ntico tamb\u00e9m tem intensificado o fen\u00f4meno, levando a situa\u00e7\u00f5es de escassez h\u00eddrica ou excesso de chuvas. <\/p>\n<p> Segundo a \u00e1rea t\u00e9cnica da ANA, os efeitos do El Ni\u00f1o devem persistir na regi\u00e3o at\u00e9 os meses de fevereiro, mar\u00e7o e abril de 2024, o que vai manter as chuvas abaixo da m\u00e9dia sobre a bacia do rio Madeira nos pr\u00f3ximos meses. <\/p>\n<p> O Madeira \u00e9 um rio importante para transporte de passageiros e de carga, com trecho naveg\u00e1vel que se estende de Porto Velho (RO) a Itacoatiara (AM). <\/p>\n<p> Al\u00e9m disso, as hidrel\u00e9tricas de Jirau e Santo Ant\u00f4nio foram constru\u00eddas sobre as \u00e1guas do Madeira. Juntas, as duas usinas representam 6,7% da pot\u00eancia instalada do sistema el\u00e9trico interligado. <\/p>\n<p> Em 2 de outubro, o Operador Nacional do Sistema El\u00e9trico (ONS) anunciou a suspens\u00e3o da opera\u00e7\u00e3o da usina hidrel\u00e9trica de Santo Ant\u00f4nio por conta da estiagem. A usina foi constru\u00edda a fio d\u2019\u00e1gua, ou seja, tem pequeno ou nenhum reservat\u00f3rio de \u00e1gua, dependendo da vaz\u00e3o do rio para gerar energia. <\/p>\n<p> No \u00faltimo dia 4, o Comit\u00ea de Monitoramento do Setor El\u00e9trico (CMSE) reconheceu que a crise na bacia do rio Madeira poderia comprometer o atendimento aos estados do Acre e Rond\u00f4nia, por conta da paralisa\u00e7\u00e3o da usina de Santo Ant\u00f4nio. <\/p>\n<p> Na ocasi\u00e3o, o CMSE autorizou a contrata\u00e7\u00e3o de duas termel\u00e9tricas, Termonorte 1 e Termonorte 2, para fornecimento de energia aos estados. <\/p>\n<p> \u201cQuanto aos usos consuntivos, &#8211;a irriga\u00e7\u00e3o, o saneamento, ind\u00fastria&#8211; entendemos que o risco \u00e9 baixo de n\u00e3o atendimento em raz\u00e3o da indisponibilidade h\u00eddrica quantitativa. O que pode acontecer \u00e9 que os mecanismos para capta\u00e7\u00e3o de \u00e1gua devam ser adaptados para conseguir fazer a capta\u00e7\u00e3o de \u00e1gua\u201d, declarou o superintendente de Regula\u00e7\u00e3o dos Recursos H\u00eddricos da ANA, Marco Jos\u00e9 Melo Neves. <\/p>\n<p> A primeira vez que a ANA declarou \u201csitua\u00e7\u00e3o cr\u00edtica de escassez quantitativa de recursos h\u00eddricos\u201d foi na bacia do rio Paran\u00e1, em 2021. Naquele momento, por conta da falta de chuva, o pa\u00eds passou por uma crise h\u00eddrica e de energia. <\/p>\n<ul> <\/ul>\n","protected":false},"excerpt":{"rendered":"<p>A Ag\u00eancia Nacional de \u00c1guas e Saneamento B\u00e1sico (ANA) aprovou nesta segunda-feira (9) situa\u00e7\u00e3o cr\u00edtica de escassez de \u00e1gua no rio Madeira, por causa da seca na regi\u00e3o Norte. A medida tem vig\u00eancia at\u00e9 30 de novembro, podendo ser prorrogada. A declara\u00e7\u00e3o permite que sejam adotadas medidas de preven\u00e7\u00e3o e mitiga\u00e7\u00e3o de impactos. Al\u00e9m disso, [&hellip;]<\/p>\n","protected":false},"author":1,"featured_media":0,"comment_status":"closed","ping_status":"closed","sticky":false,"template":"","format":"standard","meta":{"footnotes":""},"categories":[],"tags":[],"class_list":["post-53996","post","type-post","status-publish","format-standard","hentry"],"_links":{"self":[{"href":"https:\/\/blog.corretoraideal.com.br\/index.php\/wp-json\/wp\/v2\/posts\/53996","targetHints":{"allow":["GET"]}}],"collection":[{"href":"https:\/\/blog.corretoraideal.com.br\/index.php\/wp-json\/wp\/v2\/posts"}],"about":[{"href":"https:\/\/blog.corretoraideal.com.br\/index.php\/wp-json\/wp\/v2\/types\/post"}],"author":[{"embeddable":true,"href":"https:\/\/blog.corretoraideal.com.br\/index.php\/wp-json\/wp\/v2\/users\/1"}],"replies":[{"embeddable":true,"href":"https:\/\/blog.corretoraideal.com.br\/index.php\/wp-json\/wp\/v2\/comments?post=53996"}],"version-history":[{"count":1,"href":"https:\/\/blog.corretoraideal.com.br\/index.php\/wp-json\/wp\/v2\/posts\/53996\/revisions"}],"predecessor-version":[{"id":53998,"href":"https:\/\/blog.corretoraideal.com.br\/index.php\/wp-json\/wp\/v2\/posts\/53996\/revisions\/53998"}],"wp:attachment":[{"href":"https:\/\/blog.corretoraideal.com.br\/index.php\/wp-json\/wp\/v2\/media?parent=53996"}],"wp:term":[{"taxonomy":"category","embeddable":true,"href":"https:\/\/blog.corretoraideal.com.br\/index.php\/wp-json\/wp\/v2\/categories?post=53996"},{"taxonomy":"post_tag","embeddable":true,"href":"https:\/\/blog.corretoraideal.com.br\/index.php\/wp-json\/wp\/v2\/tags?post=53996"}],"curies":[{"name":"wp","href":"https:\/\/api.w.org\/{rel}","templated":true}]}}