{"id":53999,"date":"2023-10-09T23:55:46","date_gmt":"2023-10-09T23:55:46","guid":{"rendered":"https:\/\/blog.corretoraideal.com.br\/?p=53999"},"modified":"2023-10-09T23:55:46","modified_gmt":"2023-10-09T23:55:46","slug":"policiamento-da-patrulha-rural-chega-a-itaperuna-e-santo-antonio-de-padua-no-rj-norte-fluminense-g1","status":"publish","type":"post","link":"https:\/\/blog.corretoraideal.com.br\/index.php\/2023\/10\/09\/policiamento-da-patrulha-rural-chega-a-itaperuna-e-santo-antonio-de-padua-no-rj-norte-fluminense-g1\/","title":{"rendered":"Policiamento da Patrulha Rural chega a Itaperuna e Santo Ant\u00f4nio de P\u00e1dua, no RJ | Norte Fluminense | G1"},"content":{"rendered":"<p>      1 de 3&#013;Viaturas da PM v\u00e3o fazer o patrulhamento di\u00e1rio nas \u00e1reas rurais de Itaperuna e Santo Ant\u00f4nio de P\u00e1dua \u2014 Foto: PM    <\/p>\n<p> Viaturas da PM v\u00e3o fazer o patrulhamento di\u00e1rio nas \u00e1reas rurais de Itaperuna e Santo Ant\u00f4nio de P\u00e1dua \u2014 Foto: PM <\/p>\n<p> As \u00e1reas rurais de <a class href=\"https:\/\/g1.globo.com\/rj\/norte-fluminense\/cidade\/itaperuna\/\">Itaperuna<\/a> e <a class href=\"https:\/\/g1.globo.com\/rj\/regiao-serrana\/cidade\/santo-antonio-de-padua\/\">Santo Ant\u00f4nio de P\u00e1dua<\/a>, no Noroeste Fluminense, passaram a contar, neste m\u00eas, com o Programa da Patrulha Rural, lan\u00e7ado na \u00faltima quinta-feira (5) em cerim\u00f4nia nos quart\u00e9is das duas cidades, o 29\u00ba e o 36\u00ba batalh\u00f5es da Pol\u00edcia Militar (BPM), respectivamente. <\/p>\n<p> A primeira fase dos trabalhos dos policiais militares inclui o cadastramento das propriedades rurais. Estima-se que, nos dois munic\u00edpios do Noroeste, existam em torno de mil propriedades rurais. <\/p>\n<p>         2 de 3&#013;Moradores de propriedades rurais de Itaperuna e Santo Ant\u00f4nio de P\u00e1dua ser\u00e3o cadastrados pela PM \u2014 Foto: PM    <\/p>\n<p> Moradores de propriedades rurais de Itaperuna e Santo Ant\u00f4nio de P\u00e1dua ser\u00e3o cadastrados pela PM \u2014 Foto: PM <\/p>\n<p> Para que houvesse a expans\u00e3o do programa, houve treinamento e capacita\u00e7\u00e3o dos agentes. O policiamento \u00e9 di\u00e1rio e especializado para atender as demandas de seguran\u00e7a p\u00fablica na zona rural, assim como j\u00e1 ocorre nas cidades de Campos dos Goytacazes, S\u00e3o Francisco de Itabapoana, S\u00e3o Fid\u00e9lis e S\u00e3o Jo\u00e3o da Barra, munic\u00edpios que s\u00e3o atendidos pelo 8\u00ba BPM. <\/p>\n<p>         3 de 3&#013;Patrulha Rural atende a demandas espec\u00edficas da \u00e1rea rural \u2014 Foto: PM    <\/p>\n<p> Patrulha Rural atende a demandas espec\u00edficas da \u00e1rea rural \u2014 Foto: PM <\/p>\n<p> Os treinamentos ocorreram em meados deste ano para policiais militares lotados nas unidades do 6\u00ba CPA (Comando de Policiamento de \u00c1rea), que coordena as a\u00e7\u00f5es da corpora\u00e7\u00e3o nas regi\u00f5es Norte e Noroeste do estado. <\/p>\n<p> Est\u00e1 prevista a expans\u00e3o ainda para os demais munic\u00edpios atendidos pelo 29\u00ba BPM de Itaperuna, 36\u00ba BPM, assim como na \u00e1rea de atua\u00e7\u00e3o do 32\u00ba BPM (Maca\u00e9). <\/p>\n<p> &quot;A Patrulha Rural \u00e9 mais um programa de pol\u00edcia de proximidade de sucesso da Corpora\u00e7\u00e3o. Nossas equipes mant\u00eam contato direto com os produtores rurais cadastrados e os resultados s\u00e3o excelentes&quot;, afirma o secret\u00e1rio da SEPM, coronel Luiz Henrique Marinho Pires. <\/p>\n<p><h2>Projeto-piloto<\/h2>\n<\/p>\n<p> O projeto-piloto come\u00e7ou por S\u00e3o Francisco de Itabapoana, em junho de 2022. Um ano depois, a Pol\u00edcia Militar constatou redu\u00e7\u00e3o de 59% no n\u00famero de furtos em propriedades rurais. A queda nos outros tr\u00eas munic\u00edpios da \u00e1rea do 8\u00ba BPM foi de 33% se comparado o primeiro trimestre deste ano com o mesmo per\u00edodo do ano passado. <\/p>\n<p> &quot;Nos munic\u00edpios da \u00e1rea do 8\u00ba BPM, j\u00e1 est\u00e3o cadastradas mil propriedades rurais, cujos produtores mant\u00eam contato permanente com a coordena\u00e7\u00e3o do programa e recebem visitas peri\u00f3dicas dos policiais militares da Patrulha Rural, criando uma rede de prote\u00e7\u00e3o e ampliando de forma muito significativa a sensa\u00e7\u00e3o de seguran\u00e7a&quot;, explica a PM. <\/p>\n<ul>\n<li> <a href=\"https:\/\/g1.globo.com\/rj\/norte-fluminense\/cidade\/itaperuna\/\" class=\"entities__list-itemLink\" data-track-click=\"Itaperuna\"> Itaperuna <\/a> <\/li>\n<li> <a href=\"https:\/\/g1.globo.com\/rj\/regiao-serrana\/cidade\/santo-antonio-de-padua\/\" class=\"entities__list-itemLink\" data-track-click=\"Santo Ant\u00f4nio de P\u00e1dua\"> Santo Ant\u00f4nio de P\u00e1dua <\/a> <\/li>\n<\/ul>\n","protected":false},"excerpt":{"rendered":"<p>1 de 3&#013;Viaturas da PM v\u00e3o fazer o patrulhamento di\u00e1rio nas \u00e1reas rurais de Itaperuna e Santo Ant\u00f4nio de P\u00e1dua \u2014 Foto: PM Viaturas da PM v\u00e3o fazer o patrulhamento di\u00e1rio nas \u00e1reas rurais de Itaperuna e Santo Ant\u00f4nio de P\u00e1dua \u2014 Foto: PM As \u00e1reas rurais de Itaperuna e Santo Ant\u00f4nio de P\u00e1dua, no [&hellip;]<\/p>\n","protected":false},"author":1,"featured_media":0,"comment_status":"closed","ping_status":"closed","sticky":false,"template":"","format":"standard","meta":{"footnotes":""},"categories":[],"tags":[],"class_list":["post-53999","post","type-post","status-publish","format-standard","hentry"],"_links":{"self":[{"href":"https:\/\/blog.corretoraideal.com.br\/index.php\/wp-json\/wp\/v2\/posts\/53999","targetHints":{"allow":["GET"]}}],"collection":[{"href":"https:\/\/blog.corretoraideal.com.br\/index.php\/wp-json\/wp\/v2\/posts"}],"about":[{"href":"https:\/\/blog.corretoraideal.com.br\/index.php\/wp-json\/wp\/v2\/types\/post"}],"author":[{"embeddable":true,"href":"https:\/\/blog.corretoraideal.com.br\/index.php\/wp-json\/wp\/v2\/users\/1"}],"replies":[{"embeddable":true,"href":"https:\/\/blog.corretoraideal.com.br\/index.php\/wp-json\/wp\/v2\/comments?post=53999"}],"version-history":[{"count":1,"href":"https:\/\/blog.corretoraideal.com.br\/index.php\/wp-json\/wp\/v2\/posts\/53999\/revisions"}],"predecessor-version":[{"id":54001,"href":"https:\/\/blog.corretoraideal.com.br\/index.php\/wp-json\/wp\/v2\/posts\/53999\/revisions\/54001"}],"wp:attachment":[{"href":"https:\/\/blog.corretoraideal.com.br\/index.php\/wp-json\/wp\/v2\/media?parent=53999"}],"wp:term":[{"taxonomy":"category","embeddable":true,"href":"https:\/\/blog.corretoraideal.com.br\/index.php\/wp-json\/wp\/v2\/categories?post=53999"},{"taxonomy":"post_tag","embeddable":true,"href":"https:\/\/blog.corretoraideal.com.br\/index.php\/wp-json\/wp\/v2\/tags?post=53999"}],"curies":[{"name":"wp","href":"https:\/\/api.w.org\/{rel}","templated":true}]}}