{"id":54013,"date":"2023-10-10T06:32:30","date_gmt":"2023-10-10T06:32:30","guid":{"rendered":"https:\/\/blog.corretoraideal.com.br\/?p=54013"},"modified":"2023-10-10T06:32:30","modified_gmt":"2023-10-10T06:32:30","slug":"guerra-entre-israel-e-hamas-preco-do-petroleo-dispara-e-mercado-teme-impactos-sobre-a-inflacao-economia-g1","status":"publish","type":"post","link":"https:\/\/blog.corretoraideal.com.br\/index.php\/2023\/10\/10\/guerra-entre-israel-e-hamas-preco-do-petroleo-dispara-e-mercado-teme-impactos-sobre-a-inflacao-economia-g1\/","title":{"rendered":"Guerra entre Israel e Hamas: pre\u00e7o do petr\u00f3leo dispara e mercado teme impactos sobre a infla\u00e7\u00e3o | Economia | G1"},"content":{"rendered":"\n<p> Imagens da guerra entre Hamas e Israel, com ataques na Faixa de Gaza e movimenta\u00e7\u00e3o de tropas militares \u2014 Foto: Adel Hana\/AP; Mohammed Salem\/Reuters; Violeta Santos Moura\/Reuters; Ibraheem Abu Mustafa\/Reuters; Saleh Salem\/Reuters <\/p>\n<p> No primeiro dia \u00fatil ap\u00f3s o in\u00edcio da <a class href=\"https:\/\/g1.globo.com\/mundo\/noticia\/2023\/10\/09\/israel-mobiliza-numero-recorde-de-reservistas-e-envia-mensagem-para-moradores-de-gaza.ghtml\">guerra entre Israel e Hamas<\/a>, que teve in\u00edcio na madrugada de s\u00e1bado (7), quando o grupo isl\u00e2mico iniciou uma s\u00e9rie de ataques contra o territ\u00f3rio israelense, o pre\u00e7o do petr\u00f3leo subiu em todo o mundo, <a class href=\"https:\/\/g1.globo.com\/economia\/noticia\/2023\/10\/09\/dolar-ibovespa.ghtml\">enquanto os mercados globais operam com grande volatilidade.<\/a> <\/p>\n<p> Embora o Brasil n\u00e3o tenha nenhuma rela\u00e7\u00e3o direta com o conflito, a economia do pa\u00eds tamb\u00e9m pode ser impactada, justamente pela disparada da commodity. Nesta segunda-feira, o barril de petr\u00f3leo avan\u00e7ou mais de 4% nas primeiras horas do dia, pr\u00f3ximo ao patamar de US$ 90. <\/p>\n<p> Especialistas ouvidos pelo <a class href=\"https:\/\/g1.globo.com\/\"><strong>g1<\/strong><\/a> explicam que, no curto prazo, os impactos sobre o Brasil s\u00e3o menores, limitados \u00e0s oscila\u00e7\u00f5es do d\u00f3lar e da bolsa de valores. No entanto, caso a guerra se agrave ainda mais e persista por muito tempo, haveria impactos mais diretos por conta das travas na produ\u00e7\u00e3o e distribui\u00e7\u00e3o do combust\u00edvel. <\/p>\n<p> Uma alta forte do petr\u00f3leo tem como consequ\u00eancia direta a <strong>eleva\u00e7\u00e3o do pre\u00e7o dos produtos derivados, como gasolina e diesel<\/strong>. Por sua vez, combust\u00edveis mais caros afetam diretamente a infla\u00e7\u00e3o, j\u00e1 que s\u00e3o parte essencial de diversas cadeias produtivas e de distribui\u00e7\u00e3o. <\/p>\n<p> <strong>Entenda mais detalhes a seguir.<\/strong> <\/p>\n<p><h2>Como a guerra afeta o pre\u00e7o do petr\u00f3leo?<\/h2>\n<\/p>\n<p> Apesar do surto no mercado de petr\u00f3leo nesta manh\u00e3, o internacionalista do Instituto Global Attitude Rodrigo Reis destaca que a regi\u00e3o composta por Israel e Palestina n\u00e3o \u00e9 uma grande produtora de petr\u00f3leo. Assim, os impactos no pre\u00e7o do combust\u00edvel t\u00eam motiva\u00e7\u00f5es indiretas. <\/p>\n<p> A grande d\u00favida que paira nos mercados \u00e9 o ganho de escala do conflito e o poss\u00edvel envolvimento de aliados, atingindo a pol\u00edtica de outros pa\u00edses do <a class href=\"https:\/\/g1.globo.com\/tudo-sobre\/oriente-medio\/\">Oriente M\u00e9dio<\/a>. O maior risco est\u00e1 numa poss\u00edvel participa\u00e7\u00e3o do Ir\u00e3. <\/p>\n<p> Por ora, n\u00e3o h\u00e1 nenhum sinal de que o pa\u00eds se envolver\u00e1, mas o governo iraniano \u00e9 um importante apoiador do grupo Hamas. Assim, no caso de a comunidade internacional impor san\u00e7\u00f5es ao territ\u00f3rio palestino, &quot;o Ir\u00e3 poder\u00e1 exercer sua influ\u00eancia junto aos demais pa\u00edses da <a class href=\"https:\/\/g1.globo.com\/tudo-sobre\/opep\/\">Opep<\/a> para cortar a produ\u00e7\u00e3o e elevar o pre\u00e7o do petr\u00f3leo&quot;, comenta o assessor de investimentos Danilo Paske, da Criteria Investimentos. <\/p>\n<p> O especialista pontua ainda que a oferta da commodity no mundo j\u00e1 \u00e9 menor em quase um s\u00e9culo, devido aos poucos investimentos feitos no setor e as amea\u00e7as de recess\u00e3o global, que costumam diminuir a demanda pelo produto. <\/p>\n<p> Alexandre Espirito Santo, economista-chefe da \u00d3rama, afirma, tamb\u00e9m, que al\u00e9m de ser uma regi\u00e3o que produz boa parte do petr\u00f3leo mundial, o Oriente M\u00e9dio tamb\u00e9m \u00e9 um importante ponto de passagem da commodity at\u00e9 chegar aos seus destinos. <\/p>\n<p>&quot;Se o conflito perdurar e transbordar, afetando outros pa\u00edses da regi\u00e3o, pode fazer (o petr\u00f3leo) subir acima de US$ 100, pois estamos falando de uma regi\u00e3o que tradicionalmente tem perfil b\u00e9lico&quot;, diz o economista.<\/p>\n<p><h2>Combust\u00edveis mais caros e infla\u00e7\u00e3o<\/h2>\n<\/p>\n<p> Sempre que o pre\u00e7o do petr\u00f3leo sobe de forma significativa, a tend\u00eancia \u00e9 que os pre\u00e7os dos combust\u00edveis e derivados no Brasil tamb\u00e9m sofram um aumento. <\/p>\n<p> Segundo Jo\u00e3o Daronco, analista da Suno Research, tr\u00eas pontos entram na conta para saber o real impacto sobre os pre\u00e7os: <\/p>\n<li>a extens\u00e3o do conflito;<\/li>\n<li>a dura\u00e7\u00e3o do conflito;<\/li>\n<li>como a dire\u00e7\u00e3o da Petrobras vai se comportar frente \u00e0s oscila\u00e7\u00f5es de pre\u00e7os.<\/li>\n<p> 1\ufe0f\u20e3 Daronco e os demais especialistas ouvidos pela reportagem ressaltam que os impactos sobre o pre\u00e7o do petr\u00f3leo v\u00e3o depender de se e quais pa\u00edses se envolveriam com o conflito. <\/p>\n<p> Consequentemente, o mesmo vale para os pre\u00e7os dos combust\u00edveis no Brasil: com um maior envolvimento de importantes produtores, como o Ir\u00e3, a expectativa \u00e9 que os pre\u00e7os subam com mais for\u00e7a, gerando mais press\u00e3o para um aumento dos combust\u00edveis internamente. <\/p>\n<p> 2\ufe0f\u20e3 Tamb\u00e9m entra na conta a quest\u00e3o da dura\u00e7\u00e3o da guerra. Quanto mais tempo, maiores podem ser os impactos sobre a produ\u00e7\u00e3o e oferta de petr\u00f3leo, e maiores tamb\u00e9m as possibilidades de os combust\u00edveis ficarem mais caros no Brasil. <\/p>\n<p> 3\ufe0f\u20e3 Por fim, o \u00faltimo elemento da equa\u00e7\u00e3o \u00e9 a pr\u00f3pria Petrobras. No primeiro semestre deste ano, a petroleira anunciou o fim da sua pol\u00edtica de paridade internacional, que fazia com que os combust\u00edveis acompanhassem o pre\u00e7o do petr\u00f3leo nos mercados globais. <\/p>\n<p> Agora, com a nova pol\u00edtica, os pre\u00e7os internos s\u00e3o determinados, tamb\u00e9m, com base em fatores dom\u00e9sticos. Assim, a perspectiva \u00e9 que haja uma intensifica\u00e7\u00e3o da press\u00e3o do governo para que a Petrobras segure aumentos nos pre\u00e7os dos combust\u00edveis, mesmo com a alta no petr\u00f3leo. <\/p>\n<p> A Petrobras j\u00e1 atua no fio da navalha em compara\u00e7\u00e3o com os pre\u00e7os internacionais. Os relat\u00f3rios de paridade divulgados pela Associa\u00e7\u00e3o Brasileira dos Importadores de Combust\u00edveis (Abicom) mostram que a gasolina est\u00e1 parelha com o exterior, mas o diesel chega a ser vendido com pre\u00e7o 10% abaixo do que \u00e9 praticado fora do pa\u00eds. <\/p>\n<p> Os especialistas pontuam que chega um momento em que fica invi\u00e1vel para a pr\u00f3pria companhia continuar segurando os repasses e, se o conflito se estender por mais regi\u00f5es e tempo, reajustes na gasolina e diesel ser\u00e3o inevit\u00e1veis. <\/p>\n<p> Neste contexto, a infla\u00e7\u00e3o tamb\u00e9m sente os efeitos. A gasolina, por exemplo, \u00e9 o subitem com maior peso e maior alta na infla\u00e7\u00e3o oficial do pa\u00eds em 2023. Os n\u00fameros do <a class href=\"https:\/\/g1.globo.com\/economia\/noticia\/2023\/09\/12\/ipca-sobe-023percent-em-agosto.ghtml\">\u00cdndice Nacional de Pre\u00e7os ao Consumidor Amplo (IPCA) de agosto<\/a> mostram que a alta no combust\u00edvel foi de 13,02% em 2023. <\/p>\n<p> A gasolina contribui sozinha com participa\u00e7\u00e3o total de 0,60 p.p. no \u00edndice geral, que teve alta de 3,23% no ano. Os novos n\u00fameros do IPCA saem nesta semana. N\u00e3o ser\u00e1 poss\u00edvel captar qualquer efeito da guerra, mas \u00e9 importante monitorar como j\u00e1 est\u00e3o os itens que podem ser impactados nos pr\u00f3ximos meses. <\/p>\n<p> Al\u00e9m disso, o petr\u00f3leo \u00e9 mat\u00e9ria-prima para o diesel (que impacta os fretes) e fonte de energia para diversas ind\u00fastrias. Uma eleva\u00e7\u00e3o dos pre\u00e7os torna mais caro o processo produtivo como um todo, o que deve ser repassado ao longo da cadeia at\u00e9 chegar ao consumidor final. <\/p>\n<ul>\n<li> <a href=\"https:\/\/g1.globo.com\/tudo-sobre\/faixa-de-gaza\/\" class=\"entities__list-itemLink\" data-track-click=\"Faixa de Gaza\"> Faixa de Gaza <\/a> <\/li>\n<li> <a href=\"https:\/\/g1.globo.com\/tudo-sobre\/opep\/\" class=\"entities__list-itemLink\" data-track-click=\"Opep\"> Opep <\/a> <\/li>\n<li> <a href=\"https:\/\/g1.globo.com\/tudo-sobre\/oriente-medio\/\" class=\"entities__list-itemLink\" data-track-click=\"Oriente M\u00e9dio\"> Oriente M\u00e9dio <\/a> <\/li>\n<\/ul>\n","protected":false},"excerpt":{"rendered":"<p>Imagens da guerra entre Hamas e Israel, com ataques na Faixa de Gaza e movimenta\u00e7\u00e3o de tropas militares \u2014 Foto: Adel Hana\/AP; Mohammed Salem\/Reuters; Violeta Santos Moura\/Reuters; Ibraheem Abu Mustafa\/Reuters; Saleh Salem\/Reuters No primeiro dia \u00fatil ap\u00f3s o in\u00edcio da guerra entre Israel e Hamas, que teve in\u00edcio na madrugada de s\u00e1bado (7), quando o [&hellip;]<\/p>\n","protected":false},"author":1,"featured_media":0,"comment_status":"closed","ping_status":"closed","sticky":false,"template":"","format":"standard","meta":{"footnotes":""},"categories":[],"tags":[],"class_list":["post-54013","post","type-post","status-publish","format-standard","hentry"],"_links":{"self":[{"href":"https:\/\/blog.corretoraideal.com.br\/index.php\/wp-json\/wp\/v2\/posts\/54013","targetHints":{"allow":["GET"]}}],"collection":[{"href":"https:\/\/blog.corretoraideal.com.br\/index.php\/wp-json\/wp\/v2\/posts"}],"about":[{"href":"https:\/\/blog.corretoraideal.com.br\/index.php\/wp-json\/wp\/v2\/types\/post"}],"author":[{"embeddable":true,"href":"https:\/\/blog.corretoraideal.com.br\/index.php\/wp-json\/wp\/v2\/users\/1"}],"replies":[{"embeddable":true,"href":"https:\/\/blog.corretoraideal.com.br\/index.php\/wp-json\/wp\/v2\/comments?post=54013"}],"version-history":[{"count":1,"href":"https:\/\/blog.corretoraideal.com.br\/index.php\/wp-json\/wp\/v2\/posts\/54013\/revisions"}],"predecessor-version":[{"id":54015,"href":"https:\/\/blog.corretoraideal.com.br\/index.php\/wp-json\/wp\/v2\/posts\/54013\/revisions\/54015"}],"wp:attachment":[{"href":"https:\/\/blog.corretoraideal.com.br\/index.php\/wp-json\/wp\/v2\/media?parent=54013"}],"wp:term":[{"taxonomy":"category","embeddable":true,"href":"https:\/\/blog.corretoraideal.com.br\/index.php\/wp-json\/wp\/v2\/categories?post=54013"},{"taxonomy":"post_tag","embeddable":true,"href":"https:\/\/blog.corretoraideal.com.br\/index.php\/wp-json\/wp\/v2\/tags?post=54013"}],"curies":[{"name":"wp","href":"https:\/\/api.w.org\/{rel}","templated":true}]}}