{"id":54030,"date":"2023-10-11T00:51:09","date_gmt":"2023-10-11T00:51:09","guid":{"rendered":"https:\/\/blog.corretoraideal.com.br\/?p=54030"},"modified":"2023-10-11T00:51:09","modified_gmt":"2023-10-11T00:51:09","slug":"defesa-civil-de-macae-divulga-lista-de-nomes-selecionados-para-curso-de-capacitacao-de-voluntarios-norte-fluminense-g1","status":"publish","type":"post","link":"https:\/\/blog.corretoraideal.com.br\/index.php\/2023\/10\/11\/defesa-civil-de-macae-divulga-lista-de-nomes-selecionados-para-curso-de-capacitacao-de-voluntarios-norte-fluminense-g1\/","title":{"rendered":"Defesa Civil de Maca\u00e9 divulga lista de nomes selecionados para curso de capacita\u00e7\u00e3o de volunt\u00e1rios | Norte Fluminense | G1"},"content":{"rendered":"\n<p> A Defesa Civil de <a class href=\"https:\/\/g1.globo.com\/rj\/regiao-dos-lagos\/cidade\/macae\/\">Maca\u00e9<\/a>, no Norte Fluminense, divulgou a lista de nomes selecionados para curso de capacita\u00e7\u00e3o de volunt\u00e1rios para atuarem junto ao \u00f3rg\u00e3o. <\/p>\n<p> Em vez de 50, a lista traz o nome de 123 pessoas, j\u00e1 que, por conta da grande procura, as vagas foram ampliadas. Puderam se inscrever, pela internet, pessoas maiores de idade e residentes na cidade. A Prefeitura divulgou <a class href=\"https:\/\/www.macae.rj.gov.br\/midia\/conteudo\/arquivos\/1696965523.pdf\" target=\"_blank\" rel=\"noopener noreferrer\">a lista dos nomes na internet (Veja aqui).<\/a> <\/p>\n<p> &quot;A proposta \u00e9 capacitar multiplicadores para atuarem em casos de emerg\u00eancia ou desastres no munic\u00edpio&quot;, disse o Secret\u00e1rio Adjunto de Defesa Civil, Joseferson de Jesus Florencio. <\/p>\n<p> Por causa do n\u00famero de alunos, as tr\u00eas primeiras aulas ser\u00e3o realizadas no audit\u00f3rio da Faculdade Professor Miguel \u00c2ngelo da Silva Santos (FeMASS), localizado no Bloco A da Cidade Universit\u00e1ria. <\/p>\n<p><h2>Sobre a capacita\u00e7\u00e3o<\/h2>\n<\/p>\n<p> A carga hor\u00e1ria ser\u00e1 de 20 horas. Ser\u00e3o seis encontros, nas seguintes datas: 18 e 25 de outubro e 01, 08, 14 e 22 de novembro, de 18h \u00e0s 21h30. O calend\u00e1rio poder\u00e1 sofrer altera\u00e7\u00f5es ao longo do curso. <\/p>\n<p> Os seis m\u00f3dulos envolvem os seguintes temas: <\/p>\n<ul>\n<li>Conhecendo Defesa Civil<\/li>\n<li>Voluntariado<\/li>\n<li>Percep\u00e7\u00e3o de Risco<\/li>\n<li>Seguran\u00e7a no Lar<\/li>\n<li>Primeiros Socorros<\/li>\n<li>Combate a princ\u00edpio de inc\u00eandio<\/li>\n<\/ul>\n<p> Como avalia\u00e7\u00e3o final ser\u00e1 realizado um simulado. Os volunt\u00e1rios v\u00e3o receber certificado e carteirinha reconhecida em todo territ\u00f3rio nacional. <\/p>\n<ul>\n<li> <a href=\"https:\/\/g1.globo.com\/rj\/regiao-dos-lagos\/cidade\/macae\/\" class=\"entities__list-itemLink\" data-track-click=\"Maca\u00e9\"> Maca\u00e9 <\/a> <\/li>\n<\/ul>\n","protected":false},"excerpt":{"rendered":"<p>A Defesa Civil de Maca\u00e9, no Norte Fluminense, divulgou a lista de nomes selecionados para curso de capacita\u00e7\u00e3o de volunt\u00e1rios para atuarem junto ao \u00f3rg\u00e3o. Em vez de 50, a lista traz o nome de 123 pessoas, j\u00e1 que, por conta da grande procura, as vagas foram ampliadas. Puderam se inscrever, pela internet, pessoas maiores [&hellip;]<\/p>\n","protected":false},"author":1,"featured_media":0,"comment_status":"closed","ping_status":"closed","sticky":false,"template":"","format":"standard","meta":{"footnotes":""},"categories":[],"tags":[],"class_list":["post-54030","post","type-post","status-publish","format-standard","hentry"],"_links":{"self":[{"href":"https:\/\/blog.corretoraideal.com.br\/index.php\/wp-json\/wp\/v2\/posts\/54030","targetHints":{"allow":["GET"]}}],"collection":[{"href":"https:\/\/blog.corretoraideal.com.br\/index.php\/wp-json\/wp\/v2\/posts"}],"about":[{"href":"https:\/\/blog.corretoraideal.com.br\/index.php\/wp-json\/wp\/v2\/types\/post"}],"author":[{"embeddable":true,"href":"https:\/\/blog.corretoraideal.com.br\/index.php\/wp-json\/wp\/v2\/users\/1"}],"replies":[{"embeddable":true,"href":"https:\/\/blog.corretoraideal.com.br\/index.php\/wp-json\/wp\/v2\/comments?post=54030"}],"version-history":[{"count":1,"href":"https:\/\/blog.corretoraideal.com.br\/index.php\/wp-json\/wp\/v2\/posts\/54030\/revisions"}],"predecessor-version":[{"id":54032,"href":"https:\/\/blog.corretoraideal.com.br\/index.php\/wp-json\/wp\/v2\/posts\/54030\/revisions\/54032"}],"wp:attachment":[{"href":"https:\/\/blog.corretoraideal.com.br\/index.php\/wp-json\/wp\/v2\/media?parent=54030"}],"wp:term":[{"taxonomy":"category","embeddable":true,"href":"https:\/\/blog.corretoraideal.com.br\/index.php\/wp-json\/wp\/v2\/categories?post=54030"},{"taxonomy":"post_tag","embeddable":true,"href":"https:\/\/blog.corretoraideal.com.br\/index.php\/wp-json\/wp\/v2\/tags?post=54030"}],"curies":[{"name":"wp","href":"https:\/\/api.w.org\/{rel}","templated":true}]}}