{"id":54033,"date":"2023-10-11T02:30:07","date_gmt":"2023-10-11T02:30:07","guid":{"rendered":"https:\/\/blog.corretoraideal.com.br\/?p=54033"},"modified":"2023-10-11T02:30:07","modified_gmt":"2023-10-11T02:30:07","slug":"123-milhas-justica-suspende-estornos-de-passagens-aereas-e-pacotes-de-viagens-entenda-minas-gerais-g1","status":"publish","type":"post","link":"https:\/\/blog.corretoraideal.com.br\/index.php\/2023\/10\/11\/123-milhas-justica-suspende-estornos-de-passagens-aereas-e-pacotes-de-viagens-entenda-minas-gerais-g1\/","title":{"rendered":"123 Milhas: Justi\u00e7a suspende estornos de passagens a\u00e9reas e pacotes de viagens; entenda | Minas Gerais | G1"},"content":{"rendered":"<p>      1 de 1&#013;Banner da 123 Milhas \u2014 Foto: Reprodu\u00e7\u00e3o\/TV Globo    <\/p>\n<p> Banner da 123 Milhas \u2014 Foto: Reprodu\u00e7\u00e3o\/TV Globo <\/p>\n<p> O Tribunal de Justi\u00e7a de Minas Gerais (TJMG) suspendeu, nesta ter\u00e7a-feira (10), o estorno de passagens a\u00e9reas e pacotes tur\u00edsticos comprados pelo cart\u00e3o de cr\u00e9dito com a 123 Milhas. A determina\u00e7\u00e3o vale para todos os bancos do pa\u00eds. <\/p>\n<p> A decis\u00e3o da ju\u00edza Cl\u00e1udia Helena Batista, da 1\u00aa Vara Empresarial da Comarca de Belo Horizonte, acolheu um recurso da companhia. A magistrada \u00e9 respons\u00e1vel pelo processo de <a class href=\"https:\/\/g1.globo.com\/economia\/noticia\/2023\/08\/29\/123-milhas-entra-com-pedido-de-recuperacao-judicial.ghtml\">recupera\u00e7\u00e3o judicial da ag\u00eancia de viagens e outras empresas que comp\u00f5em a holding<\/a>. <\/p>\n<p> <a class href=\"https:\/\/g1.globo.com\/economia\/noticia\/2023\/08\/18\/agencia-de-viagens-123-milhas-suspende-pacotes-e-emissao-de-passagens-promocionais.ghtml\">Ap\u00f3s a divulga\u00e7\u00e3o da suspens\u00e3o da linha promocional<\/a>, a 123 Milhas alegou que v\u00e1rios clientes procuraram as institui\u00e7\u00f5es financeiras e contestaram as compras indevidamente, bloqueando o repasse de recursos. <\/p>\n<p> Segundo a ju\u00edza, a devolu\u00e7\u00e3o dos valores pagos aos consumidores, conhecida como &quot;chargeback&quot;, seria ileg\u00edtima neste momento, pois fere o princ\u00edpio da paridade entre os credores. <\/p>\n<p>&quot;[&#8230;] tratando-se de cr\u00e9ditos sujeitos aos efeitos do plano de recupera\u00e7\u00e3o judicial, a exemplo daqueles decorrentes de eventuais falhas na presta\u00e7\u00e3o de servi\u00e7os ocorridas anteriormente ao ajuizamento do feito, sua amortiza\u00e7\u00e3o atrav\u00e9s do estorno de valores via &#x27;chargeback&#x27; revela-se indevida [&#8230;]&quot;, afirmou a magistrada, em trecho da decis\u00e3o. <\/p>\n<p> <a class href=\"https:\/\/www.whatsapp.com\/channel\/0029Va3Pb2n0VycGfziTyW1L\" target=\"_blank\" rel=\"noopener noreferrer\">\u2705 Clique aqui para seguir o novo canal do g1 Minas no WhatsApp.<\/a> <\/p>\n<p> A senten\u00e7a <strong>n\u00e3o <\/strong>abrange contesta\u00e7\u00f5es fundamentadas em fraude, como compras n\u00e3o autorizadas pelo titular do cart\u00e3o, e em falha de servi\u00e7os contratados ap\u00f3s o ajuizamento da <a class href=\"https:\/\/g1.globo.com\/mg\/minas-gerais\/noticia\/2023\/09\/20\/justica-suspende-recuperacao-judicial-da-123-milhas.ghtml\">recupera\u00e7\u00e3o judicial<\/a>, que foram suspensas por ordem judicial. <\/p>\n<p>\u201cEssa decis\u00e3o \u00e9 gravosa para os consumidores, que ficam sendo obrigados a pagarem as parcelas vincendas mesmo sendo not\u00f3rio que n\u00e3o ter\u00e3o prestados os servi\u00e7os contratados\u201d, analisou o advogado Gabriel de Britto Silva, diretor jur\u00eddico do Instituto Brasileiro de Cidadania (Ibraci). <\/p>\n<p> A Justi\u00e7a Mineira tamb\u00e9m determinou o reembolso imediato dos montantes bloqueados pelas operadoras de cr\u00e9dito \u00e0 ag\u00eancia de viagens. <\/p>\n<p> A mesma decis\u00e3o atendeu outros pedidos da 123 Milhas, como a reativa\u00e7\u00e3o do fornecimento de base de dados de prote\u00e7\u00e3o ao cr\u00e9dito pela Serasa \u00e0s recuperandas e a restitui\u00e7\u00e3o dos valores amortizados como d\u00e9bito pelo Banco do Brasil, principal credor da empresa. <\/p>\n<p><h2>Recupera\u00e7\u00e3o judicial suspensa<\/h2>\n<\/p>\n<p> O pedido de <a class href=\"https:\/\/g1.globo.com\/mg\/minas-gerais\/noticia\/2023\/08\/29\/123-milhas-entra-com-pedido-de-recuperacao-judicial.ghtml\">recupera\u00e7\u00e3o judicial<\/a> feito pela <strong>123 Milhas<\/strong>, pela <strong>HotMilhas<\/strong>, controlada pela ag\u00eancia de viagens, e pela <strong>Novum Investimentos<\/strong>, s\u00f3cia da empresa, <a class href=\"https:\/\/g1.globo.com\/mg\/minas-gerais\/noticia\/2023\/08\/31\/justica-defere-pedido-de-recuperacao-judicial-de-123milhas.ghtml\">tinha sido aceito no dia 31 de agosto<\/a>. <\/p>\n<p> Em setembro, o <a class href=\"https:\/\/g1.globo.com\/mg\/minas-gerais\/noticia\/2023\/09\/20\/justica-suspende-recuperacao-judicial-da-123-milhas.ghtml\">TJMG suspendeu provisoriamente a recupera\u00e7\u00e3o judicial do grupo<\/a>, atendendo a um pedido do Banco do Brasil. No entanto, manteve o per\u00edodo de blindagem de 180 dias, em que ficam suspensas as a\u00e7\u00f5es ordin\u00e1rias e execu\u00e7\u00f5es contra a sociedade devedora. <\/p>\n<p> Em outubro, a Justi\u00e7a Mineira tamb\u00e9m <a class href=\"https:\/\/g1.globo.com\/mg\/minas-gerais\/noticia\/2023\/10\/02\/justica-inclui-maxmilhas-no-processo-de-recuperacao-judicial-da-123-milhas.ghtml\">aceitou o pedido da Maxmilhas<\/a>, que faz parte da holding, e incluiu a empresa no processo. <\/p>\n<p> <strong>LEIA TAMB\u00c9M:<\/strong> <\/p>\n<ul>\n<li><a class href=\"https:\/\/g1.globo.com\/jornal-nacional\/noticia\/2023\/10\/06\/cpi-conclui-que-a-123-milhas-operava-no-vermelho-4-anos-antes-de-pedir-recuperacao-judicial.ghtml\">CPI conclui que a 123 Milhas operava no vermelho 4 anos antes de pedir recupera\u00e7\u00e3o judicial<\/a><\/li>\n<li><a class href=\"https:\/\/g1.globo.com\/mg\/minas-gerais\/noticia\/2023\/10\/02\/justica-inclui-maxmilhas-no-processo-de-recuperacao-judicial-da-123-milhas.ghtml\">Justi\u00e7a inclui Maxmilhas no processo de recupera\u00e7\u00e3o judicial da 123 Milhas<\/a><\/li>\n<li><a class href=\"https:\/\/g1.globo.com\/mg\/minas-gerais\/noticia\/2023\/09\/20\/justica-suspende-recuperacao-judicial-da-123-milhas.ghtml\">Justi\u00e7a suspende recupera\u00e7\u00e3o judicial da 123 Milhas<\/a><\/li>\n<\/ul>\n<p><h2>Os v\u00eddeos mais vistos do g1 Minas: <\/h2>\n<\/p>\n<p>   <a href=\"https:\/\/g1.globo.com\/mg\/minas-gerais\/playlist\/videos-mais-assistidos-do-g1-mg-nos-ultimos-7-dias.ghtml\">    50 v\u00eddeos      <\/a>   <\/p>\n<ul> <\/ul>\n","protected":false},"excerpt":{"rendered":"<p>1 de 1&#013;Banner da 123 Milhas \u2014 Foto: Reprodu\u00e7\u00e3o\/TV Globo Banner da 123 Milhas \u2014 Foto: Reprodu\u00e7\u00e3o\/TV Globo O Tribunal de Justi\u00e7a de Minas Gerais (TJMG) suspendeu, nesta ter\u00e7a-feira (10), o estorno de passagens a\u00e9reas e pacotes tur\u00edsticos comprados pelo cart\u00e3o de cr\u00e9dito com a 123 Milhas. A determina\u00e7\u00e3o vale para todos os bancos do [&hellip;]<\/p>\n","protected":false},"author":1,"featured_media":0,"comment_status":"closed","ping_status":"closed","sticky":false,"template":"","format":"standard","meta":{"footnotes":""},"categories":[],"tags":[],"class_list":["post-54033","post","type-post","status-publish","format-standard","hentry"],"_links":{"self":[{"href":"https:\/\/blog.corretoraideal.com.br\/index.php\/wp-json\/wp\/v2\/posts\/54033","targetHints":{"allow":["GET"]}}],"collection":[{"href":"https:\/\/blog.corretoraideal.com.br\/index.php\/wp-json\/wp\/v2\/posts"}],"about":[{"href":"https:\/\/blog.corretoraideal.com.br\/index.php\/wp-json\/wp\/v2\/types\/post"}],"author":[{"embeddable":true,"href":"https:\/\/blog.corretoraideal.com.br\/index.php\/wp-json\/wp\/v2\/users\/1"}],"replies":[{"embeddable":true,"href":"https:\/\/blog.corretoraideal.com.br\/index.php\/wp-json\/wp\/v2\/comments?post=54033"}],"version-history":[{"count":1,"href":"https:\/\/blog.corretoraideal.com.br\/index.php\/wp-json\/wp\/v2\/posts\/54033\/revisions"}],"predecessor-version":[{"id":54035,"href":"https:\/\/blog.corretoraideal.com.br\/index.php\/wp-json\/wp\/v2\/posts\/54033\/revisions\/54035"}],"wp:attachment":[{"href":"https:\/\/blog.corretoraideal.com.br\/index.php\/wp-json\/wp\/v2\/media?parent=54033"}],"wp:term":[{"taxonomy":"category","embeddable":true,"href":"https:\/\/blog.corretoraideal.com.br\/index.php\/wp-json\/wp\/v2\/categories?post=54033"},{"taxonomy":"post_tag","embeddable":true,"href":"https:\/\/blog.corretoraideal.com.br\/index.php\/wp-json\/wp\/v2\/tags?post=54033"}],"curies":[{"name":"wp","href":"https:\/\/api.w.org\/{rel}","templated":true}]}}