{"id":54036,"date":"2023-10-11T07:31:07","date_gmt":"2023-10-11T07:31:07","guid":{"rendered":"https:\/\/blog.corretoraideal.com.br\/?p=54036"},"modified":"2023-10-11T07:31:07","modified_gmt":"2023-10-11T07:31:07","slug":"seus-dados-do-auxilio-brasil-vazaram-instituto-abre-consulta-para-checar-veja-o-passo-a-passo-economia-g1","status":"publish","type":"post","link":"https:\/\/blog.corretoraideal.com.br\/index.php\/2023\/10\/11\/seus-dados-do-auxilio-brasil-vazaram-instituto-abre-consulta-para-checar-veja-o-passo-a-passo-economia-g1\/","title":{"rendered":"Seus dados do Aux\u00edlio Brasil vazaram? Instituto abre consulta para checar; veja o passo a passo | Economia | G1"},"content":{"rendered":"<p>      1 de 3&#013;Aux\u00edlio Brasil \u2014 Foto: Andr\u00e9 Melo Andrade\/Immagini\/Estad\u00e3o Conte\u00fado    <\/p>\n<p> Aux\u00edlio Brasil \u2014 Foto: Andr\u00e9 Melo Andrade\/Immagini\/Estad\u00e3o Conte\u00fado <\/p>\n<p> O Instituto de Defesa da Prote\u00e7\u00e3o de Dados Pessoais, Compliance e Seguran\u00e7a da Informa\u00e7\u00e3o, conhecido como Instituto Sigilo, abriu uma p\u00e1gina na internet para que os <strong>benefici\u00e1rios do antigo <\/strong><a class href=\"https:\/\/g1.globo.com\/tudo-sobre\/auxilio-brasil\/\"><strong>Aux\u00edlio Brasil<\/strong><\/a><strong> consultem se tiveram seus dados vazados em 2022.<\/strong> (veja mais abaixo como fazer) <\/p>\n<p> A iniciativa veio ap\u00f3s a Justi\u00e7a determinar, no m\u00eas passado, que a <a class href=\"https:\/\/g1.globo.com\/tudo-sobre\/caixa-economica-federal\/\">Caixa Econ\u00f4mica Federal<\/a> e a Uni\u00e3o indenizem em <strong>R$ 15 mil<\/strong> cada pessoa que teve seus dados usados indevidamente. A decis\u00e3o foi proferida em 1\u00aa inst\u00e2ncia e, portanto, cabe recurso. <\/p>\n<p> A estimativa, conforme a a\u00e7\u00e3o movida pelo instituto, \u00e9 que cerca de 4 milh\u00f5es de brasileiros tenham tido informa\u00e7\u00f5es vazadas em outubro de 2022, ainda durante a gest\u00e3o do ex-presidente <a class href=\"https:\/\/g1.globo.com\/politica\/politico\/jair-bolsonaro\/\">Jair Bolsonaro<\/a> (<a class href=\"https:\/\/g1.globo.com\/politica\/partido\/pl\/\">PL<\/a>). <\/p>\n<p> Vale lembrar que o Aux\u00edlio Brasil <a class href=\"https:\/\/g1.globo.com\/economia\/noticia\/2021\/11\/09\/auxilio-brasil-x-bolsa-familia-compare-os-programas.ghtml\">substituiu o Bolsa Fam\u00edlia durante a gest\u00e3o Bolsonaro<\/a>. Em 2023, foi <a class href=\"https:\/\/g1.globo.com\/politica\/noticia\/2023\/03\/20\/governo-comeca-a-pagar-novo-bolsa-familia-nesta-segunda-20-com-valor-medio-de-r-670.ghtml\">rebatizado para Bolsa Fam\u00edlia <\/a>ap\u00f3s a elei\u00e7\u00e3o de <a class href=\"https:\/\/g1.globo.com\/politica\/politico\/lula\/\">Lula<\/a> (<a class href=\"https:\/\/g1.globo.com\/politica\/partido\/pt\/\">PT<\/a>). <\/p>\n<p> Segundo o processo judicial, est\u00e3o entre os dados vazados o endere\u00e7o completo, o n\u00famero de celular e a data de nascimento dos benefici\u00e1rios. (veja mais abaixo) <\/p>\n<p> Em nota, a Caixa disse que recorreu da decis\u00e3o e afirmou n\u00e3o ter identificado vazamento de dados sob sua guarda. Refor\u00e7ou ainda que possui infraestrutura adequada \u00e0 manuten\u00e7\u00e3o da integridade de sua base de dados. <\/p>\n<p><h2>Como consultar?<\/h2>\n<\/p>\n<p> O presidente do Instituto Sigilo, Victor Hugo Pereira Gon\u00e7alves, explica que o primeiro passo \u00e9 entrar no site <a class href=\"https:\/\/sigilo.org.br\/\" target=\"_blank\" rel=\"noopener noreferrer\">www.sigilo.org.br<\/a> e clicar em <strong>&quot;Conferir se eu tenho direito!&quot;<\/strong>. <\/p>\n<p>         2 de 3&#013;O primeiro passo \u00e9 clicar em &#039;Conferir se eu tenho direito!&#039;. \u2014 Foto: Reprodu\u00e7\u00e3o    <\/p>\n<p> O primeiro passo \u00e9 clicar em &#039;Conferir se eu tenho direito!&#039;. \u2014 Foto: Reprodu\u00e7\u00e3o <\/p>\n<p> Em seguida, \u00e9 preciso preencher um formul\u00e1rio com nome completo, e-mail, CPF e telefone do benefici\u00e1rio, al\u00e9m de ler a pol\u00edtica de privacidade e os termos de uso. \u00c9 opcional que, durante a consulta, o benefici\u00e1rio se associe \u00e0 ONG. <\/p>\n<p>         3 de 3&#013;Segundo passo \u00e9 preencher os dados e ler os termos de uso. \u2014 Foto: Reprodu\u00e7\u00e3o    <\/p>\n<p> Segundo passo \u00e9 preencher os dados e ler os termos de uso. \u2014 Foto: Reprodu\u00e7\u00e3o <\/p>\n<p> &quot;Nossa base de dados est\u00e1 protegida. Temos uma verifica\u00e7\u00e3o de seguran\u00e7a que torna esses dados anonimizados e s\u00f3 podem ser vistos dentro do nosso sistema&quot;, explica Victor Hugo. <\/p>\n<p> Ap\u00f3s confirmar as informa\u00e7\u00f5es, caso o benefici\u00e1rio<strong> n\u00e3o esteja<\/strong> na base de dados vazados, ir\u00e1 aparecer na tela a mensagem <strong>&quot;Voc\u00ea n\u00e3o est\u00e1 eleg\u00edvel&quot;<\/strong>. Do contr\u00e1rio, aparecer\u00e1 <strong>&quot;Voc\u00ea est\u00e1 eleg\u00edvel&quot;<\/strong>. <\/p>\n<p> Nesse \u00faltimo caso, a orienta\u00e7\u00e3o \u00e9 que o benefici\u00e1rio espere. Isso porque, apesar de decidido em 1\u00aa inst\u00e2ncia, o processo ainda est\u00e1 sendo julgado, explica Victor Hugo. <\/p>\n<p> &quot;Ainda n\u00e3o transitou em julgado. A a\u00e7\u00e3o vai continuar, com direito a recursos. A orienta\u00e7\u00e3o \u00e9 que a pessoa siga acompanhando nossos e-mails e nosso site, que vamos seguir informando at\u00e9 o fim da a\u00e7\u00e3o.&quot; <\/p>\n<p> Ap\u00f3s a conclus\u00e3o do processo, cada benefici\u00e1rio dever\u00e1 seguir com o apoio de seu pr\u00f3prio advogado. <\/p>\n<p><h2>Decis\u00e3o em 1\u00aa inst\u00e2ncia<\/h2>\n<\/p>\n<p> Al\u00e9m da Caixa e da Uni\u00e3o, a a\u00e7\u00e3o movida pelo Instituto Sigilo tamb\u00e9m tem como r\u00e9u a Autoridade Nacional de Prote\u00e7\u00e3o de Dados (ANPD) e a Empresa de Tecnologia e Informa\u00e7\u00f5es da Previd\u00eancia (Dataprev). <\/p>\n<p> O juiz Marco Aurelio De Mello Castrianni, da 1\u00aa Vara C\u00edvel Federal de S\u00e3o Paulo, afirmou que as institui\u00e7\u00f5es deveriam ter zelado pela prote\u00e7\u00e3o dos benefici\u00e1rios do programa, &quot;o que n\u00e3o ocorreu&quot;. <\/p>\n<p> &quot;Essas pessoas tinham a confian\u00e7a nos corr\u00e9us de que seus dados seriam resguardados, conforme disp\u00f5e a legisla\u00e7\u00e3o. Ademais, o acesso de tais dados por terceiros com finalidades fraudulentas e de m\u00e1 f\u00e9 tamb\u00e9m poder\u00e1 causar mais preju\u00edzos a essas v\u00edtimas&quot;, escreveu o magistrado. <\/p>\n<p> Segundo o processo, um correspondente banc\u00e1rio teria vazado informa\u00e7\u00f5es pessoais dos benefici\u00e1rios, como endere\u00e7o completo, n\u00famero de celular, data de nascimento e valor recebido pelo aux\u00edlio, al\u00e9m do N\u00famero de Identifica\u00e7\u00e3o Social (NIS) e CadSUS. <\/p>\n<p> O Instituto Sigilo, autor da a\u00e7\u00e3o, destacou na pe\u00e7a que a quantidade de dados vazados corresponde a 20% dos benefici\u00e1rios do Aux\u00edlio Brasil, e que o objetivo seria us\u00e1-los para a venda de produtos financeiros, principalmente o cr\u00e9dito consignado. A ONG teve como base dados e reportagem publicada pelo site &quot;The Brazilian Report&quot;. <\/p>\n<p> Em nota, a Dataprev afirmou que j\u00e1 adotou as medidas judiciais cab\u00edveis e ressaltou que n\u00e3o reconhece o vazamento de dados citado na a\u00e7\u00e3o, &quot;tendo em vista que n\u00e3o houve registro desse tipo de incidente em seus sistemas&quot;. <\/p>\n<ul>\n<li> <a href=\"https:\/\/g1.globo.com\/tudo-sobre\/auxilio-brasil\/\" class=\"entities__list-itemLink\" data-track-click=\"Aux\u00edlio Brasil\"> Aux\u00edlio Brasil <\/a> <\/li>\n<li> <a href=\"https:\/\/g1.globo.com\/tudo-sobre\/bolsa-familia\/\" class=\"entities__list-itemLink\" data-track-click=\"Bolsa Fam\u00edlia\"> Bolsa Fam\u00edlia <\/a> <\/li>\n<li> <a href=\"https:\/\/g1.globo.com\/tudo-sobre\/caixa-economica-federal\/\" class=\"entities__list-itemLink\" data-track-click=\"Caixa Econ\u00f4mica Federal\"> Caixa Econ\u00f4mica Federal <\/a> <\/li>\n<li> <a href=\"https:\/\/g1.globo.com\/politica\/politico\/jair-bolsonaro\/\" class=\"entities__list-itemLink\" data-track-click=\"Jair Bolsonaro\"> Jair Bolsonaro <\/a> <\/li>\n<li> <a href=\"https:\/\/g1.globo.com\/politica\/politico\/lula\/\" class=\"entities__list-itemLink\" data-track-click=\"Lula\"> Lula <\/a> <\/li>\n<li> <a href=\"https:\/\/g1.globo.com\/politica\/partido\/pl\/\" class=\"entities__list-itemLink\" data-track-click=\"PL\"> PL <\/a> <\/li>\n<li> <a href=\"https:\/\/g1.globo.com\/politica\/partido\/pt\/\" class=\"entities__list-itemLink\" data-track-click=\"PT\"> PT <\/a> <\/li>\n<\/ul>\n","protected":false},"excerpt":{"rendered":"<p>1 de 3&#013;Aux\u00edlio Brasil \u2014 Foto: Andr\u00e9 Melo Andrade\/Immagini\/Estad\u00e3o Conte\u00fado Aux\u00edlio Brasil \u2014 Foto: Andr\u00e9 Melo Andrade\/Immagini\/Estad\u00e3o Conte\u00fado O Instituto de Defesa da Prote\u00e7\u00e3o de Dados Pessoais, Compliance e Seguran\u00e7a da Informa\u00e7\u00e3o, conhecido como Instituto Sigilo, abriu uma p\u00e1gina na internet para que os benefici\u00e1rios do antigo Aux\u00edlio Brasil consultem se tiveram seus dados vazados [&hellip;]<\/p>\n","protected":false},"author":1,"featured_media":0,"comment_status":"closed","ping_status":"closed","sticky":false,"template":"","format":"standard","meta":{"footnotes":""},"categories":[],"tags":[],"class_list":["post-54036","post","type-post","status-publish","format-standard","hentry"],"_links":{"self":[{"href":"https:\/\/blog.corretoraideal.com.br\/index.php\/wp-json\/wp\/v2\/posts\/54036","targetHints":{"allow":["GET"]}}],"collection":[{"href":"https:\/\/blog.corretoraideal.com.br\/index.php\/wp-json\/wp\/v2\/posts"}],"about":[{"href":"https:\/\/blog.corretoraideal.com.br\/index.php\/wp-json\/wp\/v2\/types\/post"}],"author":[{"embeddable":true,"href":"https:\/\/blog.corretoraideal.com.br\/index.php\/wp-json\/wp\/v2\/users\/1"}],"replies":[{"embeddable":true,"href":"https:\/\/blog.corretoraideal.com.br\/index.php\/wp-json\/wp\/v2\/comments?post=54036"}],"version-history":[{"count":1,"href":"https:\/\/blog.corretoraideal.com.br\/index.php\/wp-json\/wp\/v2\/posts\/54036\/revisions"}],"predecessor-version":[{"id":54038,"href":"https:\/\/blog.corretoraideal.com.br\/index.php\/wp-json\/wp\/v2\/posts\/54036\/revisions\/54038"}],"wp:attachment":[{"href":"https:\/\/blog.corretoraideal.com.br\/index.php\/wp-json\/wp\/v2\/media?parent=54036"}],"wp:term":[{"taxonomy":"category","embeddable":true,"href":"https:\/\/blog.corretoraideal.com.br\/index.php\/wp-json\/wp\/v2\/categories?post=54036"},{"taxonomy":"post_tag","embeddable":true,"href":"https:\/\/blog.corretoraideal.com.br\/index.php\/wp-json\/wp\/v2\/tags?post=54036"}],"curies":[{"name":"wp","href":"https:\/\/api.w.org\/{rel}","templated":true}]}}