{"id":54039,"date":"2023-10-11T12:31:50","date_gmt":"2023-10-11T12:31:50","guid":{"rendered":"https:\/\/blog.corretoraideal.com.br\/?p=54039"},"modified":"2023-10-11T12:31:50","modified_gmt":"2023-10-11T12:31:50","slug":"dolar-abre-em-baixa-com-inflacao-brasileira-abaixo-do-esperado-economia-g1","status":"publish","type":"post","link":"https:\/\/blog.corretoraideal.com.br\/index.php\/2023\/10\/11\/dolar-abre-em-baixa-com-inflacao-brasileira-abaixo-do-esperado-economia-g1\/","title":{"rendered":"D\u00f3lar abre em baixa com infla\u00e7\u00e3o brasileira abaixo do esperado | Economia | G1"},"content":{"rendered":"<p>      1 de 1&#013;D\u00f3lar opera em baixa, com infla\u00e7\u00e3o abaixo das expectativas. \u2014 Foto: adobe stock    <\/p>\n<p> D\u00f3lar opera em baixa, com infla\u00e7\u00e3o abaixo das expectativas. \u2014 Foto: adobe stock <\/p>\n<p> O d\u00f3lar abriu em baixa nesta quarta-feira (11), v\u00e9spera de feriado no Brasil, ap\u00f3s a divulga\u00e7\u00e3o da infla\u00e7\u00e3o de setembro, que veio abaixo das estimativas. <a class href=\"https:\/\/g1.globo.com\/economia\/noticia\/2023\/10\/11\/ipca-sobe-026percent-em-setembro.ghtml\">O \u00cdndice de Pre\u00e7os ao Consumidor Amplo (IPCA) subiu 0,26% em setembro<\/a>, segundo o Instituto Brasileiro de Geografia e Estat\u00edstica (<a class href=\"https:\/\/g1.globo.com\/tudo-sobre\/ibge\/\">IBGE<\/a>), enquanto o mercado projetava uma alta maior, de 0,34%. <\/p>\n<p> O mercado internacional tamb\u00e9m tem um tom mais positivo, no in\u00edcio do dia, refletindo novos discursos de dirigentes do Federal Reserve (<a class href=\"https:\/\/g1.globo.com\/tudo-sobre\/fed\/\">Fed<\/a>, o banco central americano), que aumentaram a percep\u00e7\u00e3o de que novas altas expressivas nas taxas de juros dos <a class href=\"https:\/\/g1.globo.com\/tudo-sobre\/estados-unidos\/\">Estados Unidos<\/a> podem n\u00e3o ser mais necess\u00e1rias. <\/p>\n<p> <strong>Veja abaixo o dia nos mercados.<\/strong> <\/p>\n<p><h2>D\u00f3lar<\/h2>\n<\/p>\n<p> \u00c0s 09h05, o d\u00f3lar ca\u00eda 0,25%, cotado a R$ 5,0435. <a class href=\"https:\/\/valor.globo.com\/valor-data\/\">Veja mais cota\u00e7\u00f5es.<\/a> <\/p>\n<p> <strong>No preg\u00e3o anterior, a moeda norte-americana terminou o dia com forte queda de 1,44%, cotada a R$ 5,0562.<\/strong> Com o resultado, a moeda passou a acumular: <\/p>\n<ul>\n<li><strong>queda de 2,04% na semana; <\/strong><\/li>\n<li><strong>alta de 0,59% no m\u00eas;<\/strong><\/li>\n<li><strong>queda de 4,20% no ano.<\/strong><\/li>\n<\/ul>\n<p><h2><a class href=\"https:\/\/g1.globo.com\/tudo-sobre\/ibovespa\/\">Ibovespa<\/a><\/h2>\n<\/p>\n<p> O <a class href=\"https:\/\/g1.globo.com\/tudo-sobre\/ibovespa\/\">Ibovespa<\/a> s\u00f3 come\u00e7a a operar \u00e0s 10h. <\/p>\n<p> <strong>Na v\u00e9spera, o \u00edndice fechou em alta de 1,37%, aos 116.737 pontos.<\/strong> Com o resultado, passou a acumular: <\/p>\n<ul>\n<li><strong>alta de 2,25% na semana;<\/strong><\/li>\n<li><strong>alta de 0,15% no m\u00eas;<\/strong><\/li>\n<li><strong>alta de 6,38% no ano.<\/strong><\/li>\n<\/ul>\n<p> <strong>LEIA TAMB\u00c9M<\/strong> <\/p>\n<ul>\n<li><strong>DINHEIRO OU CART\u00c3O? <\/strong><a class href=\"https:\/\/g1.globo.com\/economia\/noticia\/2022\/03\/26\/dinheiro-ou-cartao-qual-a-melhor-forma-de-levar-dolares-em-viagens.ghtml\">Qual a melhor forma de levar d\u00f3lares em viagens?<\/a><\/li>\n<li><strong>D\u00d3LAR: <\/strong><a class href=\"https:\/\/g1.globo.com\/economia\/noticia\/2022\/04\/05\/dolar-qual-o-melhor-momento-para-comprar.ghtml\">Qual o melhor momento para comprar a moeda? <\/a><\/li>\n<\/ul>\n<p><h2>O que est\u00e1 mexendo com os mercados?<\/h2>\n<\/p>\n<p> O IPCA subiu menos que o esperado, mas mostrou uma acelera\u00e7\u00e3o frente \u00e0 agosto, quando tinha subido 0,23%. A alta da infla\u00e7\u00e3o em setembro foi puxada, mais uma vez, pelo aumento nos pre\u00e7os da gasolina &#8211; que registrou um avan\u00e7o de 2,8% no m\u00eas. <\/p>\n<p> No acumulado em 12 meses, a infla\u00e7\u00e3o tem alta de 5,19%, enquanto no ano, at\u00e9 aqui, o \u00edndice avan\u00e7ou 3,50%, ainda dentro da meta de infla\u00e7\u00e3o do Banco Central do Brasil (BC), de 3,25%, podendo oscilar entre 1,75% e 4,75%. <\/p>\n<p> Especialistas explicam que infla\u00e7\u00e3o controlada \u00e9 positivo para a economia, principalmente para o controle dos juros. A Selic, taxa b\u00e1sica de juros do pa\u00eds, est\u00e1 em 12,75% ao ano, depois de dois cortes de 0,50 ponto percentual promovidos pelo Comit\u00ea de Pol\u00edtica Monet\u00e1ria (Copom). A expectativa \u00e9 que novos cortes aconte\u00e7am nos pr\u00f3ximos meses. <\/p>\n<p> Al\u00e9m do tom mais positivo no Brasil, o exterior tamb\u00e9m traz boas not\u00edcias, com destaque para os <a class href=\"https:\/\/g1.globo.com\/tudo-sobre\/estados-unidos\/\">Estados Unidos<\/a>. Dirigentes do <a class href=\"https:\/\/g1.globo.com\/tudo-sobre\/fed\/\">Fed<\/a> afirmaram que muitos contratos j\u00e1 est\u00e3o sendo balizados pelas taxas de juros futuros, do rendimento dos t\u00edtulos p\u00fablicos no pa\u00eds, que atingiram o maior patamar desde 2007 na \u00faltima semana. <\/p>\n<p> Isso pode gerar um efeito na economia desejado pelo <a class href=\"https:\/\/g1.globo.com\/tudo-sobre\/fed\/\">Fed<\/a>, de controle da infla\u00e7\u00e3o. Assim, novas altas nas taxas pelo <a class href=\"https:\/\/g1.globo.com\/tudo-sobre\/fed\/\">Fed<\/a> s\u00f3 ser\u00e3o realizadas se houver muita necessidade e com muita cautela, como afirmou o vice-presidente da institui\u00e7\u00e3o, Philip Jefferson. <\/p>\n<p> Continua pesando sobre os neg\u00f3cios, por\u00e9m, a escalada dos conflitos entre <a class href=\"https:\/\/g1.globo.com\/tudo-sobre\/israel\/\">Israel<\/a> e Hamas. A principal preocupa\u00e7\u00e3o econ\u00f4mica com o confronto \u00e9 em rela\u00e7\u00e3o ao petr\u00f3leo, tendo em vista que a regi\u00e3o do Oriente M\u00e9dio \u00e9 uma importante produtora e exportadora da commodity. <\/p>\n<p> Segundo o Fundo Monet\u00e1rio Internacional (FMI), ainda \u00e9 cedo para dizer se a guerra trar\u00e1 impactos para a economia, mas h\u00e1 cautela com o pre\u00e7o do petr\u00f3leo, que pode trazer impactos sobre a infla\u00e7\u00e3o e afetar o crescimento econ\u00f4mico em n\u00edvel global <\/p>\n<ul>\n<li> <a href=\"https:\/\/g1.globo.com\/tudo-sobre\/bmf-bovespa\/\" class=\"entities__list-itemLink\" data-track-click=\"B3\"> B3 <\/a> <\/li>\n<li> <a href=\"https:\/\/g1.globo.com\/tudo-sobre\/estados-unidos\/\" class=\"entities__list-itemLink\" data-track-click=\"Estados Unidos\"> Estados Unidos <\/a> <\/li>\n<li> <a href=\"https:\/\/g1.globo.com\/tudo-sobre\/fed\/\" class=\"entities__list-itemLink\" data-track-click=\"FED\"> FED <\/a> <\/li>\n<li> <a href=\"https:\/\/g1.globo.com\/tudo-sobre\/fatah\/\" class=\"entities__list-itemLink\" data-track-click=\"Fatah\"> Fatah <\/a> <\/li>\n<li> <a href=\"https:\/\/g1.globo.com\/tudo-sobre\/ibge\/\" class=\"entities__list-itemLink\" data-track-click=\"IBGE\"> IBGE <\/a> <\/li>\n<li> <a href=\"https:\/\/g1.globo.com\/tudo-sobre\/ibovespa\/\" class=\"entities__list-itemLink\" data-track-click=\"Ibovespa\"> Ibovespa <\/a> <\/li>\n<li> <a href=\"https:\/\/g1.globo.com\/tudo-sobre\/israel\/\" class=\"entities__list-itemLink\" data-track-click=\"Israel\"> Israel <\/a> <\/li>\n<\/ul>\n","protected":false},"excerpt":{"rendered":"<p>1 de 1&#013;D\u00f3lar opera em baixa, com infla\u00e7\u00e3o abaixo das expectativas. \u2014 Foto: adobe stock D\u00f3lar opera em baixa, com infla\u00e7\u00e3o abaixo das expectativas. \u2014 Foto: adobe stock O d\u00f3lar abriu em baixa nesta quarta-feira (11), v\u00e9spera de feriado no Brasil, ap\u00f3s a divulga\u00e7\u00e3o da infla\u00e7\u00e3o de setembro, que veio abaixo das estimativas. O \u00cdndice [&hellip;]<\/p>\n","protected":false},"author":1,"featured_media":0,"comment_status":"closed","ping_status":"closed","sticky":false,"template":"","format":"standard","meta":{"footnotes":""},"categories":[],"tags":[],"class_list":["post-54039","post","type-post","status-publish","format-standard","hentry"],"_links":{"self":[{"href":"https:\/\/blog.corretoraideal.com.br\/index.php\/wp-json\/wp\/v2\/posts\/54039","targetHints":{"allow":["GET"]}}],"collection":[{"href":"https:\/\/blog.corretoraideal.com.br\/index.php\/wp-json\/wp\/v2\/posts"}],"about":[{"href":"https:\/\/blog.corretoraideal.com.br\/index.php\/wp-json\/wp\/v2\/types\/post"}],"author":[{"embeddable":true,"href":"https:\/\/blog.corretoraideal.com.br\/index.php\/wp-json\/wp\/v2\/users\/1"}],"replies":[{"embeddable":true,"href":"https:\/\/blog.corretoraideal.com.br\/index.php\/wp-json\/wp\/v2\/comments?post=54039"}],"version-history":[{"count":1,"href":"https:\/\/blog.corretoraideal.com.br\/index.php\/wp-json\/wp\/v2\/posts\/54039\/revisions"}],"predecessor-version":[{"id":54041,"href":"https:\/\/blog.corretoraideal.com.br\/index.php\/wp-json\/wp\/v2\/posts\/54039\/revisions\/54041"}],"wp:attachment":[{"href":"https:\/\/blog.corretoraideal.com.br\/index.php\/wp-json\/wp\/v2\/media?parent=54039"}],"wp:term":[{"taxonomy":"category","embeddable":true,"href":"https:\/\/blog.corretoraideal.com.br\/index.php\/wp-json\/wp\/v2\/categories?post=54039"},{"taxonomy":"post_tag","embeddable":true,"href":"https:\/\/blog.corretoraideal.com.br\/index.php\/wp-json\/wp\/v2\/tags?post=54039"}],"curies":[{"name":"wp","href":"https:\/\/api.w.org\/{rel}","templated":true}]}}