{"id":54047,"date":"2023-10-11T17:38:27","date_gmt":"2023-10-11T17:38:27","guid":{"rendered":"https:\/\/blog.corretoraideal.com.br\/?p=54047"},"modified":"2023-10-11T17:38:27","modified_gmt":"2023-10-11T17:38:27","slug":"ipca-sobe-026-em-setembro-puxado-novamente-pela-gasolina-economia-g1","status":"publish","type":"post","link":"https:\/\/blog.corretoraideal.com.br\/index.php\/2023\/10\/11\/ipca-sobe-026-em-setembro-puxado-novamente-pela-gasolina-economia-g1\/","title":{"rendered":"IPCA sobe 0,26% em setembro, puxado novamente pela gasolina | Economia | G1"},"content":{"rendered":"\n<p> O \u00cdndice Nacional de Pre\u00e7os ao Consumidor Amplo (<a class href=\"https:\/\/g1.globo.com\/tudo-sobre\/ipca\/\">IPCA<\/a>), considerado a infla\u00e7\u00e3o oficial do pa\u00eds, subiu 0,26% em setembro, segundo dados divulgados nesta quarta-feira (11) pelo Instituto Brasileiro de Geografia e Estat\u00edstica (<a class href=\"https:\/\/g1.globo.com\/tudo-sobre\/ibge\/\">IBGE<\/a>). <\/p>\n<p> O indicador voltou a acelerar em rela\u00e7\u00e3o ao m\u00eas anterior, puxado desta vez pela gasolina, que teve uma alta de 2,8% em setembro e uma contribui\u00e7\u00e3o de 0,14 ponto percentual no \u00edndice geral. <\/p>\n<p> Em agosto, o IPCA fechou <a class href=\"https:\/\/g1.globo.com\/economia\/noticia\/2023\/09\/12\/ipca-sobe-023percent-em-agosto.ghtml\">com alta de 0,23%.<\/a> J\u00e1 em setembro de 2022, o pa\u00eds havia<a class href=\"https:\/\/g1.globo.com\/economia\/noticia\/2022\/10\/11\/ipca-inflacao-fica-em-029percent-em-setembro-aponta-ibge.ghtml\"> registrado defla\u00e7\u00e3o de 0,36%<\/a>, na esteira da desonera\u00e7\u00e3o de combust\u00edveis. <\/p>\n<p> <strong>Com isso, o pa\u00eds passa a ter uma infla\u00e7\u00e3o acumulada de 5,19% na janela de 12 meses.<\/strong> No ano, acumula alta de 3,5%. <\/p>\n<p> O resultado veio abaixo das expectativas do mercado financeiro, que esperava alta de 0,33% no m\u00eas. Em 12 meses, no entanto, o indicador <strong>voltou a sair do intervalo das metas de infla\u00e7\u00e3o perseguidas pelo Banco Central.<\/strong> A meta \u00e9 de 3,25%, com toler\u00e2ncia entre 1,75% e 4,75%. <\/p>\n<p> Seis dos nove grupos que comp\u00f5em o IPCA tiveram alta no m\u00eas, com destaque para Transportes (1,4%), que abriga o avan\u00e7o nos pre\u00e7os dos combust\u00edveis. Al\u00e9m da gasolina, outro aumento relevante do grupo vem das passagens a\u00e9reas, que subiram 13,47% em setembro. <\/p>\n<p><h2>Veja o resultado dos grupos do IPCA:<\/h2>\n<\/p>\n<ul>\n<li><strong>Alimenta\u00e7\u00e3o e bebidas<\/strong>: -0,71%;<\/li>\n<li><strong>Habita\u00e7\u00e3o<\/strong>: 0,47%;<\/li>\n<li><strong>Artigos de resid\u00eancia<\/strong>: -0,58%;<\/li>\n<li><strong>Vestu\u00e1rio<\/strong>: 0,38%;<\/li>\n<li><strong>Transportes<\/strong>: 1,40%;<\/li>\n<li><strong>Sa\u00fade e cuidados pessoais<\/strong>: 0,04%;<\/li>\n<li><strong>Despesas pessoais<\/strong>: 0,45%;<\/li>\n<li><strong>Educa\u00e7\u00e3o<\/strong>: 0,05%;<\/li>\n<li><strong>Comunica\u00e7\u00e3o<\/strong>: -0,11%.<\/li>\n<\/ul>\n<p><h2>Press\u00e3o em Transportes<\/h2>\n<\/p>\n<p> <strong>A gasolina \u00e9 o subitem do IPCA que mais subiu em 2023, com alta acumulada de 16,18% no ano.<\/strong> A varia\u00e7\u00e3o em 12 meses \u00e9 de 16,57%, o que mostra como o combust\u00edvel sofreu press\u00e3o desde a virada do ano. <\/p>\n<p> Neste m\u00eas, o avan\u00e7o nos pre\u00e7os da gasolina contribuiu para um aumento de 2,7% no item combust\u00edveis. Dentro do grupo, <strong>vale mais um destaque para o diesel, que teve alta de 10,11% no m\u00eas.<\/strong> J\u00e1 o g\u00e1s veicular subiu 0,66%, enquanto o etanol registrou queda de 0,62%. <\/p>\n<p> Ainda em Transportes, segue a volatilidade de pre\u00e7os de passagens a\u00e9reas. Neste m\u00eas, houve alta de 13,47% e participa\u00e7\u00e3o de 0,07 p.p. no indicador, vindo de uma queda de 11,69% no m\u00eas anterior. <\/p>\n<p>                   <img loading=\"lazy\" decoding=\"async\" class=\"aligncenter size-full wp-image-54049\" src=\"https:\/\/blog.corretoraideal.com.br\/wp-content\/uploads\/2023\/10\/inflacao-de-setembro-tem-indice-abaixo-da-previsao-do-mercado-e-miriam-leitao-comenta-sobre-as-expectativas-daqui-para-frente.jpeg\" alt=\"Infla\u00e7\u00e3o de setembro tem \u00edndice abaixo da previs\u00e3o do mercado e Miriam Leit\u00e3o comenta sobre as expectativas daqui para frente\" width=\"800\" height=\"400\" \/>      <\/p>\n<p> Infla\u00e7\u00e3o de setembro tem \u00edndice abaixo da previs\u00e3o do mercado e Miriam Leit\u00e3o comenta sobre as expectativas daqui para frente <\/p>\n<p><h2>Alimenta\u00e7\u00e3o e bebidas em queda<\/h2>\n<\/p>\n<p> O grupo de Alimenta\u00e7\u00e3o e bebidas registrou o maior peso no IPCA de setembro (21,1%), e teve queda de 0,71% no m\u00eas. <strong>Foi a quarta defla\u00e7\u00e3o seguida nos pre\u00e7os do grupo, acumulando redu\u00e7\u00e3o de 2,65% no per\u00edodo.<\/strong> <\/p>\n<p>       De modo geral, temos um ano com safra grande que tem contribu\u00eddo para maior disponibilidade de alimentos no mercado. Essa maior oferta reduziu os pre\u00e7os de subitens importantes, como carnes e leite.      \u2014 Andr\u00e9 Almeida, gerente de IPCA do IBGE      <\/p>\n<p> Quem puxa os resultados de defla\u00e7\u00e3o do grupo \u00e9 o item Alimenta\u00e7\u00e3o no domic\u00edlio, que engloba artigos de alimenta\u00e7\u00e3o in natura. No \u00faltimo m\u00eas, o recuo foi de 1,02%. Mas expandindo a an\u00e1lise e considerando os quatro meses de queda dos pre\u00e7os do grupo, <strong>o item acumula retra\u00e7\u00e3o de 4,01% no per\u00edodo.<\/strong> <\/p>\n<p> De volta ao m\u00eas de setembro, o IBGE destaca as quedas da batata-inglesa (-10,41%), da cebola (-8,08%), do ovo de galinha (-4,96%), do leite longa vida (-4,06%) e das carnes (-2,10%). <\/p>\n<p> Quem freia uma redu\u00e7\u00e3o mais acentuada dos Alimentos e bebidas \u00e9 o item Alimenta\u00e7\u00e3o fora do domic\u00edlio. No m\u00eas, a alta foi de 0,12%. Apesar de ser uma desacelera\u00e7\u00e3o em rela\u00e7\u00e3o a agosto (0,22%), nos quatro meses em quest\u00e3o, <strong>o grupamento tem avan\u00e7o de 1,01% no acumulado.<\/strong> <\/p>\n<p> &quot;As altas da refei\u00e7\u00e3o (0,13%) e do lanche (0,09%) foram menos intensas do que as observadas em agosto (de 0,18% e 0,30%, respectivamente)&quot;, destaca o IBGE. <\/p>\n<p><h2>Servi\u00e7os e monitorados<\/h2>\n<\/p>\n<p> Um dos principais n\u00facleos olhados pelo Banco Central (BC) para a condu\u00e7\u00e3o da taxa b\u00e1sica de juros, a infla\u00e7\u00e3o de servi\u00e7os teve leve acelera\u00e7\u00e3o no m\u00eas de setembro. A alta no m\u00eas foi de 0,5% contra 0,08% em agosto. <\/p>\n<p> <strong>No acumulado de 12 meses, a infla\u00e7\u00e3o de servi\u00e7os acumula 5,54%.<\/strong> Na medi\u00e7\u00e3o anterior, eram 5,43%. A principal influ\u00eancia para a acelera\u00e7\u00e3o veio das passagens a\u00e9reas, que t\u00eam sido bastante vol\u00e1teis m\u00eas a m\u00eas. <\/p>\n<p> Ainda assim, os servi\u00e7os ainda est\u00e3o bem abaixo do pico que registraram em julho de 2022, quando subiram quase 9% na janela de 12 meses. Com o aumento do \u00edndice geral, inclusive, eles se aproximam do restante da cesta e deixam de descolar dos resultados agregados. <\/p>\n<p> Quem voltou a chamar aten\u00e7\u00e3o foram os pre\u00e7os monitorados. S\u00e3o itens cujos pre\u00e7os s\u00e3o definidos pelo setor p\u00fablico ou por contratos. A alta para o m\u00eas de setembro foi de 1,11%, contra 1,26% em agosto. <\/p>\n<p> <strong>Acontece que a janela de 12 meses passou a acumular alta de 10,21% na medi\u00e7\u00e3o de setembro<\/strong>, contra 7,69% do m\u00eas anterior. A influ\u00eancia mais clara, evidentemente, \u00e9 a gasolina. <\/p>\n<p>       Dos mais de 360 itens medidos pelo IPCA, uma parcela sofre aumentos por fatores de demanda, mas a din\u00e2mica da infla\u00e7\u00e3o tem sido bastante influenciada pelos monitorados.      \u2014 Andr\u00e9 Almeida, gerente de IPCA do IBGE      <\/p>\n<p><h2>Resultado abaixo das expectativas<\/h2>\n<\/p>\n<p> A mediana das expectativas do mercado financeiro apontava para uma alta de 0,33% no IPCA de setembro. O resultado surpreendeu para baixo e trouxe boas not\u00edcias sobre o comportamento dos pre\u00e7os, segundo analistas. <\/p>\n<p> &quot;A despeito de servi\u00e7os terem acelerado no m\u00eas, os demais itens que comp\u00f5em o \u00edndice mostraram um qualitativo benigno, com difus\u00e3o muito baixa e as diversas medidas de n\u00facleos bem-comportadas&quot;, diz Jo\u00e3o Savignon, chefe de pesquisa macroecon\u00f4mica da K\u00ednitro Capital. <\/p>\n<p> &quot;Assim, as aberturas do dado de hoje refor\u00e7am a din\u00e2mica recente da infla\u00e7\u00e3o no pa\u00eds e o plano de voo do Banco Central no ciclo de cortes de juros&quot;, prossegue. <\/p>\n<p> O \u00edndice de difus\u00e3o foi de 43%, o menor desde julho de 2017. Trata-se da propor\u00e7\u00e3o de subitens que tiveram uma varia\u00e7\u00e3o positiva no m\u00eas. Um \u00edndice menor significa que menos subitens tiveram varia\u00e7\u00e3o positiva e, portanto, a alta de pre\u00e7os est\u00e1 menos espalhada. <\/p>\n<p> J\u00e1 Alex Agostini, economista-chefe da Austin Rating, destaca que o aumento de Transportes e de Sa\u00fade e cuidados pessoais (0,04%) vieram abaixo do esperado, reajustando as proje\u00e7\u00f5es de infla\u00e7\u00e3o da ag\u00eancia. A expectativa agora \u00e9 de 4,75% para o ano, dentro da meta de infla\u00e7\u00e3o. <\/p>\n<p> &quot;O importante, e que foi uma surpresa muito positiva, \u00e9 que servi\u00e7os teve uma alta muito concentrada em passagens a\u00e9reas. \u00c9 algo pontual e sem preocupa\u00e7\u00e3o. Os bens industriais ainda est\u00e3o em terreno negativo, de 0,6%. E a difus\u00e3o foi muito menor que a m\u00e9dia. Em 2022, chegou a 70%&quot;, diz o analista. <\/p>\n<p> &quot;A infla\u00e7\u00e3o vem perdendo for\u00e7a e a estrat\u00e9gia do BC, ainda contracionista, permite que ela continue convergindo para a meta&quot;, explica. <\/p>\n<p> A economista-chefe da B.Side Investimentos, Helena Veronese, tamb\u00e9m afirma que os resultados permitem que o BC prossiga uma din\u00e2mica de cortes de 0,50 ponto percentual na taxa b\u00e1sica de juros. <\/p>\n<p> &quot;A composi\u00e7\u00e3o inflacion\u00e1ria veio muito benigna. Apesar de o cen\u00e1rio externo estar mais complicado, o interno continua comportado e permitindo a manuten\u00e7\u00e3o da estrat\u00e9gia por aqui&quot;, afirma a economista. <\/p>\n<p><h2>INPC tem alta de 0,11% em setembro<\/h2>\n<\/p>\n<p> O \u00cdndice Nacional de Pre\u00e7os ao Consumidor (INPC) \u2014 que \u00e9 usado como refer\u00eancia para reajustes do sal\u00e1rio m\u00ednimo, pois calcula a infla\u00e7\u00e3o para fam\u00edlias com renda mais baixa \u2014 teve alta de 0,11% em setembro. Em agosto, houve alta de 0,20%. <\/p>\n<p> Assim, o INPC acumula alta de 2,91% no ano e de 4,51% nos \u00faltimos 12 meses. Em setembro de 2022, a taxa foi de -0,32%. <\/p>\n<p> &quot;Os produtos aliment\u00edcios tiveram recuo de 0,74% ap\u00f3s ca\u00edrem 0,91% em agosto. J\u00e1 os pre\u00e7os dos produtos n\u00e3o aliment\u00edcios subiram 0,38%, menos do que no m\u00eas anterior, quando a alta foi de 0,56%&quot;, destaca o IBGE. <\/p>\n<ul>\n<li> <a href=\"https:\/\/g1.globo.com\/tudo-sobre\/banco-central-do-brasil\/\" class=\"entities__list-itemLink\" data-track-click=\"Banco Central do Brasil\"> Banco Central do Brasil <\/a> <\/li>\n<li> <a href=\"https:\/\/g1.globo.com\/tudo-sobre\/ibge\/\" class=\"entities__list-itemLink\" data-track-click=\"IBGE\"> IBGE <\/a> <\/li>\n<li> <a href=\"https:\/\/g1.globo.com\/tudo-sobre\/ipca\/\" class=\"entities__list-itemLink\" data-track-click=\"IPCA\"> IPCA <\/a> <\/li>\n<\/ul>\n","protected":false},"excerpt":{"rendered":"<p>O \u00cdndice Nacional de Pre\u00e7os ao Consumidor Amplo (IPCA), considerado a infla\u00e7\u00e3o oficial do pa\u00eds, subiu 0,26% em setembro, segundo dados divulgados nesta quarta-feira (11) pelo Instituto Brasileiro de Geografia e Estat\u00edstica (IBGE). O indicador voltou a acelerar em rela\u00e7\u00e3o ao m\u00eas anterior, puxado desta vez pela gasolina, que teve uma alta de 2,8% em [&hellip;]<\/p>\n","protected":false},"author":1,"featured_media":0,"comment_status":"closed","ping_status":"closed","sticky":false,"template":"","format":"standard","meta":{"footnotes":""},"categories":[],"tags":[],"class_list":["post-54047","post","type-post","status-publish","format-standard","hentry"],"_links":{"self":[{"href":"https:\/\/blog.corretoraideal.com.br\/index.php\/wp-json\/wp\/v2\/posts\/54047","targetHints":{"allow":["GET"]}}],"collection":[{"href":"https:\/\/blog.corretoraideal.com.br\/index.php\/wp-json\/wp\/v2\/posts"}],"about":[{"href":"https:\/\/blog.corretoraideal.com.br\/index.php\/wp-json\/wp\/v2\/types\/post"}],"author":[{"embeddable":true,"href":"https:\/\/blog.corretoraideal.com.br\/index.php\/wp-json\/wp\/v2\/users\/1"}],"replies":[{"embeddable":true,"href":"https:\/\/blog.corretoraideal.com.br\/index.php\/wp-json\/wp\/v2\/comments?post=54047"}],"version-history":[{"count":1,"href":"https:\/\/blog.corretoraideal.com.br\/index.php\/wp-json\/wp\/v2\/posts\/54047\/revisions"}],"predecessor-version":[{"id":54050,"href":"https:\/\/blog.corretoraideal.com.br\/index.php\/wp-json\/wp\/v2\/posts\/54047\/revisions\/54050"}],"wp:attachment":[{"href":"https:\/\/blog.corretoraideal.com.br\/index.php\/wp-json\/wp\/v2\/media?parent=54047"}],"wp:term":[{"taxonomy":"category","embeddable":true,"href":"https:\/\/blog.corretoraideal.com.br\/index.php\/wp-json\/wp\/v2\/categories?post=54047"},{"taxonomy":"post_tag","embeddable":true,"href":"https:\/\/blog.corretoraideal.com.br\/index.php\/wp-json\/wp\/v2\/tags?post=54047"}],"curies":[{"name":"wp","href":"https:\/\/api.w.org\/{rel}","templated":true}]}}