{"id":54051,"date":"2023-10-11T20:32:15","date_gmt":"2023-10-11T20:32:15","guid":{"rendered":"https:\/\/blog.corretoraideal.com.br\/?p=54051"},"modified":"2023-10-11T20:32:15","modified_gmt":"2023-10-11T20:32:15","slug":"dia-das-criancas-campos-tem-programacao-de-lazer-e-esportivas-nesta-quinta-feira-norte-fluminense-g1","status":"publish","type":"post","link":"https:\/\/blog.corretoraideal.com.br\/index.php\/2023\/10\/11\/dia-das-criancas-campos-tem-programacao-de-lazer-e-esportivas-nesta-quinta-feira-norte-fluminense-g1\/","title":{"rendered":"Dia das Crian\u00e7as: Campos tem programa\u00e7\u00e3o de lazer e esportivas nesta quinta-feira | Norte Fluminense | G1"},"content":{"rendered":"\n<p> O Dia das Crian\u00e7as, comemorado nesta quinta-feira (12), ser\u00e1 marcado por ampla programa\u00e7\u00e3o oferecida pela Funda\u00e7\u00e3o Municipal de Esportes (FME), em <a class href=\"https:\/\/g1.globo.com\/rj\/norte-fluminense\/cidade\/campos-dos-goytacazes\/\">Campos dos Goytacazes<\/a>, no Norte Fluminense. <\/p>\n<p> As crian\u00e7as v\u00e3o poder participar de v\u00e1rias atividades de lazer e esportivas entre 8h e 12h no Jardim S\u00e3o Benedito. <\/p>\n<p> \u201cO Dia das Crian\u00e7as \u00e9 muito especial por se tratar de um momento de lazer, com brincadeiras e jogos esportivos. Eles ficam ansiosos pela data e poder proporcionar uma agenda que valoriza a qualidade de vida e felicidade dos pequenos \u00e9 muito importante. Al\u00e9m disso \u00e9 um evento tradicional e que j\u00e1 faz parte do calend\u00e1rio anual da FME\u201d, ressaltou o presidente da Funda\u00e7\u00e3o, Luciano Viana. <\/p>\n<p> A programa\u00e7\u00e3o inclui diversas modalidades: funcional kids, v\u00f4lei kids, futsal kids, ritmos kids e patins. <\/p>\n<p> \u201cDestacamos que o evento \u00e9 aberto ao p\u00fablico e convidamos todas as crian\u00e7as do nosso munic\u00edpio para esta manh\u00e3 especial, que ter\u00e1 como base o esporte\u201d, conclui Luciano Viana. <\/p>\n<ul>\n<li> <a href=\"https:\/\/g1.globo.com\/rj\/norte-fluminense\/cidade\/campos-dos-goytacazes\/\" class=\"entities__list-itemLink\" data-track-click=\"Campos dos Goytacazes\"> Campos dos Goytacazes <\/a> <\/li>\n<\/ul>\n","protected":false},"excerpt":{"rendered":"<p>O Dia das Crian\u00e7as, comemorado nesta quinta-feira (12), ser\u00e1 marcado por ampla programa\u00e7\u00e3o oferecida pela Funda\u00e7\u00e3o Municipal de Esportes (FME), em Campos dos Goytacazes, no Norte Fluminense. As crian\u00e7as v\u00e3o poder participar de v\u00e1rias atividades de lazer e esportivas entre 8h e 12h no Jardim S\u00e3o Benedito. \u201cO Dia das Crian\u00e7as \u00e9 muito especial por [&hellip;]<\/p>\n","protected":false},"author":1,"featured_media":0,"comment_status":"closed","ping_status":"closed","sticky":false,"template":"","format":"standard","meta":{"footnotes":""},"categories":[],"tags":[],"class_list":["post-54051","post","type-post","status-publish","format-standard","hentry"],"_links":{"self":[{"href":"https:\/\/blog.corretoraideal.com.br\/index.php\/wp-json\/wp\/v2\/posts\/54051","targetHints":{"allow":["GET"]}}],"collection":[{"href":"https:\/\/blog.corretoraideal.com.br\/index.php\/wp-json\/wp\/v2\/posts"}],"about":[{"href":"https:\/\/blog.corretoraideal.com.br\/index.php\/wp-json\/wp\/v2\/types\/post"}],"author":[{"embeddable":true,"href":"https:\/\/blog.corretoraideal.com.br\/index.php\/wp-json\/wp\/v2\/users\/1"}],"replies":[{"embeddable":true,"href":"https:\/\/blog.corretoraideal.com.br\/index.php\/wp-json\/wp\/v2\/comments?post=54051"}],"version-history":[{"count":1,"href":"https:\/\/blog.corretoraideal.com.br\/index.php\/wp-json\/wp\/v2\/posts\/54051\/revisions"}],"predecessor-version":[{"id":54053,"href":"https:\/\/blog.corretoraideal.com.br\/index.php\/wp-json\/wp\/v2\/posts\/54051\/revisions\/54053"}],"wp:attachment":[{"href":"https:\/\/blog.corretoraideal.com.br\/index.php\/wp-json\/wp\/v2\/media?parent=54051"}],"wp:term":[{"taxonomy":"category","embeddable":true,"href":"https:\/\/blog.corretoraideal.com.br\/index.php\/wp-json\/wp\/v2\/categories?post=54051"},{"taxonomy":"post_tag","embeddable":true,"href":"https:\/\/blog.corretoraideal.com.br\/index.php\/wp-json\/wp\/v2\/tags?post=54051"}],"curies":[{"name":"wp","href":"https:\/\/api.w.org\/{rel}","templated":true}]}}