{"id":54058,"date":"2023-10-12T01:30:38","date_gmt":"2023-10-12T01:30:38","guid":{"rendered":"https:\/\/blog.corretoraideal.com.br\/?p=54058"},"modified":"2023-10-12T01:30:38","modified_gmt":"2023-10-12T01:30:38","slug":"previdencia-social-de-macae-realiza-censo-obrigatorio-de-2-600-aposentados-e-pensionistas-norte-fluminense-g1","status":"publish","type":"post","link":"https:\/\/blog.corretoraideal.com.br\/index.php\/2023\/10\/12\/previdencia-social-de-macae-realiza-censo-obrigatorio-de-2-600-aposentados-e-pensionistas-norte-fluminense-g1\/","title":{"rendered":"Previd\u00eancia Social de Maca\u00e9 realiza censo obrigat\u00f3rio de 2.600 aposentados e pensionistas | Norte Fluminense | G1"},"content":{"rendered":"\n<p> O Instituto de Previd\u00eancia Social de <a class href=\"https:\/\/g1.globo.com\/rj\/regiao-dos-lagos\/cidade\/macae\/\">Maca\u00e9<\/a> (Macaeprev), no Norte Fluminense, est\u00e1 fazendo o censo obrigat\u00f3rio dos 2.600 aposentados e pensionistas. O atendimento pode ser feito pela internet, por meio de<a class href=\"https:\/\/www.macae.rj.gov.br\/macaeprev\/conteudo\/titulo\/recadastramento-2023\" target=\"_blank\" rel=\"noopener noreferrer\"> link disponibilizado pela Prefeitura<\/a>, ou presencialmente. <\/p>\n<p> Por conta do feriado e ponto facultativo, o recadastramento relacionado \u00e0 primeira chamada ocorre apenas de forma virtual nesta quinta (12) e sexta-feira (13). O atendimento, presencial ou online, ser\u00e1 feito at\u00e9 31 de outubro, quando encerra a segunda e \u00faltima chamada. <\/p>\n<p> O recadastramento teve in\u00edcio em 17 de julho e \u00e9 feito de acordo com a tabela divulgada. No site tamb\u00e9m \u00e9 poss\u00edvel ver a lista dos documentos necess\u00e1rios. <\/p>\n<p> O presidente do Macaeprev, Claudio Duarte, alertou que, ap\u00f3s este per\u00edodo final, os inativos que n\u00e3o se recadastrarem ser\u00e3o encaminhados \u00e0 Diretoria Financeira do Instituto para a suspens\u00e3o dos benef\u00edcios, at\u00e9 que possam regularizar a situa\u00e7\u00e3o junto ao \u00f3rg\u00e3o previdenci\u00e1rio dos servidores municipais. <\/p>\n<p> \u201cOs esfor\u00e7os do Macaeprev s\u00e3o no sentido de entrar em contato com todos os aposentados e pensionistas para que possamos cumprir mais uma etapa de gest\u00e3o previdenci\u00e1ria e obriga\u00e7\u00f5es que a legisla\u00e7\u00e3o federal nos imp\u00f5e\u201d, explicou Duarte. <\/p>\n<p> Esta \u00e9 a primeira vez que o processo ocorre, tamb\u00e9m, de forma virtual. Quem optar pelo atendimento presencial, o mesmo ocorre em sala preparada especialmente para esse servi\u00e7o. <\/p>\n<p> A Prefeitura explica que &quot;toda a documenta\u00e7\u00e3o apresentada pelos aposentados e pensionistas na hora do recadastramento ser\u00e1 verificada em etapa posterior&quot; e que &quot;o recadastramento previdenci\u00e1rio atende a legisla\u00e7\u00e3o vigente e \u00e9 importante para atualizar os dados dos inativos e garantir a correta concess\u00e3o e manuten\u00e7\u00e3o dos benef\u00edcios&quot;. <\/p>\n<p> Quem tiver d\u00favidas de como fazer o recadastramento deve entrar em contato pelo telefone (22) 2763-6339 ou pelos e-mails: macaeprev.rj@gmail.com ou cadastromacaeprev@gmail.com. <\/p>\n<p> O Macaeprev est\u00e1 localizado \u00e0 Rua Tenente Rui Lopes Ribeiro, 293. <\/p>\n<ul>\n<li> <a href=\"https:\/\/g1.globo.com\/rj\/regiao-dos-lagos\/cidade\/macae\/\" class=\"entities__list-itemLink\" data-track-click=\"Maca\u00e9\"> Maca\u00e9 <\/a> <\/li>\n<\/ul>\n","protected":false},"excerpt":{"rendered":"<p>O Instituto de Previd\u00eancia Social de Maca\u00e9 (Macaeprev), no Norte Fluminense, est\u00e1 fazendo o censo obrigat\u00f3rio dos 2.600 aposentados e pensionistas. O atendimento pode ser feito pela internet, por meio de link disponibilizado pela Prefeitura, ou presencialmente. Por conta do feriado e ponto facultativo, o recadastramento relacionado \u00e0 primeira chamada ocorre apenas de forma virtual [&hellip;]<\/p>\n","protected":false},"author":1,"featured_media":0,"comment_status":"closed","ping_status":"closed","sticky":false,"template":"","format":"standard","meta":{"footnotes":""},"categories":[],"tags":[],"class_list":["post-54058","post","type-post","status-publish","format-standard","hentry"],"_links":{"self":[{"href":"https:\/\/blog.corretoraideal.com.br\/index.php\/wp-json\/wp\/v2\/posts\/54058","targetHints":{"allow":["GET"]}}],"collection":[{"href":"https:\/\/blog.corretoraideal.com.br\/index.php\/wp-json\/wp\/v2\/posts"}],"about":[{"href":"https:\/\/blog.corretoraideal.com.br\/index.php\/wp-json\/wp\/v2\/types\/post"}],"author":[{"embeddable":true,"href":"https:\/\/blog.corretoraideal.com.br\/index.php\/wp-json\/wp\/v2\/users\/1"}],"replies":[{"embeddable":true,"href":"https:\/\/blog.corretoraideal.com.br\/index.php\/wp-json\/wp\/v2\/comments?post=54058"}],"version-history":[{"count":1,"href":"https:\/\/blog.corretoraideal.com.br\/index.php\/wp-json\/wp\/v2\/posts\/54058\/revisions"}],"predecessor-version":[{"id":54060,"href":"https:\/\/blog.corretoraideal.com.br\/index.php\/wp-json\/wp\/v2\/posts\/54058\/revisions\/54060"}],"wp:attachment":[{"href":"https:\/\/blog.corretoraideal.com.br\/index.php\/wp-json\/wp\/v2\/media?parent=54058"}],"wp:term":[{"taxonomy":"category","embeddable":true,"href":"https:\/\/blog.corretoraideal.com.br\/index.php\/wp-json\/wp\/v2\/categories?post=54058"},{"taxonomy":"post_tag","embeddable":true,"href":"https:\/\/blog.corretoraideal.com.br\/index.php\/wp-json\/wp\/v2\/tags?post=54058"}],"curies":[{"name":"wp","href":"https:\/\/api.w.org\/{rel}","templated":true}]}}