{"id":54061,"date":"2023-10-12T03:34:42","date_gmt":"2023-10-12T03:34:42","guid":{"rendered":"https:\/\/blog.corretoraideal.com.br\/?p=54061"},"modified":"2023-10-12T03:34:42","modified_gmt":"2023-10-12T03:34:42","slug":"conselho-nacional-de-previdencia-social-reduz-juros-para-emprestimos-consignados-do-inss-economia-g1","status":"publish","type":"post","link":"https:\/\/blog.corretoraideal.com.br\/index.php\/2023\/10\/12\/conselho-nacional-de-previdencia-social-reduz-juros-para-emprestimos-consignados-do-inss-economia-g1\/","title":{"rendered":"Conselho Nacional de Previd\u00eancia Social reduz juros para empr\u00e9stimos consignados do INSS | Economia | G1"},"content":{"rendered":"\n<ul>\n<li>\n<p> O CNPS aprovou uma nova redu\u00e7\u00e3o nas taxas de juros para empr\u00e9stimos consignados do INSS. <\/p>\n<\/li>\n<li>\n<p> O teto para empr\u00e9stimos com desconto em folha foi reduzido de 1,91% para 1,84%. <\/p>\n<\/li>\n<li>\n<p> Opera\u00e7\u00f5es de cart\u00e3o de cr\u00e9dito consignado tamb\u00e9m tiveram o \u00edndice m\u00e1ximo ajustado, de 2,83% para 2,73%. <\/p>\n<\/li>\n<li>\n<p> As mudan\u00e7as nas taxas de juros entrar\u00e3o em vigor na pr\u00f3xima segunda-feira, dia 23. <\/p>\n<\/li>\n<li>\n<p> Essas altera\u00e7\u00f5es seguem as quedas recentes na taxa Selic, de acordo com o Minist\u00e9rio da Previd\u00eancia. <\/p>\n<\/li>\n<\/ul>\n<p> O CNPS aprovou uma nova redu\u00e7\u00e3o nas taxas de juros para empr\u00e9stimos consignados do INSS. <\/p>\n<p> O teto para empr\u00e9stimos com desconto em folha foi reduzido de 1,91% para 1,84%. <\/p>\n<p> Opera\u00e7\u00f5es de cart\u00e3o de cr\u00e9dito consignado tamb\u00e9m tiveram o \u00edndice m\u00e1ximo ajustado, de 2,83% para 2,73%. <\/p>\n<p> As mudan\u00e7as nas taxas de juros entrar\u00e3o em vigor na pr\u00f3xima segunda-feira, dia 23. <\/p>\n<p> Essas altera\u00e7\u00f5es seguem as quedas recentes na taxa Selic, de acordo com o Minist\u00e9rio da Previd\u00eancia. <\/p>\n<p> O Conselho Nacional de Previd\u00eancia Social (CNPS) aprovou nesta quarta-feira (11) uma nova redu\u00e7\u00e3o nos limites das taxas de juros para empr\u00e9stimos consignados dos benefici\u00e1rios do INSS. <\/p>\n<p> O teto para empr\u00e9stimos com desconto em folha foi reduzido de 1,91% para 1,84%. <\/p>\n<p> Para opera\u00e7\u00f5es nas modalidades de cart\u00e3o de cr\u00e9dito e cart\u00e3o de cr\u00e9dito consignado, o \u00edndice m\u00e1ximo foi ajustado de 2,83% para 2,73%. <\/p>\n<p> As altera\u00e7\u00f5es nas taxas m\u00e1ximas de juros entrar\u00e3o em vigor na pr\u00f3xima segunda-feira (23). <\/p>\n<p> De acordo com o Minist\u00e9rio da Previd\u00eancia, as mudan\u00e7as acompanham as recentes quedas na taxa Selic. <\/p>\n<p> O Conselho Nacional da Previd\u00eancia Social tamb\u00e9m estabeleceu que as institui\u00e7\u00f5es financeiras devem fornecer um aux\u00edlio funeral m\u00ednimo e seguro de vida para os benefici\u00e1rios do INSS. <\/p>\n<p> O prazo para os bancos se adaptarem a essas novas exig\u00eancias \u00e9 de 30 dias. <\/p>\n<p>                   <img loading=\"lazy\" decoding=\"async\" class=\"aligncenter size-full wp-image-54063\" src=\"https:\/\/blog.corretoraideal.com.br\/wp-content\/uploads\/2023\/10\/inss-publica-instrucao-que-permite-aos-bancos-retomar-credito-consignado-para-quem-recebe-bpc.jpeg\" alt=\"INSS publica instru\u00e7\u00e3o que permite aos bancos retomar cr\u00e9dito consignado para quem recebe BPC\" width=\"800\" height=\"400\" \/>      <\/p>\n<p> INSS publica instru\u00e7\u00e3o que permite aos bancos retomar cr\u00e9dito consignado para quem recebe BPC <\/p>\n<p><h2>Rea\u00e7\u00f5es dos bancos<\/h2>\n<\/p>\n<p> Em mar\u00e7o, o CNPS decidiu reduzir o teto dos juros do consignado convencional para benefici\u00e1rios do INSS de 2,14% para 1,70%, o que gerou um impasse com os bancos. <\/p>\n<p> Na \u00e9poca, Banco do Brasil, Caixa Econ\u00f4mica Federal e outros bancos privados suspenderam temporariamente a oferta desse cr\u00e9dito, afirmando que as taxas n\u00e3o cobririam os custos da opera\u00e7\u00e3o <\/p>\n<p> O conselho ent\u00e3o aprovou um &#x27;meio termo&#x27;, e o teto ficou estabelecido em 1,97%. Em agosto, houve nova redu\u00e7\u00e3o. <\/p>\n<p> Nesta quarta, ap\u00f3s a decis\u00e3o do conselho, a Federa\u00e7\u00e3o Brasileira de Bancos (Febraban) e a Associa\u00e7\u00e3o Brasileira de Bancos (ABBC) criticaram a redu\u00e7\u00e3o das taxas. <\/p>\n<ul> <\/ul>\n","protected":false},"excerpt":{"rendered":"<p>O CNPS aprovou uma nova redu\u00e7\u00e3o nas taxas de juros para empr\u00e9stimos consignados do INSS. O teto para empr\u00e9stimos com desconto em folha foi reduzido de 1,91% para 1,84%. Opera\u00e7\u00f5es de cart\u00e3o de cr\u00e9dito consignado tamb\u00e9m tiveram o \u00edndice m\u00e1ximo ajustado, de 2,83% para 2,73%. As mudan\u00e7as nas taxas de juros entrar\u00e3o em vigor na [&hellip;]<\/p>\n","protected":false},"author":1,"featured_media":0,"comment_status":"closed","ping_status":"closed","sticky":false,"template":"","format":"standard","meta":{"footnotes":""},"categories":[],"tags":[],"class_list":["post-54061","post","type-post","status-publish","format-standard","hentry"],"_links":{"self":[{"href":"https:\/\/blog.corretoraideal.com.br\/index.php\/wp-json\/wp\/v2\/posts\/54061","targetHints":{"allow":["GET"]}}],"collection":[{"href":"https:\/\/blog.corretoraideal.com.br\/index.php\/wp-json\/wp\/v2\/posts"}],"about":[{"href":"https:\/\/blog.corretoraideal.com.br\/index.php\/wp-json\/wp\/v2\/types\/post"}],"author":[{"embeddable":true,"href":"https:\/\/blog.corretoraideal.com.br\/index.php\/wp-json\/wp\/v2\/users\/1"}],"replies":[{"embeddable":true,"href":"https:\/\/blog.corretoraideal.com.br\/index.php\/wp-json\/wp\/v2\/comments?post=54061"}],"version-history":[{"count":1,"href":"https:\/\/blog.corretoraideal.com.br\/index.php\/wp-json\/wp\/v2\/posts\/54061\/revisions"}],"predecessor-version":[{"id":54064,"href":"https:\/\/blog.corretoraideal.com.br\/index.php\/wp-json\/wp\/v2\/posts\/54061\/revisions\/54064"}],"wp:attachment":[{"href":"https:\/\/blog.corretoraideal.com.br\/index.php\/wp-json\/wp\/v2\/media?parent=54061"}],"wp:term":[{"taxonomy":"category","embeddable":true,"href":"https:\/\/blog.corretoraideal.com.br\/index.php\/wp-json\/wp\/v2\/categories?post=54061"},{"taxonomy":"post_tag","embeddable":true,"href":"https:\/\/blog.corretoraideal.com.br\/index.php\/wp-json\/wp\/v2\/tags?post=54061"}],"curies":[{"name":"wp","href":"https:\/\/api.w.org\/{rel}","templated":true}]}}