{"id":54065,"date":"2023-10-12T06:29:48","date_gmt":"2023-10-12T06:29:48","guid":{"rendered":"https:\/\/blog.corretoraideal.com.br\/?p=54065"},"modified":"2023-10-12T06:29:48","modified_gmt":"2023-10-12T06:29:48","slug":"paciente-morre-com-suspeita-de-febre-maculosa-em-campos-no-rj-norte-fluminense-g1","status":"publish","type":"post","link":"https:\/\/blog.corretoraideal.com.br\/index.php\/2023\/10\/12\/paciente-morre-com-suspeita-de-febre-maculosa-em-campos-no-rj-norte-fluminense-g1\/","title":{"rendered":"Paciente morre com suspeita de febre maculosa em Campos, no RJ | Norte Fluminense | G1"},"content":{"rendered":"<p>      1 de 1&#013;O carrapato-estrela \u00e9 um dos principais transmissores da febre maculosa \u2014 Foto: Getty Images via BBC    <\/p>\n<p> O carrapato-estrela \u00e9 um dos principais transmissores da febre maculosa \u2014 Foto: Getty Images via BBC <\/p>\n<p> Paciente de 50 anos morreu em <a class href=\"https:\/\/g1.globo.com\/rj\/norte-fluminense\/cidade\/campos-dos-goytacazes\/\">Campos dos Goytacazes<\/a>, no Norte Fluminense, com suspeita de febre maculosa. Ele deu entrada no Hospital Geral de Guarus (HGG), no domingo (8), mas o estado de sa\u00fade piorou e e ele morreu na segunda-feira (9). <\/p>\n<p> A Subsecretaria de Sa\u00fade e Superintend\u00eancia (SUBVS), do Hosiptal Geral de Guarus (HGG), informaram que a causa da morte segue sendo investigada, que, at\u00e9 o momento, n\u00e3o h\u00e1 confirma\u00e7\u00e3o do diagn\u00f3stico para febre maculosa. <\/p>\n<p> Amostras foram encaminhadas para o Laborat\u00f3rio Central Noel Nutels, no Rio de Janeiro, e est\u00e3o sendo analisadas. <\/p>\n<p> A Secretaria Municipal de Sa\u00fade (SMS) disse que, em 2022, foram registrados nove casos confirmados de febre maculosa e, deste total, seis evolu\u00edram para \u00f3bito. <\/p>\n<p> Em 2023, h\u00e1 um caso confirmado de febre maculosa no munic\u00edpio, o paciente de 58 anos, que era morador do Parque Prazeres, tamb\u00e9m morreu no dia 2 de setembro. <\/p>\n<p><h2>Transmiss\u00e3o e sintomas<\/h2>\n<\/p>\n<p>                   <img loading=\"lazy\" decoding=\"async\" class=\"aligncenter size-full wp-image-54067\" src=\"https:\/\/blog.corretoraideal.com.br\/wp-content\/uploads\/2023\/10\/febre-maculosa-entenda-o-que-e-e-quais-os-sintomas-da-doenca.jpeg\" alt=\"Febre maculosa: entenda o que \u00e9 e quais os sintomas da doen\u00e7a\" width=\"800\" height=\"400\" \/>      <\/p>\n<p> Febre maculosa: entenda o que \u00e9 e quais os sintomas da doen\u00e7a <\/p>\n<p> A febre maculosa nos humanos \u00e9 adquirida atrav\u00e9s da picada de carrapato, principalmente o carrapato-estrela, que esteja infectado com uma bact\u00e9ria chamada de Rickettsia Rickettsii e em uma regi\u00e3o end\u00eamica de febre maculosa. <\/p>\n<ul>\n<li><a class href=\"https:\/\/g1.globo.com\/ciencia-e-saude\/noticia\/2023\/06\/14\/quais-sao-os-sintomas-da-febre-maculosa-entenda.ghtml\"><strong>Saiba mais sobre a doen\u00e7a aqui<\/strong><\/a><\/li>\n<\/ul>\n<p> <strong> Os principais sintomas da febre maculosa s\u00e3o:<\/strong> <\/p>\n<ul>\n<li>Febre<\/li>\n<li>Dor de cabe\u00e7a intensa<\/li>\n<li>N\u00e1useas e v\u00f4mitos<\/li>\n<li>Diarreia <\/li>\n<li>Dor abdominal<\/li>\n<li>Dor muscular constante,<\/li>\n<li>Incha\u00e7o e vermelhid\u00e3o nas palmas das m\u00e3os e sola dos p\u00e9s<\/li>\n<li>Gangrena nos dedos e orelhas<\/li>\n<li>Paralisia dos membros que inicia nas pernas e vai subindo at\u00e9 os pulm\u00f5es, causando paragem respirat\u00f3ria<\/li>\n<\/ul>\n<p> Al\u00e9m disso, com a evolu\u00e7\u00e3o da febre maculosa \u00e9 comum o aparecimento de manchas vermelhas nos pulsos e tornozelos, que n\u00e3o co\u00e7am, mas que podem aumentar em dire\u00e7\u00e3o \u00e0s palmas das m\u00e3os, bra\u00e7os ou solas dos p\u00e9s. <\/p>\n<ul>\n<li> <a href=\"https:\/\/g1.globo.com\/rj\/norte-fluminense\/cidade\/campos-dos-goytacazes\/\" class=\"entities__list-itemLink\" data-track-click=\"Campos dos Goytacazes\"> Campos dos Goytacazes <\/a> <\/li>\n<\/ul>\n","protected":false},"excerpt":{"rendered":"<p>1 de 1&#013;O carrapato-estrela \u00e9 um dos principais transmissores da febre maculosa \u2014 Foto: Getty Images via BBC O carrapato-estrela \u00e9 um dos principais transmissores da febre maculosa \u2014 Foto: Getty Images via BBC Paciente de 50 anos morreu em Campos dos Goytacazes, no Norte Fluminense, com suspeita de febre maculosa. Ele deu entrada no [&hellip;]<\/p>\n","protected":false},"author":1,"featured_media":0,"comment_status":"closed","ping_status":"closed","sticky":false,"template":"","format":"standard","meta":{"footnotes":""},"categories":[],"tags":[],"class_list":["post-54065","post","type-post","status-publish","format-standard","hentry"],"_links":{"self":[{"href":"https:\/\/blog.corretoraideal.com.br\/index.php\/wp-json\/wp\/v2\/posts\/54065","targetHints":{"allow":["GET"]}}],"collection":[{"href":"https:\/\/blog.corretoraideal.com.br\/index.php\/wp-json\/wp\/v2\/posts"}],"about":[{"href":"https:\/\/blog.corretoraideal.com.br\/index.php\/wp-json\/wp\/v2\/types\/post"}],"author":[{"embeddable":true,"href":"https:\/\/blog.corretoraideal.com.br\/index.php\/wp-json\/wp\/v2\/users\/1"}],"replies":[{"embeddable":true,"href":"https:\/\/blog.corretoraideal.com.br\/index.php\/wp-json\/wp\/v2\/comments?post=54065"}],"version-history":[{"count":1,"href":"https:\/\/blog.corretoraideal.com.br\/index.php\/wp-json\/wp\/v2\/posts\/54065\/revisions"}],"predecessor-version":[{"id":54068,"href":"https:\/\/blog.corretoraideal.com.br\/index.php\/wp-json\/wp\/v2\/posts\/54065\/revisions\/54068"}],"wp:attachment":[{"href":"https:\/\/blog.corretoraideal.com.br\/index.php\/wp-json\/wp\/v2\/media?parent=54065"}],"wp:term":[{"taxonomy":"category","embeddable":true,"href":"https:\/\/blog.corretoraideal.com.br\/index.php\/wp-json\/wp\/v2\/categories?post=54065"},{"taxonomy":"post_tag","embeddable":true,"href":"https:\/\/blog.corretoraideal.com.br\/index.php\/wp-json\/wp\/v2\/tags?post=54065"}],"curies":[{"name":"wp","href":"https:\/\/api.w.org\/{rel}","templated":true}]}}