{"id":54072,"date":"2023-10-12T09:36:43","date_gmt":"2023-10-12T09:36:43","guid":{"rendered":"https:\/\/blog.corretoraideal.com.br\/?p=54072"},"modified":"2023-10-12T09:36:43","modified_gmt":"2023-10-12T09:36:43","slug":"por-que-twitter-e-meta-estao-sendo-questionados-na-europa-sobre-guerra-entre-israel-e-hamas-tecnologia-g1","status":"publish","type":"post","link":"https:\/\/blog.corretoraideal.com.br\/index.php\/2023\/10\/12\/por-que-twitter-e-meta-estao-sendo-questionados-na-europa-sobre-guerra-entre-israel-e-hamas-tecnologia-g1\/","title":{"rendered":"Por que Twitter e Meta est\u00e3o sendo questionados na Europa sobre guerra entre Israel e Hamas? | Tecnologia | G1"},"content":{"rendered":"<p>      1 de 1&#013;Bilion\u00e1rios Mark Zuckerberg, dono do Facebook, e Elon Musk, dono do Twitter\/X \u2014 Foto: Mandel Ngan\/AFP e Alain Jocard\/AFP    <\/p>\n<p> Bilion\u00e1rios Mark Zuckerberg, dono do Facebook, e Elon Musk, dono do Twitter\/X \u2014 Foto: Mandel Ngan\/AFP e Alain Jocard\/AFP <\/p>\n<p> O <a class href=\"https:\/\/g1.globo.com\/tudo-sobre\/twitter\/\">Twitter<\/a> (tamb\u00e9m chamado de X) e a <a class href=\"https:\/\/g1.globo.com\/tudo-sobre\/meta\/\">Meta<\/a>, dona de <a class href=\"https:\/\/g1.globo.com\/tudo-sobre\/instagram\/\">Instagram<\/a>, <a class href=\"https:\/\/g1.globo.com\/tudo-sobre\/facebook\/\">Facebook<\/a> e <a class href=\"https:\/\/g1.globo.com\/tudo-sobre\/whatsapp\/\">WhatsApp<\/a>, est\u00e3o sendo questionados na <a class href=\"https:\/\/g1.globo.com\/tudo-sobre\/uniao-europeia\/\">Uni\u00e3o Europeia<\/a> devido aos casos de desinforma\u00e7\u00e3o veiculados nas plataformas sobre a guerra entre <a class href=\"https:\/\/g1.globo.com\/tudo-sobre\/israel\/\">Israel<\/a> e o grupo Hamas. <\/p>\n<p> O bloco europeu refor\u00e7ou a exig\u00eancia para que as empresas removam conte\u00fado ilegal de suas redes sociais. Caso a ordem n\u00e3o seja cumprida, elas poder\u00e3o enfrentar multas de at\u00e9 6% do faturamento global e, em caso de reincid\u00eancia, at\u00e9 mesmo serem proibidas de operar na Europa. <\/p>\n<p> As redes sociais t\u00eam registrado mais casos de desinforma\u00e7\u00e3o relacionada ao conflito, como imagens adulteradas e v\u00eddeos com informa\u00e7\u00f5es incorretas, al\u00e9m de imagens que mostram viol\u00eancia de forma expl\u00edcita. Entenda o que diz a <a class href=\"https:\/\/g1.globo.com\/tudo-sobre\/uniao-europeia\/\">Uni\u00e3o Europeia<\/a>: <\/p>\n<ul>\n<li>O <a class href=\"https:\/\/g1.globo.com\/tudo-sobre\/twitter\/\">Twitter<\/a> foi questionado devido aos casos de imagens antigas publicadas como sendo do conflito atual e de imagens que foram compartilhadas como reais, mas que foram retiradas de jogos com gr\u00e1ficos realistas;<\/li>\n<li>A <a class href=\"https:\/\/g1.globo.com\/tudo-sobre\/meta\/\">Meta<\/a> foi cobrada por causa de relatos de postagens que envolvem deep fakes e conte\u00fado manipulado que circulam nas redes da empresa e, em alguns casos, continuam dispon\u00edveis. <\/li>\n<\/ul>\n<p> Os comunicados foram enviados pelo comiss\u00e1rio da <a class href=\"https:\/\/g1.globo.com\/tudo-sobre\/uniao-europeia\/\">Uni\u00e3o Europeia<\/a> para Mercado Interno, Thierry Breton, que cobrou das plataformas o cumprimento da Lei de Servi\u00e7os Digitais (DSA, na sigla em ingl\u00eas). <\/p>\n<p>Pela regra europeia, as plataformas s\u00e3o obrigadas a combater a divulga\u00e7\u00e3o de conte\u00fados ilegais e a rever sistemas para garantir a prote\u00e7\u00e3o a usu\u00e1rios menores de idade. <\/p>\n<p> &quot;O conte\u00fado circulando online que pode ser associado ao Hamas se qualifica como conte\u00fado terrorista, \u00e9 ilegal e precisa ser removido tanto de acordo com o regulamento DSA (Digital Services Act) quanto TCO (Terrorist Content Online)&quot;, disse um porta-voz da Comiss\u00e3o Europeia \u00e0 Reuters. <\/p>\n<p><h2>O que diz o <a class href=\"https:\/\/g1.globo.com\/tudo-sobre\/twitter\/\">Twitter<\/a> <\/h2>\n<\/p>\n<p> <a class href=\"https:\/\/g1.globo.com\/tudo-sobre\/elon-musk\/\">Elon Musk<\/a> rebateu a postagem e pediu que Breton listasse viola\u00e7\u00f5es cometidas por sua rede social. O comiss\u00e1rio, por sua vez, disse que Musk sabe dos relatos sobre conte\u00fado falso e glorifica\u00e7\u00e3o da viol\u00eancia e afirmo que sua equipe est\u00e1 \u00e0 disposi\u00e7\u00e3o para garantir o cumprimento do DSA. <\/p>\n<p> &quot;Realizamos nossas a\u00e7\u00f5es abertamente. N\u00e3o h\u00e1 acordos nos bastidores. Por favor, poste suas preocupa\u00e7\u00f5es explicitamente nesta plataforma&quot;, disse Musk em seguida. <\/p>\n<p><h2>O que diz a <a class href=\"https:\/\/g1.globo.com\/tudo-sobre\/meta\/\">Meta<\/a> <\/h2>\n<\/p>\n<p> Procurada pelo <a class href=\"https:\/\/g1.globo.com\/\">g1<\/a>, a <a class href=\"https:\/\/g1.globo.com\/tudo-sobre\/meta\/\">Meta<\/a> afirmou que um estabeleceu uma central para monitorar e responder a situa\u00e7\u00e3o e que as suas equipes trabalham para agir em rela\u00e7\u00e3o a conte\u00fados que violem as suas pol\u00edticas ou as leis locais. Leia abaixo a nota da empresa: <\/p>\n<p> &quot;Ap\u00f3s os ataques terroristas do Hamas contra <a class href=\"https:\/\/g1.globo.com\/tudo-sobre\/israel\/\">Israel<\/a> no s\u00e1bado, rapidamente estabelecemos um Centro de Opera\u00e7\u00f5es Especiais com profissionais, incluindo fluentes em hebraico e \u00e1rabe, para monitorar de perto e responder a essa situa\u00e7\u00e3o que est\u00e1 em r\u00e1pida evolu\u00e7\u00e3o.  <\/p>\n<p> Nossas equipes est\u00e3o trabalhando ininterruptamente para manter nossas plataformas seguras, tomar medidas sobre conte\u00fado que viole nossas pol\u00edticas ou leis locais e coordenar com verificadores de fatos independentes na regi\u00e3o para limitar a dissemina\u00e7\u00e3o de desinforma\u00e7\u00e3o. Seguiremos com esse trabalho \u00e0 medida que o conflito continue.&quot;  <\/p>\n<p> <strong>LEIA TAMB\u00c9M:<\/strong> <\/p>\n<ul>\n<li><a class href=\"https:\/\/g1.globo.com\/tecnologia\/noticia\/2022\/02\/11\/o-que-e-deepfake-e-como-ele-e-usado-para-distorcer-realidade.ghtml\">O que \u00e9 deepfake e como ele \u00e9 usado para distorcer realidade <\/a><\/li>\n<li><a class href=\"https:\/\/g1.globo.com\/tecnologia\/noticia\/2023\/08\/25\/big-techs-terao-regras-mais-rigidas-na-uniao-europeia-a-partir-desta-sexta-entenda-o-que-muda.ghtml\">O que diz a Lei de Servi\u00e7os Digitais, que criou regras r\u00edgidas para big techs na Europa <\/a><\/li>\n<li><a class href=\"https:\/\/g1.globo.com\/fato-ou-fake\/noticia\/2023\/10\/11\/e-fake-que-foto-mostre-lula-ao-lado-do-chefe-do-hamas-trata-se-do-presidente-do-ira.ghtml\">\u00c9 #FAKE que foto mostre Lula ao lado do &#x27;chefe&#x27; do Hamas; trata-se do presidente do Ir\u00e3<\/a><\/li>\n<\/ul>\n<p>                   <img loading=\"lazy\" decoding=\"async\" class=\"aligncenter size-full wp-image-54074\" src=\"https:\/\/blog.corretoraideal.com.br\/wp-content\/uploads\/2023\/10\/como-denunciar-postagens-no-instagram-tiktok-e-kwai-e-em-outras-redes-sociais.jpeg\" alt=\"Como denunciar postagens no Instagram, TikTok e Kwai e em outras redes sociais\" width=\"800\" height=\"400\" \/>      <\/p>\n<p> Como denunciar postagens no Instagram, TikTok e Kwai e em outras redes sociais <\/p>\n<ul>\n<li> <a href=\"https:\/\/g1.globo.com\/tudo-sobre\/elon-musk\/\" class=\"entities__list-itemLink\" data-track-click=\"Elon Musk\"> Elon Musk <\/a> <\/li>\n<li> <a href=\"https:\/\/g1.globo.com\/tudo-sobre\/facebook\/\" class=\"entities__list-itemLink\" data-track-click=\"Facebook\"> Facebook <\/a> <\/li>\n<li> <a href=\"https:\/\/g1.globo.com\/tudo-sobre\/instagram\/\" class=\"entities__list-itemLink\" data-track-click=\"Instagram\"> Instagram <\/a> <\/li>\n<li> <a href=\"https:\/\/g1.globo.com\/tudo-sobre\/israel\/\" class=\"entities__list-itemLink\" data-track-click=\"Israel\"> Israel <\/a> <\/li>\n<li> <a href=\"https:\/\/g1.globo.com\/tudo-sobre\/mark-zuckerberg\/\" class=\"entities__list-itemLink\" data-track-click=\"Mark Zuckerberg\"> Mark Zuckerberg <\/a> <\/li>\n<li> <a href=\"https:\/\/g1.globo.com\/tudo-sobre\/meta\/\" class=\"entities__list-itemLink\" data-track-click=\"Meta\"> Meta <\/a> <\/li>\n<li> <a href=\"https:\/\/g1.globo.com\/tudo-sobre\/twitter\/\" class=\"entities__list-itemLink\" data-track-click=\"Twitter\"> Twitter <\/a> <\/li>\n<li> <a href=\"https:\/\/g1.globo.com\/tudo-sobre\/uniao-europeia\/\" class=\"entities__list-itemLink\" data-track-click=\"Uni\u00e3o Europeia\"> Uni\u00e3o Europeia <\/a> <\/li>\n<li> <a href=\"https:\/\/g1.globo.com\/tudo-sobre\/whatsapp\/\" class=\"entities__list-itemLink\" data-track-click=\"WhatsApp\"> WhatsApp <\/a> <\/li>\n<\/ul>\n","protected":false},"excerpt":{"rendered":"<p>1 de 1&#013;Bilion\u00e1rios Mark Zuckerberg, dono do Facebook, e Elon Musk, dono do Twitter\/X \u2014 Foto: Mandel Ngan\/AFP e Alain Jocard\/AFP Bilion\u00e1rios Mark Zuckerberg, dono do Facebook, e Elon Musk, dono do Twitter\/X \u2014 Foto: Mandel Ngan\/AFP e Alain Jocard\/AFP O Twitter (tamb\u00e9m chamado de X) e a Meta, dona de Instagram, Facebook e WhatsApp, [&hellip;]<\/p>\n","protected":false},"author":1,"featured_media":0,"comment_status":"closed","ping_status":"closed","sticky":false,"template":"","format":"standard","meta":{"footnotes":""},"categories":[],"tags":[],"class_list":["post-54072","post","type-post","status-publish","format-standard","hentry"],"_links":{"self":[{"href":"https:\/\/blog.corretoraideal.com.br\/index.php\/wp-json\/wp\/v2\/posts\/54072","targetHints":{"allow":["GET"]}}],"collection":[{"href":"https:\/\/blog.corretoraideal.com.br\/index.php\/wp-json\/wp\/v2\/posts"}],"about":[{"href":"https:\/\/blog.corretoraideal.com.br\/index.php\/wp-json\/wp\/v2\/types\/post"}],"author":[{"embeddable":true,"href":"https:\/\/blog.corretoraideal.com.br\/index.php\/wp-json\/wp\/v2\/users\/1"}],"replies":[{"embeddable":true,"href":"https:\/\/blog.corretoraideal.com.br\/index.php\/wp-json\/wp\/v2\/comments?post=54072"}],"version-history":[{"count":1,"href":"https:\/\/blog.corretoraideal.com.br\/index.php\/wp-json\/wp\/v2\/posts\/54072\/revisions"}],"predecessor-version":[{"id":54075,"href":"https:\/\/blog.corretoraideal.com.br\/index.php\/wp-json\/wp\/v2\/posts\/54072\/revisions\/54075"}],"wp:attachment":[{"href":"https:\/\/blog.corretoraideal.com.br\/index.php\/wp-json\/wp\/v2\/media?parent=54072"}],"wp:term":[{"taxonomy":"category","embeddable":true,"href":"https:\/\/blog.corretoraideal.com.br\/index.php\/wp-json\/wp\/v2\/categories?post=54072"},{"taxonomy":"post_tag","embeddable":true,"href":"https:\/\/blog.corretoraideal.com.br\/index.php\/wp-json\/wp\/v2\/tags?post=54072"}],"curies":[{"name":"wp","href":"https:\/\/api.w.org\/{rel}","templated":true}]}}