{"id":54076,"date":"2023-10-12T14:04:13","date_gmt":"2023-10-12T14:04:13","guid":{"rendered":"https:\/\/blog.corretoraideal.com.br\/?p=54076"},"modified":"2023-10-12T14:04:13","modified_gmt":"2023-10-12T14:04:13","slug":"de-onde-vem-o-que-eu-como-60-queijos-de-onde-vem-o-que-eu-como-g1","status":"publish","type":"post","link":"https:\/\/blog.corretoraideal.com.br\/index.php\/2023\/10\/12\/de-onde-vem-o-que-eu-como-60-queijos-de-onde-vem-o-que-eu-como-g1\/","title":{"rendered":"De onde vem o que eu como #60: Queijos | De onde vem o que eu como | G1"},"content":{"rendered":"\n<p> <strong>CLIQUE ACIMA PARA OUVIR<\/strong> <\/p>\n<p> <strong>Voc\u00ea pode ouvir o &quot;<\/strong><a class href=\"https:\/\/g1.globo.com\/podcast\/de-onde-vem-o-que-eu-como\/\"><strong>De onde vem o que eu como<\/strong><\/a><strong>&quot; no <\/strong><a class href=\"https:\/\/globoplay.globo.com\/podcasts\/de-onde-vem-o-que-eu-como\/c1c124d3-469d-4637-b292-69c79c1ada24\/\"><strong>Globoplay<\/strong><\/a><strong>, no <\/strong><a class href=\"https:\/\/open.spotify.com\/show\/6IIS3TVrqJVcOCsuzVwM6i\" target=\"_blank\" rel=\"noopener noreferrer\"><strong>Spotify<\/strong><\/a><strong>, no <\/strong><a class href=\"https:\/\/castbox.fm\/channel\/De-onde-vem-o-que-eu-como-id5031821?country=br\" target=\"_blank\" rel=\"noopener noreferrer\"><strong>Castbox<\/strong><\/a><strong>, no <\/strong><a class href=\"https:\/\/podcasts.google.com\/feed\/aHR0cHM6Ly93d3cub21ueWNvbnRlbnQuY29tL2QvcGxheWxpc3QvNjUxYTI1MWUtMDZlMS00N2UwLTkzMzYtYWM1YTAwZjQxNjI4LzY2ODM3M2RhLTc5ZWItNDlkYi05MmM0LWFlZTgwMGYyYmYyNC8xOGQwZmJiOS03MmVmLTRiNmQtYjc2NS1hZWU4MDBmMmMxNzkvcG9kY2FzdC5yc3M?sa=X&amp;ved=0CAcQrrcFahcKEwiYt_6P48H5AhUAAAAAHQAAAAAQAg\" target=\"_blank\" rel=\"noopener noreferrer\"><strong>Google Podcasts<\/strong><\/a><strong>, no <\/strong><a class href=\"https:\/\/podcasts.apple.com\/us\/podcast\/de-onde-vem-o-que-eu-como\/id1638772710\" target=\"_blank\" rel=\"noopener noreferrer\"><strong>Apple Podcasts<\/strong><\/a><strong>, na <\/strong><a class href=\"https:\/\/www.deezer.com\/br\/show\/4494077?utm_campaign=whatsapp-message&amp;utm_source=user_sharing&amp;utm_medium=mobile&amp;utm_content=talk_show-4494077&amp;deferredFl=1\" target=\"_blank\" rel=\"noopener noreferrer\"><strong>Deezer<\/strong><\/a><strong> ou na sua plataforma de \u00e1udio preferida. Assine ou siga o \u201cDe onde vem\u201d para ser avisado sempre que tiver novo epis\u00f3dio. <\/strong> <\/p>\n<p> Os queijos foram criados porque o ser humano queria encontrar uma forma de conservar o leite (em uma \u00e9poca que n\u00e3o existia geladeira e nem pasteuriza\u00e7\u00e3o). <\/p>\n<p> Neste epis\u00f3dio do podcast <a class href=\"https:\/\/g1.globo.com\/podcast\/de-onde-vem-o-que-eu-como\/\">De onde vem o que eu como<\/a>, voc\u00ea vai saber: <\/p>\n<ul>\n<li>Qual \u00e9 a origem dos queijos mais populares no Brasil; <\/li>\n<li>Qual \u00e9 a diferen\u00e7a entre os queijos artesanais e industrializados; <\/li>\n<li>Qual \u00e9 o valor nutricional dos queijos frescos e curados. <\/li>\n<\/ul>\n<p> O podcast &#x27;&quot;<a class href=\"https:\/\/g1.globo.com\/podcast\/de-onde-vem-o-que-eu-como\/\">De onde vem o que eu como<\/a>&quot; \u00e9 produzido por: M\u00f4nica Mariotti, Luciana de Oliveira, Carol Lorencetti e Eto Osclighter.  <\/p>\n<p> Apresenta\u00e7\u00e3o deste epis\u00f3dio: Luciana de Oliveira e Carol Lorencetti.  <\/p>\n<ul>\n<li><strong>DE ONDE VEM:<\/strong> <a class href=\"https:\/\/g1.globo.com\/economia\/agronegocios\/agro-de-gente-pra-gente\/noticia\/2022\/08\/09\/de-onde-vem-o-que-eu-como-serie-do-g1-mostra-caminho-da-comida-ate-a-sua-mesa.ghtml\">veja os v\u00eddeos da s\u00e9rie<\/a><\/li>\n<\/ul>\n<p>                   <img loading=\"lazy\" decoding=\"async\" class=\"aligncenter size-full wp-image-54078\" src=\"https:\/\/blog.corretoraideal.com.br\/wp-content\/uploads\/2023\/10\/de-onde-vem-o-que-eu-como-queijo.jpeg\" alt=\"De onde vem o que eu como: queijo\" width=\"800\" height=\"400\" \/>      <\/p>\n<p> De onde vem o que eu como: queijo <\/p>\n<p> <strong>?OU\u00c7A OUTROS EPIS\u00d3DIOS:<\/strong> <\/p>\n<p>                         1 de 2&#013;Entenda a diferen\u00e7a entre queijos frescos e curados. \u2014 Foto: Andra C Taylor Jr\/ Unsplash    <\/p>\n<p> Entenda a diferen\u00e7a entre queijos frescos e curados. \u2014 Foto: Andra C Taylor Jr\/ Unsplash <\/p>\n<p>         2 de 2&#013;Queijos s\u00e3o o tema do 60\u00ba epis\u00f3dio do podcast &#039;De onde vem o que eu como&#039;. \u2014 Foto: Comunica\u00e7\u00e3o\/Globo    <\/p>\n<p> Queijos s\u00e3o o tema do 60\u00ba epis\u00f3dio do podcast &#039;De onde vem o que eu como&#039;. \u2014 Foto: Comunica\u00e7\u00e3o\/Globo <\/p>\n<ul> <\/ul>\n","protected":false},"excerpt":{"rendered":"<p>CLIQUE ACIMA PARA OUVIR Voc\u00ea pode ouvir o &quot;De onde vem o que eu como&quot; no Globoplay, no Spotify, no Castbox, no Google Podcasts, no Apple Podcasts, na Deezer ou na sua plataforma de \u00e1udio preferida. Assine ou siga o \u201cDe onde vem\u201d para ser avisado sempre que tiver novo epis\u00f3dio. Os queijos foram criados [&hellip;]<\/p>\n","protected":false},"author":1,"featured_media":0,"comment_status":"closed","ping_status":"closed","sticky":false,"template":"","format":"standard","meta":{"footnotes":""},"categories":[],"tags":[],"class_list":["post-54076","post","type-post","status-publish","format-standard","hentry"],"_links":{"self":[{"href":"https:\/\/blog.corretoraideal.com.br\/index.php\/wp-json\/wp\/v2\/posts\/54076","targetHints":{"allow":["GET"]}}],"collection":[{"href":"https:\/\/blog.corretoraideal.com.br\/index.php\/wp-json\/wp\/v2\/posts"}],"about":[{"href":"https:\/\/blog.corretoraideal.com.br\/index.php\/wp-json\/wp\/v2\/types\/post"}],"author":[{"embeddable":true,"href":"https:\/\/blog.corretoraideal.com.br\/index.php\/wp-json\/wp\/v2\/users\/1"}],"replies":[{"embeddable":true,"href":"https:\/\/blog.corretoraideal.com.br\/index.php\/wp-json\/wp\/v2\/comments?post=54076"}],"version-history":[{"count":1,"href":"https:\/\/blog.corretoraideal.com.br\/index.php\/wp-json\/wp\/v2\/posts\/54076\/revisions"}],"predecessor-version":[{"id":54079,"href":"https:\/\/blog.corretoraideal.com.br\/index.php\/wp-json\/wp\/v2\/posts\/54076\/revisions\/54079"}],"wp:attachment":[{"href":"https:\/\/blog.corretoraideal.com.br\/index.php\/wp-json\/wp\/v2\/media?parent=54076"}],"wp:term":[{"taxonomy":"category","embeddable":true,"href":"https:\/\/blog.corretoraideal.com.br\/index.php\/wp-json\/wp\/v2\/categories?post=54076"},{"taxonomy":"post_tag","embeddable":true,"href":"https:\/\/blog.corretoraideal.com.br\/index.php\/wp-json\/wp\/v2\/tags?post=54076"}],"curies":[{"name":"wp","href":"https:\/\/api.w.org\/{rel}","templated":true}]}}