{"id":54080,"date":"2023-10-12T14:57:21","date_gmt":"2023-10-12T14:57:21","guid":{"rendered":"https:\/\/blog.corretoraideal.com.br\/?p=54080"},"modified":"2023-10-12T14:57:21","modified_gmt":"2023-10-12T14:57:21","slug":"x-ex-twitter-remove-centenas-de-contas-ligadas-ao-hamas-diz-presidente-executiva-tecnologia-g1","status":"publish","type":"post","link":"https:\/\/blog.corretoraideal.com.br\/index.php\/2023\/10\/12\/x-ex-twitter-remove-centenas-de-contas-ligadas-ao-hamas-diz-presidente-executiva-tecnologia-g1\/","title":{"rendered":"X (ex-Twitter) remove centenas de contas ligadas ao Hamas, diz presidente-executiva | Tecnologia | G1"},"content":{"rendered":"<p>      1 de 1&#013;X (ex-Twitter) remove centenas de contas ligadas ao Hamas, diz presidente-executiva \u2014 Foto: REUTERS\/Carlos Barria    <\/p>\n<p> X (ex-Twitter) remove centenas de contas ligadas ao Hamas, diz presidente-executiva \u2014 Foto: REUTERS\/Carlos Barria <\/p>\n<p> O X (ex-<a class href=\"https:\/\/g1.globo.com\/tudo-sobre\/twitter\/\">Twitter<\/a>) removeu centenas de perfis ligados ao Hamas e tomou medidas para remover ou rotular dezenas de milhares de conte\u00fados desde o ataque do grupo a Israel, disse a presidente-executiva do X, Linda Yaccarino, nesta quinta-feira (12). <\/p>\n<p> &quot;O X redistribuiu recursos e redirecionou equipes internas para lidar com a situa\u00e7\u00e3o em r\u00e1pida evolu\u00e7\u00e3o&quot;, disse Yaccarino. Ela acrescentou que a empresa montou um grupo de lideran\u00e7a para avaliar a situa\u00e7\u00e3o logo ap\u00f3s o ataque. <\/p>\n<p> Segundo a ag\u00eancia Reuters, a medida veio em resposta ao comiss\u00e1rio europeu para a Ind\u00fastria, Thierry Breton, que pediu explica\u00e7\u00f5es ao X sobre informa\u00e7\u00f5es falsas que estavam circulando na plataforma de Elon Musk. <\/p>\n<p> Breton disse que tinha ind\u00edcios de que X estava sendo usado para difundir conte\u00fados ilegais e desinforma\u00e7\u00e3o na Uni\u00e3o Europeia. <\/p>\n<p> Ontem, Breton emitiu um aviso semelhante \u00e0 Meta, dando 24 horas para a empresa informar as medidas tomadas para combater a dissemina\u00e7\u00e3o de desinforma\u00e7\u00e3o em suas plataformas ap\u00f3s o ataque a Israel. <\/p>\n<p> A Lei de Servi\u00e7os Digitais (DSA), recentemente implementada, exige que grandes plataformas on-line, incluindo X e Meta (dona do Facebook, Instagram e WhatsApp), removam conte\u00fado ilegal e tomem medidas para enfrentar os riscos \u00e0 seguran\u00e7a p\u00fablica e ao discurso c\u00edvico. <\/p>\n<p> <strong>LEIA TAMB\u00c9M: <\/strong> <\/p>\n<ul>\n<li><a class href=\"https:\/\/g1.globo.com\/tecnologia\/noticia\/2023\/10\/12\/por-que-twitter-e-meta-estao-sendo-questionados-na-europa-sobre-guerra-entre-israel-e-hamas.ghtml\">Por que Twitter e Meta est\u00e3o sendo questionados na Europa sobre guerra entre Israel e Hamas?<\/a><\/li>\n<li><a class href=\"https:\/\/g1.globo.com\/tecnologia\/noticia\/2023\/10\/11\/whatsapp-clonado-o-que-fazer-se-for-vitima-e-como-prevenir-golpes.ghtml\">WhatsApp clonado: o que fazer se for v\u00edtima e como prevenir golpes<\/a><\/li>\n<li><a class href=\"https:\/\/g1.globo.com\/tecnologia\/noticia\/2023\/10\/05\/android-14-veja-as-novidades-e-quais-marcas-vao-disponibilizar-a-atualizacao-ainda-este-ano.ghtml#G1-TECNOLOGIA-FEED-user,rec-top,1a58693c-443f-40d6-a064-11c373914b7d\">Android 14: veja as novidades e quais marcas v\u00e3o disponibilizar a atualiza\u00e7\u00e3o ainda este ano<\/a><\/li>\n<\/ul>\n<p><h2>Twitter ganha nova identidade visual com um grande &quot;X&quot;<\/h2>\n<\/p>\n<p>                   <img loading=\"lazy\" decoding=\"async\" class=\"aligncenter size-full wp-image-54082\" src=\"https:\/\/blog.corretoraideal.com.br\/wp-content\/uploads\/2023\/10\/twitter-ganha-nova-identidade-visual-com-um-grande-x.jpeg\" alt=\"Twitter ganha nova identidade visual com um grande &#034;X&#034;\" width=\"800\" height=\"400\" \/>      <\/p>\n<p> Twitter ganha nova identidade visual com um grande &#8220;X&#8221; <\/p>\n<p><h2>Elon Musk entra em saia-justa ao ser questionado sobre ex-mulher<\/h2>\n<\/p>\n<p>                   <img loading=\"lazy\" decoding=\"async\" class=\"aligncenter size-full wp-image-54083\" src=\"https:\/\/blog.corretoraideal.com.br\/wp-content\/uploads\/2023\/10\/elon-musk-entra-em-saia-justa-ao-ser-questionado-sobre-ex-mulher.jpeg\" alt=\"Elon Musk entra em saia justa ao ser questionado sobre ex mulher\" width=\"800\" height=\"400\" \/>      <\/p>\n<p> Elon Musk entra em saia-justa ao ser questionado sobre ex-mulher <\/p>\n<p><h2>Programa\u00e7\u00e3o em alta: veja como come\u00e7ar no setor\u00a0<\/h2>\n<\/p>\n<p>                   <img loading=\"lazy\" decoding=\"async\" class=\"aligncenter size-full wp-image-54084\" src=\"https:\/\/blog.corretoraideal.com.br\/wp-content\/uploads\/2023\/10\/programacao-em-alta-veja-como-comecar-no-setor-1.jpeg\" alt=\"Programa\u00e7\u00e3o em alta: veja como come\u00e7ar no setor\u00a0\" width=\"800\" height=\"400\" \/>      <\/p>\n<p> Programa\u00e7\u00e3o em alta: veja como come\u00e7ar no setor\u00a0 <\/p>\n<ul>\n<li> <a href=\"https:\/\/g1.globo.com\/tudo-sobre\/twitter\/\" class=\"entities__list-itemLink\" data-track-click=\"Twitter\"> Twitter <\/a> <\/li>\n<\/ul>\n","protected":false},"excerpt":{"rendered":"<p>1 de 1&#013;X (ex-Twitter) remove centenas de contas ligadas ao Hamas, diz presidente-executiva \u2014 Foto: REUTERS\/Carlos Barria X (ex-Twitter) remove centenas de contas ligadas ao Hamas, diz presidente-executiva \u2014 Foto: REUTERS\/Carlos Barria O X (ex-Twitter) removeu centenas de perfis ligados ao Hamas e tomou medidas para remover ou rotular dezenas de milhares de conte\u00fados desde [&hellip;]<\/p>\n","protected":false},"author":1,"featured_media":0,"comment_status":"closed","ping_status":"closed","sticky":false,"template":"","format":"standard","meta":{"footnotes":""},"categories":[],"tags":[],"class_list":["post-54080","post","type-post","status-publish","format-standard","hentry"],"_links":{"self":[{"href":"https:\/\/blog.corretoraideal.com.br\/index.php\/wp-json\/wp\/v2\/posts\/54080","targetHints":{"allow":["GET"]}}],"collection":[{"href":"https:\/\/blog.corretoraideal.com.br\/index.php\/wp-json\/wp\/v2\/posts"}],"about":[{"href":"https:\/\/blog.corretoraideal.com.br\/index.php\/wp-json\/wp\/v2\/types\/post"}],"author":[{"embeddable":true,"href":"https:\/\/blog.corretoraideal.com.br\/index.php\/wp-json\/wp\/v2\/users\/1"}],"replies":[{"embeddable":true,"href":"https:\/\/blog.corretoraideal.com.br\/index.php\/wp-json\/wp\/v2\/comments?post=54080"}],"version-history":[{"count":1,"href":"https:\/\/blog.corretoraideal.com.br\/index.php\/wp-json\/wp\/v2\/posts\/54080\/revisions"}],"predecessor-version":[{"id":54085,"href":"https:\/\/blog.corretoraideal.com.br\/index.php\/wp-json\/wp\/v2\/posts\/54080\/revisions\/54085"}],"wp:attachment":[{"href":"https:\/\/blog.corretoraideal.com.br\/index.php\/wp-json\/wp\/v2\/media?parent=54080"}],"wp:term":[{"taxonomy":"category","embeddable":true,"href":"https:\/\/blog.corretoraideal.com.br\/index.php\/wp-json\/wp\/v2\/categories?post=54080"},{"taxonomy":"post_tag","embeddable":true,"href":"https:\/\/blog.corretoraideal.com.br\/index.php\/wp-json\/wp\/v2\/tags?post=54080"}],"curies":[{"name":"wp","href":"https:\/\/api.w.org\/{rel}","templated":true}]}}