{"id":54086,"date":"2023-10-12T21:22:39","date_gmt":"2023-10-12T21:22:39","guid":{"rendered":"https:\/\/blog.corretoraideal.com.br\/?p=54086"},"modified":"2023-10-12T21:22:39","modified_gmt":"2023-10-12T21:22:39","slug":"brasil-chama-para-sexta-feira-reuniao-do-conselho-de-seguranca-da-onu-sobre-questao-humanitaria-em-gaza-blog-ana-flor-g1","status":"publish","type":"post","link":"https:\/\/blog.corretoraideal.com.br\/index.php\/2023\/10\/12\/brasil-chama-para-sexta-feira-reuniao-do-conselho-de-seguranca-da-onu-sobre-questao-humanitaria-em-gaza-blog-ana-flor-g1\/","title":{"rendered":"Brasil chama para sexta-feira reuni\u00e3o do Conselho de Seguran\u00e7a da ONU sobre quest\u00e3o humanit\u00e1ria em Gaza | Blog Ana Flor | G1"},"content":{"rendered":"\n<ul>\n<li>\n<p> O Brasil, que preside o Conselho de Seguran\u00e7a da ONU neste m\u00eas, convocou uma reuni\u00e3o do \u00f3rg\u00e3o para discutir quest\u00f5es humanit\u00e1rias na Faixa de Gaza. <\/p>\n<\/li>\n<li>\n<p> Gaza tem sido alvo de bombardeios de Israel em resposta a ataques do grupo terrorista Hamas em territ\u00f3rio israelense. <\/p>\n<\/li>\n<li>\n<p> A decis\u00e3o do Brasil foi tomada em conversas lideradas pelo presidente Luiz In\u00e1cio Lula da Silva nas \u00faltimas horas. <\/p>\n<\/li>\n<li>\n<p> O ministro das Rela\u00e7\u00f5es Exteriores, Mauro Viera, que est\u00e1 no Camboja, embarcar\u00e1 para Nova York para participar da reuni\u00e3o do Conselho de Seguran\u00e7a. <\/p>\n<\/li>\n<\/ul>\n<p> O Brasil, que preside o Conselho de Seguran\u00e7a da ONU neste m\u00eas, convocou uma reuni\u00e3o do \u00f3rg\u00e3o para discutir quest\u00f5es humanit\u00e1rias na Faixa de Gaza. <\/p>\n<p> Gaza tem sido alvo de bombardeios de Israel em resposta a ataques do grupo terrorista Hamas em territ\u00f3rio israelense. <\/p>\n<p> A decis\u00e3o do Brasil foi tomada em conversas lideradas pelo presidente Luiz In\u00e1cio Lula da Silva nas \u00faltimas horas. <\/p>\n<p> O ministro das Rela\u00e7\u00f5es Exteriores, Mauro Viera, que est\u00e1 no Camboja, embarcar\u00e1 para Nova York para participar da reuni\u00e3o do Conselho de Seguran\u00e7a. <\/p>\n<p>                   <img loading=\"lazy\" decoding=\"async\" class=\"aligncenter size-full wp-image-54088\" src=\"https:\/\/blog.corretoraideal.com.br\/wp-content\/uploads\/2023\/10\/ana-flor-brasil-convoca-reuniao-do-conselho-de-seguranca-da-onu.jpeg\" alt=\"Ana Flor: Brasil convoca reuni\u00e3o do Conselho de Seguran\u00e7a da ONU\" width=\"800\" height=\"400\" \/>      <\/p>\n<p> Ana Flor: Brasil convoca reuni\u00e3o do Conselho de Seguran\u00e7a da ONU <\/p>\n<p> O Brasil, que presidente neste m\u00eas o Conselho de Seguran\u00e7a da Organiza\u00e7\u00e3o das Na\u00e7\u00f5es Unidas (<a class href=\"https:\/\/g1.globo.com\/tudo-sobre\/onu\/\">ONU<\/a>), chamou para sexta-feira (13) uma reuni\u00e3o do \u00f3rg\u00e3o. O objetivo \u00e9 discutir quest\u00f5es humanit\u00e1rias na Faixa de Gaza. <\/p>\n<p> A regi\u00e3o tem sido alvo de bombardeios de Israel desde o fim de semana, quando o grupo terrorista Hamas fez ataques no territ\u00f3rio israelense. <\/p>\n<p> A decis\u00e3o do Brasil foi tomada nas \u00faltimas horas, em conversas capitaneadas pelo presidente Luiz In\u00e1cio <a class href=\"https:\/\/g1.globo.com\/politica\/politico\/lula\/\">Lula<\/a> da Silva. <\/p>\n<p> O ministro das Rela\u00e7\u00f5es Exteriores, Mauro Viera, que est\u00e1 no Camboja, vai embarcar nesta quinta (12) para Nova York, onde fica a ONU. <\/p>\n<p> Ele dever\u00e1 chegar na sexta, e j\u00e1 participar\u00e1 da reuni\u00e3o do Conselho de Seguran\u00e7a. O Brasil est\u00e1 sendo liderado no Conselho de seguran\u00e7a da ONU pelo embaixador Sergio Danese. <\/p>\n<p> <strong>Leia tamb\u00e9m:<\/strong> <\/p>\n<ul>\n<li><a class href=\"https:\/\/g1.globo.com\/politica\/noticia\/2023\/10\/11\/embaixador-cita-dificuldades-na-negociacao-com-o-egito-para-tirar-brasileiros-de-gaza.ghtml\">Embaixador cita dificuldades na negocia\u00e7\u00e3o com o Egito para tirar brasileiros de Gaza<\/a><\/li>\n<li><a class href=\"https:\/\/g1.globo.com\/sp\/sao-paulo\/noticia\/2023\/10\/11\/brasileira-em-gaza-e-avisada-sobre-ataque-a-casa-vizinha-nao-temos-tempo-suficiente-para-sair.ghtml\">Brasileira em Gaza \u00e9 avisada sobre ataque \u00e0 casa vizinha: &#x27;N\u00e3o temos tempo suficiente para sair&#x27;<\/a><\/li>\n<li><a class href=\"https:\/\/g1.globo.com\/mundo\/noticia\/2023\/10\/11\/premie-de-israel-forma-governo-de-emergencia-com-oposicao-e-monta-gabinete-de-guerra.ghtml\">Premi\u00ea de Israel se une a principal opositor e forma governo de emerg\u00eancia com gabinete de guerra<\/a><\/li>\n<\/ul>\n<p><h2>Preocupa\u00e7\u00e3o humanit\u00e1ria <\/h2>\n<\/p>\n<p> De acordo com o ministro da Secretaria de Comunica\u00e7\u00e3o da Presid\u00eancia, Paulo Pimenta, Lula est\u00e1 focado na retirada dos brasileiros da regi\u00e3o e tamb\u00e9m na constru\u00e7\u00e3o de corredor humanit\u00e1rio que ligue Gaza ao Egito. O corredor serviria para sa\u00edda de pessoas da regi\u00e3o e para fluxo de mantimentos e rem\u00e9dios. <\/p>\n<ul>\n<li> <a href=\"https:\/\/g1.globo.com\/politica\/politico\/lula\/\" class=\"entities__list-itemLink\" data-track-click=\"Lula\"> Lula <\/a> <\/li>\n<li> <a href=\"https:\/\/g1.globo.com\/tudo-sobre\/mauro-vieira\/\" class=\"entities__list-itemLink\" data-track-click=\"Mauro Vieira\"> Mauro Vieira <\/a> <\/li>\n<li> <a href=\"https:\/\/g1.globo.com\/tudo-sobre\/onu\/\" class=\"entities__list-itemLink\" data-track-click=\"ONU\"> ONU <\/a> <\/li>\n<\/ul>\n","protected":false},"excerpt":{"rendered":"<p>O Brasil, que preside o Conselho de Seguran\u00e7a da ONU neste m\u00eas, convocou uma reuni\u00e3o do \u00f3rg\u00e3o para discutir quest\u00f5es humanit\u00e1rias na Faixa de Gaza. Gaza tem sido alvo de bombardeios de Israel em resposta a ataques do grupo terrorista Hamas em territ\u00f3rio israelense. A decis\u00e3o do Brasil foi tomada em conversas lideradas pelo presidente [&hellip;]<\/p>\n","protected":false},"author":1,"featured_media":0,"comment_status":"closed","ping_status":"closed","sticky":false,"template":"","format":"standard","meta":{"footnotes":""},"categories":[],"tags":[],"class_list":["post-54086","post","type-post","status-publish","format-standard","hentry"],"_links":{"self":[{"href":"https:\/\/blog.corretoraideal.com.br\/index.php\/wp-json\/wp\/v2\/posts\/54086","targetHints":{"allow":["GET"]}}],"collection":[{"href":"https:\/\/blog.corretoraideal.com.br\/index.php\/wp-json\/wp\/v2\/posts"}],"about":[{"href":"https:\/\/blog.corretoraideal.com.br\/index.php\/wp-json\/wp\/v2\/types\/post"}],"author":[{"embeddable":true,"href":"https:\/\/blog.corretoraideal.com.br\/index.php\/wp-json\/wp\/v2\/users\/1"}],"replies":[{"embeddable":true,"href":"https:\/\/blog.corretoraideal.com.br\/index.php\/wp-json\/wp\/v2\/comments?post=54086"}],"version-history":[{"count":1,"href":"https:\/\/blog.corretoraideal.com.br\/index.php\/wp-json\/wp\/v2\/posts\/54086\/revisions"}],"predecessor-version":[{"id":54089,"href":"https:\/\/blog.corretoraideal.com.br\/index.php\/wp-json\/wp\/v2\/posts\/54086\/revisions\/54089"}],"wp:attachment":[{"href":"https:\/\/blog.corretoraideal.com.br\/index.php\/wp-json\/wp\/v2\/media?parent=54086"}],"wp:term":[{"taxonomy":"category","embeddable":true,"href":"https:\/\/blog.corretoraideal.com.br\/index.php\/wp-json\/wp\/v2\/categories?post=54086"},{"taxonomy":"post_tag","embeddable":true,"href":"https:\/\/blog.corretoraideal.com.br\/index.php\/wp-json\/wp\/v2\/tags?post=54086"}],"curies":[{"name":"wp","href":"https:\/\/api.w.org\/{rel}","templated":true}]}}