{"id":54090,"date":"2023-10-13T01:32:50","date_gmt":"2023-10-13T01:32:50","guid":{"rendered":"https:\/\/blog.corretoraideal.com.br\/?p=54090"},"modified":"2023-10-13T01:32:50","modified_gmt":"2023-10-13T01:32:50","slug":"campos-realiza-forca-tarefa-de-multivacinacao-neste-sabado-norte-fluminense-g1","status":"publish","type":"post","link":"https:\/\/blog.corretoraideal.com.br\/index.php\/2023\/10\/13\/campos-realiza-forca-tarefa-de-multivacinacao-neste-sabado-norte-fluminense-g1\/","title":{"rendered":"Campos realiza for\u00e7a-tarefa de multivacina\u00e7\u00e3o neste s\u00e1bado | Norte Fluminense | G1"},"content":{"rendered":"<p>      1 de 1&#013;For\u00e7a-tarefa de multivacina\u00e7\u00e3o ser\u00e1 neste s\u00e1bado em Campos \u2014 Foto: Secom\/Divulga\u00e7\u00e3o    <\/p>\n<p> For\u00e7a-tarefa de multivacina\u00e7\u00e3o ser\u00e1 neste s\u00e1bado em Campos \u2014 Foto: Secom\/Divulga\u00e7\u00e3o <\/p>\n<p> Campos dos Goytacazes, no Norte Fluminense, ter\u00e1 uma for\u00e7a-tarefa de multivacina\u00e7\u00e3o neste s\u00e1bado (14), com o tema: \u201cQuem ama, vacina!\u201d. O objetivo da a\u00e7\u00e3o \u00e9 atualizar a caderneta de vacina\u00e7\u00e3o de crian\u00e7as e adolescentes com idade entre 2 meses e 15 anos completos. <\/p>\n<p> O atendimento ser\u00e1 realiado na \u00e1rea do Clubinho Casa da \u00c1rvore, do Boulevard Shopping Campos. No espa\u00e7o l\u00fadico, al\u00e9m da aplica\u00e7\u00e3o de diversos tipos vacinas do calend\u00e1rio de rotina e Covid-19, a crian\u00e7ada ainda poder\u00e1 interagir das 11h \u00e0s 18h. <\/p>\n<p> Para as crian\u00e7as acima de 2 meses de vida s\u00e3o ofertadas as vacinas: Hepatite B, Penta (difteria, t\u00e9tano, coqueluche, hepatite B e poliomielite), P\u00f3lio Inativada (VIP), P\u00f3lio Oral (VOP), Rotav\u00edrus, Pneumo 10, Meningo C, Tr\u00edplice Viral (sarampo, caxumba e rub\u00e9ola), DTP (tr\u00edplice bacteriana), febre Amarela e Hepatite A. <\/p>\n<p> No calend\u00e1rio do adolescente h\u00e1 mais vacinas, al\u00e9m de refor\u00e7os das imuniza\u00e7\u00f5es feitas na inf\u00e2ncia. S\u00e3o elas: Hepatite B, Tr\u00edplice Viral, Difteria e t\u00e9tano adulto, DTPa, Meningoc\u00f3cica ACWY, HPV quadrivalente e Febre Amarela. <\/p>\n<p> Tamb\u00e9m est\u00e3o dispon\u00edveis as vacinas Influenza, que previne contra a gripe, e Covid-19 indicadas para o p\u00fablico acima de 6 meses de vida. <\/p>\n<p> O munic\u00edpio mant\u00e9m diferentes estrat\u00e9gias com a finalidade de ampliar cada vez mais a cobertura vacinal do p\u00fablico infanto-juvenil. Al\u00e9m da vacina\u00e7\u00e3o di\u00e1ria e aos finais de semana, est\u00e3o a\u00e7\u00f5es extramuros e a For\u00e7a-tarefa de Multivacina\u00e7\u00e3o, que teve in\u00edcio em outubro de 2022, foram aplicadas 1.204 doses em sete edi\u00e7\u00f5es. Este ano a a\u00e7\u00e3o j\u00e1 ocorreu nas Unidades B\u00e1sicas de Sa\u00fade da Fam\u00edlia (UBSF) do Parque Prazeres, Eldorado e Santa Rosa, com 857 doses aplicadas. <\/p>\n<p> \u201cEsperamos alcan\u00e7ar o mesmo sucesso das edi\u00e7\u00f5es anteriores, mas para isso, contamos com a ades\u00e3o dos pais e respons\u00e1veis legais. N\u00e3o deixem de levar seus filhos para serem vacinados. Vacinas salvam vidas\u201d, disse a coordenadora de Imuniza\u00e7\u00f5es da Secretaria Municipal de Sa\u00fade (SMS), Amanda Carvalho. <\/p>\n<p> Para vacinar, os pais ou respons\u00e1veis legais de crian\u00e7as e adolescentes que est\u00e3o dentro da faixa et\u00e1ria, precisam levar apenas os documentos pessoais do filho e a caderneta de vacina\u00e7\u00e3o. <\/p>\n<p> Tamb\u00e9m haver\u00e1 vacina\u00e7\u00e3o neste s\u00e1bado (14) e domingo (15) na sede da Secretaria Municipal de Sa\u00fade e Cl\u00ednica da Crian\u00e7a, das 8h \u00e0s 17h. Nesses locais, al\u00e9m das vacinas de rotinas, tamb\u00e9m \u00e9 aplicada Covid-19 para crian\u00e7as, adolescentes, adultos e idosos. <\/p>\n<ul> <\/ul>\n","protected":false},"excerpt":{"rendered":"<p>1 de 1&#013;For\u00e7a-tarefa de multivacina\u00e7\u00e3o ser\u00e1 neste s\u00e1bado em Campos \u2014 Foto: Secom\/Divulga\u00e7\u00e3o For\u00e7a-tarefa de multivacina\u00e7\u00e3o ser\u00e1 neste s\u00e1bado em Campos \u2014 Foto: Secom\/Divulga\u00e7\u00e3o Campos dos Goytacazes, no Norte Fluminense, ter\u00e1 uma for\u00e7a-tarefa de multivacina\u00e7\u00e3o neste s\u00e1bado (14), com o tema: \u201cQuem ama, vacina!\u201d. O objetivo da a\u00e7\u00e3o \u00e9 atualizar a caderneta de vacina\u00e7\u00e3o de [&hellip;]<\/p>\n","protected":false},"author":1,"featured_media":0,"comment_status":"closed","ping_status":"closed","sticky":false,"template":"","format":"standard","meta":{"footnotes":""},"categories":[],"tags":[],"class_list":["post-54090","post","type-post","status-publish","format-standard","hentry"],"_links":{"self":[{"href":"https:\/\/blog.corretoraideal.com.br\/index.php\/wp-json\/wp\/v2\/posts\/54090","targetHints":{"allow":["GET"]}}],"collection":[{"href":"https:\/\/blog.corretoraideal.com.br\/index.php\/wp-json\/wp\/v2\/posts"}],"about":[{"href":"https:\/\/blog.corretoraideal.com.br\/index.php\/wp-json\/wp\/v2\/types\/post"}],"author":[{"embeddable":true,"href":"https:\/\/blog.corretoraideal.com.br\/index.php\/wp-json\/wp\/v2\/users\/1"}],"replies":[{"embeddable":true,"href":"https:\/\/blog.corretoraideal.com.br\/index.php\/wp-json\/wp\/v2\/comments?post=54090"}],"version-history":[{"count":1,"href":"https:\/\/blog.corretoraideal.com.br\/index.php\/wp-json\/wp\/v2\/posts\/54090\/revisions"}],"predecessor-version":[{"id":54092,"href":"https:\/\/blog.corretoraideal.com.br\/index.php\/wp-json\/wp\/v2\/posts\/54090\/revisions\/54092"}],"wp:attachment":[{"href":"https:\/\/blog.corretoraideal.com.br\/index.php\/wp-json\/wp\/v2\/media?parent=54090"}],"wp:term":[{"taxonomy":"category","embeddable":true,"href":"https:\/\/blog.corretoraideal.com.br\/index.php\/wp-json\/wp\/v2\/categories?post=54090"},{"taxonomy":"post_tag","embeddable":true,"href":"https:\/\/blog.corretoraideal.com.br\/index.php\/wp-json\/wp\/v2\/tags?post=54090"}],"curies":[{"name":"wp","href":"https:\/\/api.w.org\/{rel}","templated":true}]}}