{"id":54093,"date":"2023-10-13T03:37:50","date_gmt":"2023-10-13T03:37:50","guid":{"rendered":"https:\/\/blog.corretoraideal.com.br\/?p=54093"},"modified":"2023-10-13T03:37:50","modified_gmt":"2023-10-13T03:37:50","slug":"arvore-pode-levar-ate-12-anos-para-virar-papel-g1-conheceu-a-producao-desde-a-floresta-agro-de-gente-pra-gente-g1","status":"publish","type":"post","link":"https:\/\/blog.corretoraideal.com.br\/index.php\/2023\/10\/13\/arvore-pode-levar-ate-12-anos-para-virar-papel-g1-conheceu-a-producao-desde-a-floresta-agro-de-gente-pra-gente-g1\/","title":{"rendered":"\u00c1rvore pode levar at\u00e9 12 anos para virar papel: g1 conheceu a produ\u00e7\u00e3o desde a floresta | Agro de gente pra gente | G1"},"content":{"rendered":"<p>                <img loading=\"lazy\" decoding=\"async\" class=\"aligncenter size-full wp-image-54095\" src=\"https:\/\/blog.corretoraideal.com.br\/wp-content\/uploads\/2023\/10\/de-onde-vem-o-papel.jpeg\" alt=\"De onde vem o papel\" width=\"800\" height=\"400\" \/>      <\/p>\n<p> De onde vem o papel <\/p>\n<p> Com tanta tecnologia dispon\u00edvel, voc\u00ea acha que o papel vai deixar de existir? N\u00e3o d\u00e1 para saber. A \u00fanica certeza \u00e9 que, mesmo com tanta inova\u00e7\u00e3o, a produ\u00e7\u00e3o de papel continua crescendo no Brasil. <\/p>\n<p> E o pa\u00eds \u00e9 um dos principais fabricantes do mundo. Uma raz\u00e3o para isso \u00e9 o<strong> clima tropical<\/strong> que favorece o plantio de eucalipto e de pinus, esp\u00e9cies de \u00e1rvores que s\u00e3o a mat\u00e9ria-prima do papel. <\/p>\n<ul>\n<li><strong>DE ONDE VEM<\/strong>: <a class href=\"https:\/\/g1.globo.com\/economia\/agronegocios\/agro-de-gente-pra-gente\/noticia\/2022\/08\/09\/de-onde-vem-o-que-eu-como-serie-do-g1-mostra-caminho-da-comida-ate-a-sua-mesa.ghtml\">veja todos os v\u00eddeos da s\u00e9rie<\/a><\/li>\n<li><strong>GENTE DO CAMPO<\/strong>: <a class href=\"https:\/\/g1.globo.com\/economia\/agronegocios\/agro-de-gente-pra-gente\/noticia\/2022\/09\/01\/gente-do-campo-serie-do-g1-mostra-quem-faz-o-agro-do-brasil.ghtml\">conhe\u00e7a quem produz os alimentos que chegam at\u00e9 voc\u00ea<\/a><\/li>\n<\/ul>\n<p> O cultivo dessas esp\u00e9cies \u00e9 chamado de floresta plantada: um plantio <strong>exclusivo para fins comerciais com o objetivo de n\u00e3o prejudicar o meio ambiente<\/strong>, afirma a Ind\u00fastria Brasileira de \u00c1rvores (IBA). <\/p>\n<p> Para conhecer essa produ\u00e7\u00e3o, o <a class href=\"https:\/\/g1.globo.com\/?utm_source=barraGCOM\"><strong>g1<\/strong><\/a><strong> <\/strong>viajou foi at\u00e9 <a class href=\"https:\/\/g1.globo.com\/pr\/campos-gerais-sul\/cidade\/arapoti\/\">Arapoti (PR)<\/a> para visitar uma f\u00e1brica de papel e uma unidade de floresta plantada. <strong>No v\u00eddeo acima, voc\u00ea vai ver:<\/strong> <\/p>\n<ul>\n<li>?como a fibra de madeira vira papel;<\/li>\n<li>? as diferen\u00e7as entre o pinus e o eucalipto;<\/li>\n<li>?o que \u00e9 celulose e que ela tem a ver com o papel.<\/li>\n<\/ul>\n<p>         1 de 7&#013;Floresta plantada de eucalipto em Arapoti, no Paran\u00e1 \u2014 Foto: Luiz Franco, g1    <\/p>\n<p> Floresta plantada de eucalipto em Arapoti, no Paran\u00e1 \u2014 Foto: Luiz Franco, g1 <\/p>\n<p> <strong>Cr\u00e9ditos do &quot;De onde vem&quot;<\/strong> <\/p>\n<ul>\n<li><strong>Coordena\u00e7\u00e3o editorial<\/strong>: Luciana de Oliveira<\/li>\n<li><strong>Edi\u00e7\u00e3o e finaliza\u00e7\u00e3o<\/strong>: Luiz Gabriel Franco<\/li>\n<li><strong>Narra\u00e7\u00e3o<\/strong>: Rafaela Putini<\/li>\n<li><strong>Reportagem<\/strong>: Murillo Otavio<\/li>\n<li><strong>Roteiro<\/strong>: Murillo Otavio e Paula Paiva<\/li>\n<li><strong>Produ\u00e7\u00e3o:<\/strong> Murillo Otavio e Vivian Souza<\/li>\n<li><strong>Coordena\u00e7\u00e3o de v\u00eddeo<\/strong>: Tatiana Caldas e Mariana Mendicelli<\/li>\n<li><strong>Coordena\u00e7\u00e3o de arte<\/strong>: Guilherme Luiz Pinheiro<\/li>\n<li><strong>Dire\u00e7\u00e3o de arte e ilustra\u00e7\u00f5es<\/strong>: Luisa Rivas e Gabriel Wesley Marques<\/li>\n<li><strong>Motion Design<\/strong>: Veronica Medeiros<\/li>\n<li><strong>Fotografia<\/strong>: Luiz Gabriel Franco<\/li>\n<li><strong>Motorista<\/strong>: Ricardo Barbosa<\/li>\n<\/ul>\n<p>         2 de 7&#013;Rolos de papel na f\u00e1brica, em Arapoti, no Paran\u00e1 \u2014 Foto: Luiz Franco, g1    <\/p>\n<p> Rolos de papel na f\u00e1brica, em Arapoti, no Paran\u00e1 \u2014 Foto: Luiz Franco, g1 <\/p>\n<p>         3 de 7&#013;Celulose, mat\u00e9ria-prima feita a partir das fibras de madeira. \u2014 Foto: Luiz Franco, g1    <\/p>\n<p> Celulose, mat\u00e9ria-prima feita a partir das fibras de madeira. \u2014 Foto: Luiz Franco, g1 <\/p>\n<p>         4 de 7&#013;Detalhes das fibras de eucalipto \u2014 Foto: Luiz Franco, g1    <\/p>\n<p> Detalhes das fibras de eucalipto \u2014 Foto: Luiz Franco, g1 <\/p>\n<p>         5 de 7&#013;Florestada plantada de Pinus \u2014 Foto: Luiz Franco, g1    <\/p>\n<p> Florestada plantada de Pinus \u2014 Foto: Luiz Franco, g1 <\/p>\n<p>         6 de 7&#013;M\u00e1quina que f\u00e1brica papel a partir da celulose \u2014 Foto: Luiz Franco, g1    <\/p>\n<p> M\u00e1quina que f\u00e1brica papel a partir da celulose \u2014 Foto: Luiz Franco, g1 <\/p>\n<p>         7 de 7&#013;\u00c1rvore de eucalipto na floresta plantada em Arapoti, no Paran\u00e1 \u2014 Foto: Luiz Franco, g1    <\/p>\n<p> \u00c1rvore de eucalipto na floresta plantada em Arapoti, no Paran\u00e1 \u2014 Foto: Luiz Franco, g1 <\/p>\n<p><h2>Veja mais v\u00eddeos da s\u00e9rie de onde vem<\/h2>\n<\/p>\n<p>                   <img loading=\"lazy\" decoding=\"async\" class=\"aligncenter size-full wp-image-54096\" src=\"https:\/\/blog.corretoraideal.com.br\/wp-content\/uploads\/2023\/10\/de-onde-vem-o-espumante.jpeg\" alt=\"De onde vem o espumante\" width=\"800\" height=\"400\" \/>      <\/p>\n<p> De onde vem o espumante <\/p>\n<p>                    <img loading=\"lazy\" decoding=\"async\" class=\"aligncenter size-full wp-image-54097\" src=\"https:\/\/blog.corretoraideal.com.br\/wp-content\/uploads\/2023\/10\/de-onde-vem-o-que-eu-como-morango.jpeg\" alt=\"De onde vem o que eu como: morango\" width=\"800\" height=\"400\" \/>      <\/p>\n<p> De onde vem o que eu como: morango <\/p>\n<p>                    <img loading=\"lazy\" decoding=\"async\" class=\"aligncenter size-full wp-image-54098\" src=\"https:\/\/blog.corretoraideal.com.br\/wp-content\/uploads\/2023\/10\/de-onde-vem-o-que-eu-como-flores-comestiveis-1.jpeg\" alt=\"De onde vem o que eu como: flores comest\u00edveis\" width=\"800\" height=\"400\" \/>      <\/p>\n<p> De onde vem o que eu como: flores comest\u00edveis <\/p>\n<ul>\n<li> <a href=\"https:\/\/g1.globo.com\/pr\/campos-gerais-sul\/cidade\/arapoti\/\" class=\"entities__list-itemLink\" data-track-click=\"Arapoti\"> Arapoti <\/a> <\/li>\n<\/ul>\n","protected":false},"excerpt":{"rendered":"<p>De onde vem o papel Com tanta tecnologia dispon\u00edvel, voc\u00ea acha que o papel vai deixar de existir? N\u00e3o d\u00e1 para saber. A \u00fanica certeza \u00e9 que, mesmo com tanta inova\u00e7\u00e3o, a produ\u00e7\u00e3o de papel continua crescendo no Brasil. E o pa\u00eds \u00e9 um dos principais fabricantes do mundo. Uma raz\u00e3o para isso \u00e9 o [&hellip;]<\/p>\n","protected":false},"author":1,"featured_media":0,"comment_status":"closed","ping_status":"closed","sticky":false,"template":"","format":"standard","meta":{"footnotes":""},"categories":[],"tags":[],"class_list":["post-54093","post","type-post","status-publish","format-standard","hentry"],"_links":{"self":[{"href":"https:\/\/blog.corretoraideal.com.br\/index.php\/wp-json\/wp\/v2\/posts\/54093","targetHints":{"allow":["GET"]}}],"collection":[{"href":"https:\/\/blog.corretoraideal.com.br\/index.php\/wp-json\/wp\/v2\/posts"}],"about":[{"href":"https:\/\/blog.corretoraideal.com.br\/index.php\/wp-json\/wp\/v2\/types\/post"}],"author":[{"embeddable":true,"href":"https:\/\/blog.corretoraideal.com.br\/index.php\/wp-json\/wp\/v2\/users\/1"}],"replies":[{"embeddable":true,"href":"https:\/\/blog.corretoraideal.com.br\/index.php\/wp-json\/wp\/v2\/comments?post=54093"}],"version-history":[{"count":1,"href":"https:\/\/blog.corretoraideal.com.br\/index.php\/wp-json\/wp\/v2\/posts\/54093\/revisions"}],"predecessor-version":[{"id":54099,"href":"https:\/\/blog.corretoraideal.com.br\/index.php\/wp-json\/wp\/v2\/posts\/54093\/revisions\/54099"}],"wp:attachment":[{"href":"https:\/\/blog.corretoraideal.com.br\/index.php\/wp-json\/wp\/v2\/media?parent=54093"}],"wp:term":[{"taxonomy":"category","embeddable":true,"href":"https:\/\/blog.corretoraideal.com.br\/index.php\/wp-json\/wp\/v2\/categories?post=54093"},{"taxonomy":"post_tag","embeddable":true,"href":"https:\/\/blog.corretoraideal.com.br\/index.php\/wp-json\/wp\/v2\/tags?post=54093"}],"curies":[{"name":"wp","href":"https:\/\/api.w.org\/{rel}","templated":true}]}}