{"id":54100,"date":"2023-10-13T06:30:24","date_gmt":"2023-10-13T06:30:24","guid":{"rendered":"https:\/\/blog.corretoraideal.com.br\/?p=54100"},"modified":"2023-10-13T06:30:24","modified_gmt":"2023-10-13T06:30:24","slug":"fotos-confira-como-foi-divertido-o-dia-das-criancas-em-cidades-do-rj-norte-fluminense-g1","status":"publish","type":"post","link":"https:\/\/blog.corretoraideal.com.br\/index.php\/2023\/10\/13\/fotos-confira-como-foi-divertido-o-dia-das-criancas-em-cidades-do-rj-norte-fluminense-g1\/","title":{"rendered":"FOTOS: Confira como foi divertido o Dia das Crian\u00e7as em cidades do RJ | Norte Fluminense | G1"},"content":{"rendered":"\n<p> O Dia das Crian\u00e7as vem sendo comemorado ao longo da semana e nesta quinta-feira (12) com muita divers\u00e3o em diferentes cidades do Rio de Janeiro. A crian\u00e7ada gastou energia: pulou, dan\u00e7ou, escorregou, participou de jogos, gincanas e muito mais. <\/p>\n<p><h2><a class href=\"https:\/\/g1.globo.com\/rj\/regiao-dos-lagos\/cidade\/macae\/\">Maca\u00e9<\/a><\/h2>\n<\/p>\n<p> Na cidade de Maca\u00e9, no Norte Fluminense, centenas de fam\u00edlias participaram da segunda edi\u00e7\u00e3o do Maca\u00e9 Crian\u00e7a Feliz at\u00e9 o come\u00e7o da tarde desta quinta-feira (12), com diferentes atividades gratuitas na Pra\u00e7a Washington Luiz. <\/p>\n<p> A programa\u00e7\u00e3o foi realizada pelo Programa de Sa\u00fade e Bem Estar Social (Pr\u00f3-Bem), da Prefeitura de Maca\u00e9. <\/p>\n<p><h2><a class href=\"https:\/\/g1.globo.com\/rj\/regiao-dos-lagos\/cidade\/rio-das-ostras\/\">Rio das Ostras<\/a><\/h2>\n<\/p>\n<p> Em Rio das Ostras, as crian\u00e7as tamb\u00e9m puderam experimentar uma novidade que vai fazer muita diferen\u00e7a, principalmente, para crian\u00e7a com defici\u00eancia. A Prefeitura inaugurou nesta quarta-feira (11), v\u00e9spera do Dia das Crian\u00e7as, o primeiro parque adaptado da cidade. <\/p>\n<p> O objetivo \u00e9 garantir acessibilidade e inclus\u00e3o. Segundo o munic\u00edpio, mais dois parques est\u00e3o em fase de licita\u00e7\u00e3o. O parque conta com cinco brinquedos e funciona na pra\u00e7a Cl\u00e1udio Ribeiro, na Extens\u00e3o do Bosque, ao lado da Secretaria de Desenvolvimento Econ\u00f4mico e Turismo. <\/p>\n<p><h2>Campos<\/h2>\n<\/p>\n<p> Na cidade de <a class href=\"https:\/\/g1.globo.com\/rj\/norte-fluminense\/cidade\/campos-dos-goytacazes\/\">Campos dos Goytacazes<\/a>, no Norte Fluminense, tamb\u00e9m teve comemora\u00e7\u00e3o pelo Dia da Crian\u00e7as nesta quinta-feira (12). A Funda\u00e7\u00e3o Municipal de Esportes (FME) promoveu um evento esportivo no Jardim S\u00e3o Benedito na parte da manh\u00e3. Al\u00e9m disso, a Funda\u00e7\u00e3o Municipal de Sa\u00fade (FMS) levou divers\u00e3o para crian\u00e7as internadas nas alas pedi\u00e1tricas dos hospitais da cidade. Elas ganharam presentes e lanches especiais. <\/p>\n<p> J\u00e1 na Cidade da Crian\u00e7a, a programa\u00e7\u00e3o segue ao longo do dia com brinquedos infl\u00e1veis, anima\u00e7\u00e3o cultural, bola mania, bandas de fanfarra de unidades escolares da rede municipal de ensino, Banda da Seduct, brincadeiras, atividades esportivas e culturais. <\/p>\n<p> Na Funda\u00e7\u00e3o da Inf\u00e2ncia e Juventude, houve programa\u00e7\u00e3o na manh\u00e3 de quarta-feira (11), que contou com brincadeiras diversas, gincanas, atividades culturais, pintura, perguntas e respostas, pula-pula, al\u00e9m de distribui\u00e7\u00e3o de guloseimas. <\/p>\n<p> Ainda nesta quarta, na Pracinha da Cultura, a Secretaria Municipal de Desenvolvimento Humano e Social, promoveu a tradicional festa de Dia das Crian\u00e7as. Al\u00e9m das brincadeiras e atividades recreativas, houve distribui\u00e7\u00e3o de pipoca, algod\u00e3o doce e cachorro-quente. O espa\u00e7o atende \u00e0s fam\u00edlias do Novo Eldorado. <\/p>\n<ul>\n<li> <a href=\"https:\/\/g1.globo.com\/rj\/norte-fluminense\/cidade\/campos-dos-goytacazes\/\" class=\"entities__list-itemLink\" data-track-click=\"Campos dos Goytacazes\"> Campos dos Goytacazes <\/a> <\/li>\n<li> <a href=\"https:\/\/g1.globo.com\/rj\/regiao-dos-lagos\/cidade\/macae\/\" class=\"entities__list-itemLink\" data-track-click=\"Maca\u00e9\"> Maca\u00e9 <\/a> <\/li>\n<li> <a href=\"https:\/\/g1.globo.com\/rj\/regiao-dos-lagos\/cidade\/rio-das-ostras\/\" class=\"entities__list-itemLink\" data-track-click=\"Rio das Ostras\"> Rio das Ostras <\/a> <\/li>\n<\/ul>\n","protected":false},"excerpt":{"rendered":"<p>O Dia das Crian\u00e7as vem sendo comemorado ao longo da semana e nesta quinta-feira (12) com muita divers\u00e3o em diferentes cidades do Rio de Janeiro. A crian\u00e7ada gastou energia: pulou, dan\u00e7ou, escorregou, participou de jogos, gincanas e muito mais. Maca\u00e9 Na cidade de Maca\u00e9, no Norte Fluminense, centenas de fam\u00edlias participaram da segunda edi\u00e7\u00e3o do [&hellip;]<\/p>\n","protected":false},"author":1,"featured_media":0,"comment_status":"closed","ping_status":"closed","sticky":false,"template":"","format":"standard","meta":{"footnotes":""},"categories":[],"tags":[],"class_list":["post-54100","post","type-post","status-publish","format-standard","hentry"],"_links":{"self":[{"href":"https:\/\/blog.corretoraideal.com.br\/index.php\/wp-json\/wp\/v2\/posts\/54100","targetHints":{"allow":["GET"]}}],"collection":[{"href":"https:\/\/blog.corretoraideal.com.br\/index.php\/wp-json\/wp\/v2\/posts"}],"about":[{"href":"https:\/\/blog.corretoraideal.com.br\/index.php\/wp-json\/wp\/v2\/types\/post"}],"author":[{"embeddable":true,"href":"https:\/\/blog.corretoraideal.com.br\/index.php\/wp-json\/wp\/v2\/users\/1"}],"replies":[{"embeddable":true,"href":"https:\/\/blog.corretoraideal.com.br\/index.php\/wp-json\/wp\/v2\/comments?post=54100"}],"version-history":[{"count":1,"href":"https:\/\/blog.corretoraideal.com.br\/index.php\/wp-json\/wp\/v2\/posts\/54100\/revisions"}],"predecessor-version":[{"id":54102,"href":"https:\/\/blog.corretoraideal.com.br\/index.php\/wp-json\/wp\/v2\/posts\/54100\/revisions\/54102"}],"wp:attachment":[{"href":"https:\/\/blog.corretoraideal.com.br\/index.php\/wp-json\/wp\/v2\/media?parent=54100"}],"wp:term":[{"taxonomy":"category","embeddable":true,"href":"https:\/\/blog.corretoraideal.com.br\/index.php\/wp-json\/wp\/v2\/categories?post=54100"},{"taxonomy":"post_tag","embeddable":true,"href":"https:\/\/blog.corretoraideal.com.br\/index.php\/wp-json\/wp\/v2\/tags?post=54100"}],"curies":[{"name":"wp","href":"https:\/\/api.w.org\/{rel}","templated":true}]}}