{"id":54103,"date":"2023-10-13T08:29:35","date_gmt":"2023-10-13T08:29:35","guid":{"rendered":"https:\/\/blog.corretoraideal.com.br\/?p=54103"},"modified":"2023-10-13T08:29:35","modified_gmt":"2023-10-13T08:29:35","slug":"chocolate-suco-e-sabonete-veja-produtos-que-ficaram-mais-caros-mas-diminuiram-de-tamanho-economia-g1","status":"publish","type":"post","link":"https:\/\/blog.corretoraideal.com.br\/index.php\/2023\/10\/13\/chocolate-suco-e-sabonete-veja-produtos-que-ficaram-mais-caros-mas-diminuiram-de-tamanho-economia-g1\/","title":{"rendered":"Chocolate, suco e sabonete: veja produtos que ficaram mais caros, mas diminu\u00edram de tamanho | Economia | G1"},"content":{"rendered":"<p>      1 de 4&#013;A an\u00e1lise da Horus foi realizada com as 30 principais categorias de produtos presentes no carrinho de compra do consumidor \u2014 Foto: Pexels    <\/p>\n<p> A an\u00e1lise da Horus foi realizada com as 30 principais categorias de produtos presentes no carrinho de compra do consumidor \u2014 Foto: Pexels <\/p>\n<p> \u201cEu fiquei irritado. Ao chegar no supermercado, senti que os pre\u00e7os dos itens subiram, enquanto o tamanho foi reduzido. Por exemplo, enquanto a maioria dos molhos de tomate tinha 340 gramas um tempo atr\u00e1s, agora est\u00e1 tudo com 300 [gramas] ou at\u00e9 menos\u201d, diz o marceneiro Jefferson Gimenes, de 50 anos, que faz compras mensais para a fam\u00edlia. <\/p>\n<p> O movimento que reflete essa percep\u00e7\u00e3o tem um nome: <strong>redufla\u00e7\u00e3o<\/strong> \u2014 que \u00e9 a manuten\u00e7\u00e3o ou at\u00e9 um aumento dos pre\u00e7os nas g\u00f4ndolas, mesmo diante de um corte no tamanho dos produtos por parte dos fabricantes. <\/p>\n<p> No acumulado dos oito primeiros meses de 2023, por exemplo, o sab\u00e3o em p\u00f3 foi o item vendido em supermercados que mais sofreu redufla\u00e7\u00e3o em compara\u00e7\u00e3o ao intervalo de janeiro a agosto do ano passado. No per\u00edodo, o tamanho do produto <strong>diminuiu quase 10% (de cerca de 1,1 kg para 1kg), enquanto o pre\u00e7o foi de R$ 15,31 para R$ 19,18. <\/strong> <\/p>\n<p> Em seguida veio o chocolate, que ficou em segundo lugar entre os itens mais impactados. Na mesma janela de refer\u00eancia, o <strong>produto diminuiu de 167,6 gramas para 143,7 gramas, enquanto o pre\u00e7o foi de R$ 15,85 para R$ 16,78<\/strong>. <\/p>\n<p> Todos os valores constam no levantamento realizado pela consultoria Horus e concedido com exclusividade ao <a class href=\"https:\/\/g1.globo.com\/\"><strong>g1<\/strong><\/a>. Foram analisadas as 30 principais categorias de produtos presentes no carrinho de compra do consumidor. <\/p>\n<p> Veja abaixo os itens mais afetados pela redufla\u00e7\u00e3o: <\/p>\n<p>         2 de 4&#013;Infogr\u00e1fico de redufla\u00e7\u00e3o \u2014 Foto: g1    <\/p>\n<p> Infogr\u00e1fico de redufla\u00e7\u00e3o \u2014 Foto: g1 <\/p>\n<p><h2>Por que as empresas fazem isso? <\/h2>\n<\/p>\n<p> Segundo especialistas, h\u00e1 dois grandes motivos para as empresas praticarem a redufla\u00e7\u00e3o: eventuais aumentos nos pre\u00e7os dos <a class href=\"https:\/\/g1.globo.com\/carros\/assuntos\/combustiveis\/\">combust\u00edveis<\/a> \u2014 que, por sua vez, impactam nos custos de transporte dos produtos \u2014 e quest\u00f5es sazonais.  <\/p>\n<p> Em rela\u00e7\u00e3o aos combust\u00edveis, por exemplo, o professor da Funda\u00e7\u00e3o Getulio Vargas (<a class href=\"https:\/\/g1.globo.com\/tudo-sobre\/fgv\/\">FGV<\/a>) Ulysses Reis, afirma que as empresas precisam constantemente encontrar<strong> sa\u00eddas para reduzir o <\/strong><a class href=\"https:\/\/g1.globo.com\/carros\/noticia\/2023\/09\/29\/preco-medio-do-alcool-permanece-igual-pela-segunda-semana-seguida-gasolina-cai-diz-anp.ghtml\"><strong>impacto dos pre\u00e7os da gasolina e do diesel.<\/strong><\/a> <\/p>\n<p> Isso porque quanto mais caro \u00e9 o combust\u00edvel, mais a empresa precisa alocar recursos para o transporte de produtos e menor tende a ser o seu lucro. Se um ano atr\u00e1s uma companhia gastava R$ 1 mil nesse processo, por exemplo, atualmente precisa desembolsar aproximadamente R$ 1.205 \u2014 <strong>cerca de 21% a mais. <\/strong> <\/p>\n<p> Nesses casos, a solu\u00e7\u00e3o encontrada pelas empresas, segundo o especialista, \u00e9 repassar os valores no pre\u00e7o final dos produtos (veja abaixo o pre\u00e7o m\u00e9dio dos combust\u00edveis nos postos em um ano).  <\/p>\n<p> J\u00e1 em rela\u00e7\u00e3o \u00e0s quest\u00f5es sazonais, Josilmar Cordenonssi, professor de economia da Universidade Presbiteriana <a class href=\"https:\/\/g1.globo.com\/educacao\/universidade\/mackenzie\/\">Mackenzie<\/a>, afirma que o clima pode afetar a produ\u00e7\u00e3o de diversos itens. <\/p>\n<p> Um exemplo fica com as lavouras de trigo do Rio Grande do Sul, que perderam potencial produtivo ap\u00f3s as tempestades registradas no in\u00edcio de setembro. Como a regi\u00e3o responde por cerca de 90% da colheita de trigo do Brasil, isso pode prejudicar as fabricantes de biscoitos \u2014 <strong>quarto item que mais sofreu redufla\u00e7\u00e3o, segundo o levantamento da Horus. <\/strong> <\/p>\n<p> Dessa forma, as empresas precisam encontrar maneiras de reduzir os impactos no caixa em meio ao aumento de pre\u00e7os da commodity. E, segundo os especialistas, a redufla\u00e7\u00e3o \u00e9 mais uma vez a sa\u00edda escolhida j\u00e1 que, na pr\u00e1tica, os produtos tendem a continuar com o mesmo pre\u00e7o de venda, enquanto as companhias produzem itens menores.  <\/p>\n<p> Em entrevista \u00e0 BBC, Cammy Crolic, professora da Universidade de <a class href=\"http:\/\/g1.globo.com\/mundo\/gra-bretanha\/cidade\/oxford.html\">Oxford<\/a>, afirmou que<a class href=\"https:\/\/g1.globo.com\/economia\/noticia\/2023\/09\/26\/reduflacao-por-que-produtos-menores-com-precos-iguais-vieram-para-ficar.ghtml\"> essa \u00e9 a grande sacada para que os clientes n\u00e3o parem de consumir<\/a>. Ela diz que a popula\u00e7\u00e3o tende a se preocupar mais com o impacto do pre\u00e7o das compras do que com a quantidade.  <\/p>\n<p>         3 de 4&#013;Embalagens ficam menores nos mercados em meio \u00e0 disparada de pre\u00e7os \u2014 Foto: Montagem g1    <\/p>\n<p> Embalagens ficam menores nos mercados em meio \u00e0 disparada de pre\u00e7os \u2014 Foto: Montagem g1 <\/p>\n<p><h2>Qual o direito do consumidor?<\/h2>\n<\/p>\n<p> Segundo os especialistas, os consumidores que se sentirem afetados pela redufla\u00e7\u00e3o devem procurar o Procon. Isso porque, legalmente, as empresas precisam informar se houve altera\u00e7\u00f5es na gramatura de um produto. <\/p>\n<p>\u201cEssa informa\u00e7\u00e3o dever\u00e1 constar no t\u00edtulo do produto, de forma destacada e clara\u201d, diz o Procon. Os fornecedores que descumprirem as normas poder\u00e3o ser multados. <\/p>\n<p> Em 11 de setembro, o supermercado <a class href=\"https:\/\/g1.globo.com\/tudo-sobre\/carrefour\/\">Carrefour<\/a>, por exemplo, anunciou que colocaria nos estabelecimentos localizados na Fran\u00e7a <strong>um adesivo nos produtos que sofreram redufla\u00e7\u00e3o<\/strong>. O<a class href=\"https:\/\/g1.globo.com\/\"><strong> g1<\/strong><\/a> entrou em contato com a empresa para saber se o mesmo ser\u00e1 feito no Brasil, mas n\u00e3o teve retorno at\u00e9 a publica\u00e7\u00e3o da reportagem. <\/p>\n<p> A Portaria n\u00ba 392\/2021, do <a class href=\"https:\/\/g1.globo.com\/tudo-sobre\/ministerio-da-justica\/\">Minist\u00e9rio da Justi\u00e7a<\/a> e Seguran\u00e7a P\u00fablica do Brasil, disp\u00f5e sobre a obrigatoriedade de informar ao consumidor em rela\u00e7\u00e3o \u00e0 ocorr\u00eancia de altera\u00e7\u00e3o quantitativa de um produto embalado. Entre os principais pontos, a declara\u00e7\u00e3o precisa ser: <\/p>\n<ul>\n<li>em caixa alta;<\/li>\n<li>em negrito;<\/li>\n<li>e em uma cor que contrataste com o fundo. <\/li>\n<\/ul>\n<p> Veja um exemplo abaixo: <\/p>\n<p>         4 de 4&#013;Pacote pequeno de cookie Toddy teve redu\u00e7\u00e3o de 5%, \u2014 Foto: g1    <\/p>\n<p> Pacote pequeno de cookie Toddy teve redu\u00e7\u00e3o de 5%, \u2014 Foto: g1 <\/p>\n<p>\u201cO objetivo \u00e9 tornar mais efetiva a declara\u00e7\u00e3o sobre a altera\u00e7\u00e3o quantitativa do produto, no sentido de assegurar que a informa\u00e7\u00e3o seja de fato percebida pelos consumidores. Nesse sentido, o fornecedor deve dispor de modo claro, adequado e ostensivo todas as informa\u00e7\u00f5es sobre o pre\u00e7o e caracter\u00edsticas do produto\u201d, informou a pasta em nota.<\/p>\n<p> O professor da FGV tamb\u00e9m diz que a pr\u00e1tica da redufla\u00e7\u00e3o n\u00e3o se limita apenas a reduzir o tamanho do produto. \u201cAs empresas mudarem os itens de fabrica\u00e7\u00e3o, como o chocolate ser feito achocolatado, ou trocarem o leite por produtos l\u00e1cteos tamb\u00e9m se encaixa nessa situa\u00e7\u00e3o\u201d.  <\/p>\n<p> Al\u00e9m do Carrefour, o <a class href=\"https:\/\/g1.globo.com\/\"><strong>g1<\/strong><\/a> tamb\u00e9m procurou outras redes de supermercados para saber se houve redufla\u00e7\u00e3o nas g\u00f4ndolas de produtos, mas n\u00e3o teve retorno at\u00e9 a publica\u00e7\u00e3o. As principais fabricantes de produtos aliment\u00edcios tamb\u00e9m foram procuradas, mas n\u00e3o se posicionaram. <\/p>\n<p>                   <img loading=\"lazy\" decoding=\"async\" class=\"aligncenter size-full wp-image-54105\" src=\"https:\/\/blog.corretoraideal.com.br\/wp-content\/uploads\/2023\/10\/reduflacao-entenda-a-pratica-de-reduzir-produtos-e-vende-los-pelo-mesmo-preco.jpeg\" alt=\"Redufla\u00e7\u00e3o: entenda a pr\u00e1tica de reduzir produtos e vend\u00ea los pelo mesmo pre\u00e7o\" width=\"800\" height=\"400\" \/>   <img loading=\"lazy\" decoding=\"async\" class=\"aligncenter size-full wp-image-54105\" src=\"https:\/\/blog.corretoraideal.com.br\/wp-content\/uploads\/2023\/10\/reduflacao-entenda-a-pratica-de-reduzir-produtos-e-vende-los-pelo-mesmo-preco.jpeg\" alt=\"Redufla\u00e7\u00e3o: entenda a pr\u00e1tica de reduzir produtos e vend\u00ea los pelo mesmo pre\u00e7o\" width=\"800\" height=\"400\" \/>              2 min        <\/p>\n<p> Redufla\u00e7\u00e3o: entenda a pr\u00e1tica de reduzir produtos e vend\u00ea-los pelo mesmo pre\u00e7o <\/p>\n<p><h2>Impacto no bolso do consumidor<\/h2>\n<\/p>\n<p> Para Anna Carolina, chefe de percep\u00e7\u00f5es de consumo da Horus, a redufla\u00e7\u00e3o n\u00e3o \u00e9 vantajosa para o consumidor, visto que, em muitos casos, pode lev\u00e1-lo a aumentar as idas ao supermercado diante da necessidade de repor um produto que acabou mais r\u00e1pido.  <\/p>\n<p>\u201cAntigamente, eu ia ao mercado duas vezes ao m\u00eas. Hoje, eu vou cerca de quatro a cinco vezes, para repor o corte na gramatura que os produtos tiveram. Al\u00e9m disso, eu gastava R$ 700 [mensais], e hoje minhas despesas com comida s\u00e3o quase o dobro\u201d, conta o marceneiro Gimenes.<\/p>\n<p> Por isso, para o professor de economia da Universidade Presbiteriana Mackenzie, o consumidor deve ficar atento \u00e0 redufla\u00e7\u00e3o, pois essa estrat\u00e9gia n\u00e3o sumir\u00e1 t\u00e3o cedo. <\/p>\n<p>\u201cO efeito s\u00f3 vai mudar quando o consumidor perceber esse truque. Enquanto isso n\u00e3o acontecer, o cliente continuar\u00e1 sendo enganado\u201d, diz. <\/p>\n<ul>\n<li> <a href=\"https:\/\/g1.globo.com\/tudo-sobre\/ministerio-da-justica-e-seguranca-publica\/\" class=\"entities__list-itemLink\" data-track-click=\" Minist\u00e9rio da Justi\u00e7a e Seguran\u00e7a P\u00fablica\"> Minist\u00e9rio da Justi\u00e7a e Seguran\u00e7a P\u00fablica <\/a> <\/li>\n<li> <a href=\"https:\/\/g1.globo.com\/tudo-sobre\/carrefour\/\" class=\"entities__list-itemLink\" data-track-click=\"Carrefour\"> Carrefour <\/a> <\/li>\n<li> <a href=\"https:\/\/g1.globo.com\/carros\/assuntos\/combustiveis\/\" class=\"entities__list-itemLink\" data-track-click=\"Combust\u00edveis\"> Combust\u00edveis <\/a> <\/li>\n<li> <a href=\"https:\/\/g1.globo.com\/tudo-sobre\/fgv\/\" class=\"entities__list-itemLink\" data-track-click=\"FGV\"> FGV <\/a> <\/li>\n<li> <a href=\"https:\/\/g1.globo.com\/tudo-sobre\/gasolina\/\" class=\"entities__list-itemLink\" data-track-click=\"Gasolina\"> Gasolina <\/a> <\/li>\n<li> <a href=\"https:\/\/g1.globo.com\/tudo-sobre\/ipca\/\" class=\"entities__list-itemLink\" data-track-click=\"IPCA\"> IPCA <\/a> <\/li>\n<li> <a href=\"https:\/\/g1.globo.com\/educacao\/universidade\/mackenzie\/\" class=\"entities__list-itemLink\" data-track-click=\"MACKENZIE\"> MACKENZIE <\/a> <\/li>\n<li> <a href=\"https:\/\/g1.globo.com\/tudo-sobre\/ministerio-da-justica\/\" class=\"entities__list-itemLink\" data-track-click=\"Minist\u00e9rio da Justi\u00e7a\"> Minist\u00e9rio da Justi\u00e7a <\/a> <\/li>\n<li> <a href=\"http:\/\/g1.globo.com\/mundo\/gra-bretanha\/cidade\/oxford.html\" class=\"entities__list-itemLink\" data-track-click=\"Oxford\"> Oxford <\/a> <\/li>\n<\/ul>\n<p>      Newsletter G1 Created with Sketch.                                                                                                                                       <\/p>\n<p>O que aconteceu hoje, diretamente no seu e-mail<\/p>\n<p>     As not\u00edcias que voc\u00ea n\u00e3o pode perder diretamente no seu e-mail.   Para se inscrever, entre ou crie uma Conta Globo gratuita.     <a id=\"subscribeButton\" class=\"newsletter-component__subscribe\" href=\"https:\/\/login.globo.com\/provisionamento\/6843\"> Inscreva-se e receba a newsletter <\/a>     <\/p>\n<p>Obrigado!<\/p>\n<p> Voc\u00ea acaba de se inscrever na newsletter Resumo do dia. <\/p>\n","protected":false},"excerpt":{"rendered":"<p>1 de 4&#013;A an\u00e1lise da Horus foi realizada com as 30 principais categorias de produtos presentes no carrinho de compra do consumidor \u2014 Foto: Pexels A an\u00e1lise da Horus foi realizada com as 30 principais categorias de produtos presentes no carrinho de compra do consumidor \u2014 Foto: Pexels \u201cEu fiquei irritado. Ao chegar no supermercado, [&hellip;]<\/p>\n","protected":false},"author":1,"featured_media":0,"comment_status":"closed","ping_status":"closed","sticky":false,"template":"","format":"standard","meta":{"footnotes":""},"categories":[],"tags":[],"class_list":["post-54103","post","type-post","status-publish","format-standard","hentry"],"_links":{"self":[{"href":"https:\/\/blog.corretoraideal.com.br\/index.php\/wp-json\/wp\/v2\/posts\/54103","targetHints":{"allow":["GET"]}}],"collection":[{"href":"https:\/\/blog.corretoraideal.com.br\/index.php\/wp-json\/wp\/v2\/posts"}],"about":[{"href":"https:\/\/blog.corretoraideal.com.br\/index.php\/wp-json\/wp\/v2\/types\/post"}],"author":[{"embeddable":true,"href":"https:\/\/blog.corretoraideal.com.br\/index.php\/wp-json\/wp\/v2\/users\/1"}],"replies":[{"embeddable":true,"href":"https:\/\/blog.corretoraideal.com.br\/index.php\/wp-json\/wp\/v2\/comments?post=54103"}],"version-history":[{"count":1,"href":"https:\/\/blog.corretoraideal.com.br\/index.php\/wp-json\/wp\/v2\/posts\/54103\/revisions"}],"predecessor-version":[{"id":54107,"href":"https:\/\/blog.corretoraideal.com.br\/index.php\/wp-json\/wp\/v2\/posts\/54103\/revisions\/54107"}],"wp:attachment":[{"href":"https:\/\/blog.corretoraideal.com.br\/index.php\/wp-json\/wp\/v2\/media?parent=54103"}],"wp:term":[{"taxonomy":"category","embeddable":true,"href":"https:\/\/blog.corretoraideal.com.br\/index.php\/wp-json\/wp\/v2\/categories?post=54103"},{"taxonomy":"post_tag","embeddable":true,"href":"https:\/\/blog.corretoraideal.com.br\/index.php\/wp-json\/wp\/v2\/tags?post=54103"}],"curies":[{"name":"wp","href":"https:\/\/api.w.org\/{rel}","templated":true}]}}