{"id":54108,"date":"2023-10-13T13:30:05","date_gmt":"2023-10-13T13:30:05","guid":{"rendered":"https:\/\/blog.corretoraideal.com.br\/?p=54108"},"modified":"2023-10-13T13:30:05","modified_gmt":"2023-10-13T13:30:05","slug":"em-30-anos-r-19-trilhoes-em-colheitas-e-pecuaria-foram-perdidos-por-catastrofes-diz-fao-agronegocios-g1","status":"publish","type":"post","link":"https:\/\/blog.corretoraideal.com.br\/index.php\/2023\/10\/13\/em-30-anos-r-19-trilhoes-em-colheitas-e-pecuaria-foram-perdidos-por-catastrofes-diz-fao-agronegocios-g1\/","title":{"rendered":"Em 30 anos, R$ 19 trilh\u00f5es em colheitas e pecu\u00e1ria foram perdidos por cat\u00e1strofes, diz FAO | Agroneg\u00f3cios | G1"},"content":{"rendered":"<p>      1 de 1&#013;Maior safra de gr\u00e3os da hist\u00f3ria e pre\u00e7os baixos da soja e do milho resultam em armaz\u00e9ns lotados e toneladas de milho expostas a temperaturas elevadas, a poss\u00edveis chuvas e a ataques de insetos e roedores \u2014 Foto: COOAVIL\/ Divulga\u00e7\u00e3o    <\/p>\n<p> Maior safra de gr\u00e3os da hist\u00f3ria e pre\u00e7os baixos da soja e do milho resultam em armaz\u00e9ns lotados e toneladas de milho expostas a temperaturas elevadas, a poss\u00edveis chuvas e a ataques de insetos e roedores \u2014 Foto: COOAVIL\/ Divulga\u00e7\u00e3o <\/p>\n<p> Cat\u00e1strofes clim\u00e1ticas, crises de sa\u00fade e guerras causaram US$ 3,8 trilh\u00f5es, equivalente a R$ 19,1 trilh\u00f5es, em perdas em colheitas e pecu\u00e1ria em 30 anos, revela relat\u00f3rio publicado nesta sexta-feira (13) pela Organiza\u00e7\u00e3o das Na\u00e7\u00f5es Unidas para a Alimenta\u00e7\u00e3o e a Agricultura (<a class href=\"https:\/\/g1.globo.com\/tudo-sobre\/fao\/\">FAO<\/a>). <\/p>\n<p> Isto equivale a cerca de US$ 123 bilh\u00f5es ou R$ 621 bilh\u00f5es anuais, ou ainda 5% da riqueza produzida pelos agricultores entre 1991 e 2021, detalha o documento. <\/p>\n<p> &quot;A comunidade internacional est\u00e1 tomando consci\u00eancia do aumento consider\u00e1vel do n\u00famero de cat\u00e1strofes (&#8230;), que quadruplicou desde a d\u00e9cada de 1970, e do fato de estes eventos terem um grande impacto na agricultura e nos sistemas agroalimentares&quot;, explicou \u00e0 AFP Piero Conforti, da divis\u00e3o de estat\u00edsticas da <a class href=\"https:\/\/g1.globo.com\/tudo-sobre\/fao\/\">FAO<\/a>, que faz pela primeira vez uma estimativa deste tipo. <\/p>\n<p>O aumento do n\u00famero de cat\u00e1strofes anuais se deve, principalmente, \u00e0 mudan\u00e7a clim\u00e1tica &#8211; com temperaturas extremas, secas, inunda\u00e7\u00f5es e tempestades -, pandemias como a covid-19, epidemias como a peste su\u00edna africana e conflitos armados, segundo o relat\u00f3rio. <\/p>\n<p> Os danos aumentam, n\u00e3o necessariamente em valor, mas em quantidade. <\/p>\n<p> Todos os anos perde-se, em m\u00e9dia, 69 milh\u00f5es de toneladas de cereais, 40 milh\u00f5es de toneladas de frutas e legumes e 16 milh\u00f5es de toneladas de carne, produtos l\u00e1cteos e ovos. <\/p>\n<p> Cerca de 23% das perdas econ\u00f4micas, devido a cat\u00e1strofes, s\u00e3o sofridas pelo setor agr\u00edcola.  <\/p>\n<p> Embora a \u00c1sia tenha sofrido os maiores danos (45% do total), isso corresponde a 4% do seu PIB agr\u00edcola. Mas, no Chifre da \u00c1frica, regularmente atingido pela seca, perde-se em m\u00e9dia 15% dos cultivos e do gado. <\/p>\n<p> As cat\u00e1strofes tamb\u00e9m t\u00eam um impacto relativamente maior nos Estados insulares em desenvolvimento, que perdem em m\u00e9dia 7% do seu PIB agr\u00edcola. <\/p>\n<p> &quot;N\u00e3o existe solu\u00e7\u00e3o m\u00e1gica (&#8230;), mas uma s\u00e9rie de pr\u00e1ticas pode melhorar a resili\u00eancia dos sistemas agr\u00edcolas&quot;, disse Conforti. <\/p>\n<p> Isso pode envolver t\u00e9cnicas agron\u00f4micas, mas tamb\u00e9m a\u00e7\u00f5es preventivas, tais como sistemas de alerta. <\/p>\n<p> <strong>Leia tamb\u00e9m:<\/strong> <\/p>\n<ul>\n<li><strong>\u00c1rvore pode levar at\u00e9 12 anos para virar papel: <\/strong><a class href=\"https:\/\/g1.globo.com\/economia\/agronegocios\/agro-de-gente-pra-gente\/noticia\/2023\/10\/11\/arvore-pode-levar-ate-12-anos-para-virar-papel-g1-conheceu-a-producao-desde-a-floresta.ghtml\">g1 conheceu a produ\u00e7\u00e3o desde a floresta<\/a><\/li>\n<li><a class href=\"https:\/\/g1.globo.com\/economia\/agronegocios\/noticia\/2023\/10\/10\/brasil-bate-recorde-e-faz-o-maior-resgate-de-vitimas-de-trabalho-escravo-no-campo-para-um-1o-semestre-em-10-anos.ghtml\">Brasil bate recorde e faz o maior resgate de v\u00edtimas de trabalho escravo no campo para um 1\u00ba semestre em 10 anos<\/a><\/li>\n<\/ul>\n<p><h2>Veja como alimentos s\u00e3o produzidos:<\/h2>\n<\/p>\n<p>                   <img loading=\"lazy\" decoding=\"async\" class=\"aligncenter size-full wp-image-54110\" src=\"https:\/\/blog.corretoraideal.com.br\/wp-content\/uploads\/2023\/10\/de-onde-vem-o-que-eu-como-flores-comestiveis-2.jpeg\" alt=\"De onde vem o que eu como: flores comest\u00edveis\" width=\"800\" height=\"400\" \/>      <\/p>\n<p> De onde vem o que eu como: flores comest\u00edveis <\/p>\n<p>                    <img loading=\"lazy\" decoding=\"async\" class=\"aligncenter size-full wp-image-54111\" src=\"https:\/\/blog.corretoraideal.com.br\/wp-content\/uploads\/2023\/10\/como-o-cogumelo-e-enganado-para-1.jpeg\" alt=\"Como o cogumelo \u00e9 enganado para \" width=\"800\" height=\"400\" \/>      <\/p>\n<p> Como o cogumelo \u00e9 enganado para &#8216;achar&#8217; que est\u00e1 na \u00c1sia e ser cultivado no Brasil <\/p>\n<p>                    <img loading=\"lazy\" decoding=\"async\" class=\"aligncenter size-full wp-image-54112\" src=\"https:\/\/blog.corretoraideal.com.br\/wp-content\/uploads\/2023\/10\/de-onde-vem-o-espumante-1.jpeg\" alt=\"De onde vem o espumante\" width=\"800\" height=\"400\" \/>      <\/p>\n<p> De onde vem o espumante <\/p>\n<ul>\n<li> <a href=\"https:\/\/g1.globo.com\/tudo-sobre\/fao\/\" class=\"entities__list-itemLink\" data-track-click=\"Fao\"> Fao <\/a> <\/li>\n<\/ul>\n","protected":false},"excerpt":{"rendered":"<p>1 de 1&#013;Maior safra de gr\u00e3os da hist\u00f3ria e pre\u00e7os baixos da soja e do milho resultam em armaz\u00e9ns lotados e toneladas de milho expostas a temperaturas elevadas, a poss\u00edveis chuvas e a ataques de insetos e roedores \u2014 Foto: COOAVIL\/ Divulga\u00e7\u00e3o Maior safra de gr\u00e3os da hist\u00f3ria e pre\u00e7os baixos da soja e do [&hellip;]<\/p>\n","protected":false},"author":1,"featured_media":0,"comment_status":"closed","ping_status":"closed","sticky":false,"template":"","format":"standard","meta":{"footnotes":""},"categories":[],"tags":[],"class_list":["post-54108","post","type-post","status-publish","format-standard","hentry"],"_links":{"self":[{"href":"https:\/\/blog.corretoraideal.com.br\/index.php\/wp-json\/wp\/v2\/posts\/54108","targetHints":{"allow":["GET"]}}],"collection":[{"href":"https:\/\/blog.corretoraideal.com.br\/index.php\/wp-json\/wp\/v2\/posts"}],"about":[{"href":"https:\/\/blog.corretoraideal.com.br\/index.php\/wp-json\/wp\/v2\/types\/post"}],"author":[{"embeddable":true,"href":"https:\/\/blog.corretoraideal.com.br\/index.php\/wp-json\/wp\/v2\/users\/1"}],"replies":[{"embeddable":true,"href":"https:\/\/blog.corretoraideal.com.br\/index.php\/wp-json\/wp\/v2\/comments?post=54108"}],"version-history":[{"count":1,"href":"https:\/\/blog.corretoraideal.com.br\/index.php\/wp-json\/wp\/v2\/posts\/54108\/revisions"}],"predecessor-version":[{"id":54113,"href":"https:\/\/blog.corretoraideal.com.br\/index.php\/wp-json\/wp\/v2\/posts\/54108\/revisions\/54113"}],"wp:attachment":[{"href":"https:\/\/blog.corretoraideal.com.br\/index.php\/wp-json\/wp\/v2\/media?parent=54108"}],"wp:term":[{"taxonomy":"category","embeddable":true,"href":"https:\/\/blog.corretoraideal.com.br\/index.php\/wp-json\/wp\/v2\/categories?post=54108"},{"taxonomy":"post_tag","embeddable":true,"href":"https:\/\/blog.corretoraideal.com.br\/index.php\/wp-json\/wp\/v2\/tags?post=54108"}],"curies":[{"name":"wp","href":"https:\/\/api.w.org\/{rel}","templated":true}]}}