{"id":54114,"date":"2023-10-13T16:31:11","date_gmt":"2023-10-13T16:31:11","guid":{"rendered":"https:\/\/blog.corretoraideal.com.br\/?p=54114"},"modified":"2023-10-13T16:31:11","modified_gmt":"2023-10-13T16:31:11","slug":"violencia-no-feriado-dois-homens-sao-assassinados-em-macae-em-menos-de-6-horas-norte-fluminense-g1","status":"publish","type":"post","link":"https:\/\/blog.corretoraideal.com.br\/index.php\/2023\/10\/13\/violencia-no-feriado-dois-homens-sao-assassinados-em-macae-em-menos-de-6-horas-norte-fluminense-g1\/","title":{"rendered":"Viol\u00eancia no feriado: Dois homens s\u00e3o assassinados em Maca\u00e9 em menos de 6 horas | Norte Fluminense | G1"},"content":{"rendered":"\n<p> Dois homens foram assassinados num intervalo de menos de seis horas em <a class href=\"https:\/\/g1.globo.com\/rj\/regiao-dos-lagos\/cidade\/macae\/\">Maca\u00e9<\/a>, no Norte Fluminense. Os dois crimes est\u00e3o sendo investigados pela Policia Civil. <\/p>\n<p> O primeiro crime ocorreu \u00e0s 17h no bairro Barreto. Genulson Santana Dias, de 49 anos, foi morto com v\u00e1rios tiros no port\u00e3o de casa. Moradores disseram que somente ouviram os disparos, que acionaram o Corpo de Bombeiros, mas que a v\u00edtima j\u00e1 estava morta. <\/p>\n<p> A quatro quil\u00f4metros de dist\u00e2ncia deste crime, Andr\u00e9 Lucas Belmiro dos Santos, de 22 anos, tamb\u00e9m foi morto a tiros na rua Lindoia, no bairro Jardim Aeroporto. <\/p>\n<p> Segundo informa\u00e7\u00f5es dos moradores, ele trabalhava uma farm\u00e1cia fazendo entregas de bicicleta e voltava para casa, por volta das 22h, quando foi atingido. <\/p>\n<p> O motivo dos dois crimes ainda n\u00e3o foi identificado. Casos seguem sendo investigados pela delegacia de Maca\u00e9. A pol\u00edcia recebe informa\u00e7\u00f5es pelo Disque Den\u00fancia: (22) 98831-8043. <\/p>\n<p> At\u00e9 a \u00faltima atualiza\u00e7\u00e3o desta reportagem, os corpos ainda permaneciam no Instituto M\u00e9dico Legal de Maca\u00e9 (IML). Eles devem ser liberados para a fam\u00edlia ainda nesta sexta-feira (13). <\/p>\n<ul>\n<li> <a href=\"https:\/\/g1.globo.com\/rj\/regiao-dos-lagos\/cidade\/macae\/\" class=\"entities__list-itemLink\" data-track-click=\"Maca\u00e9\"> Maca\u00e9 <\/a> <\/li>\n<\/ul>\n","protected":false},"excerpt":{"rendered":"<p>Dois homens foram assassinados num intervalo de menos de seis horas em Maca\u00e9, no Norte Fluminense. Os dois crimes est\u00e3o sendo investigados pela Policia Civil. O primeiro crime ocorreu \u00e0s 17h no bairro Barreto. Genulson Santana Dias, de 49 anos, foi morto com v\u00e1rios tiros no port\u00e3o de casa. Moradores disseram que somente ouviram os [&hellip;]<\/p>\n","protected":false},"author":1,"featured_media":0,"comment_status":"closed","ping_status":"closed","sticky":false,"template":"","format":"standard","meta":{"footnotes":""},"categories":[],"tags":[],"class_list":["post-54114","post","type-post","status-publish","format-standard","hentry"],"_links":{"self":[{"href":"https:\/\/blog.corretoraideal.com.br\/index.php\/wp-json\/wp\/v2\/posts\/54114","targetHints":{"allow":["GET"]}}],"collection":[{"href":"https:\/\/blog.corretoraideal.com.br\/index.php\/wp-json\/wp\/v2\/posts"}],"about":[{"href":"https:\/\/blog.corretoraideal.com.br\/index.php\/wp-json\/wp\/v2\/types\/post"}],"author":[{"embeddable":true,"href":"https:\/\/blog.corretoraideal.com.br\/index.php\/wp-json\/wp\/v2\/users\/1"}],"replies":[{"embeddable":true,"href":"https:\/\/blog.corretoraideal.com.br\/index.php\/wp-json\/wp\/v2\/comments?post=54114"}],"version-history":[{"count":1,"href":"https:\/\/blog.corretoraideal.com.br\/index.php\/wp-json\/wp\/v2\/posts\/54114\/revisions"}],"predecessor-version":[{"id":54116,"href":"https:\/\/blog.corretoraideal.com.br\/index.php\/wp-json\/wp\/v2\/posts\/54114\/revisions\/54116"}],"wp:attachment":[{"href":"https:\/\/blog.corretoraideal.com.br\/index.php\/wp-json\/wp\/v2\/media?parent=54114"}],"wp:term":[{"taxonomy":"category","embeddable":true,"href":"https:\/\/blog.corretoraideal.com.br\/index.php\/wp-json\/wp\/v2\/categories?post=54114"},{"taxonomy":"post_tag","embeddable":true,"href":"https:\/\/blog.corretoraideal.com.br\/index.php\/wp-json\/wp\/v2\/tags?post=54114"}],"curies":[{"name":"wp","href":"https:\/\/api.w.org\/{rel}","templated":true}]}}