{"id":54117,"date":"2023-10-13T17:30:10","date_gmt":"2023-10-13T17:30:10","guid":{"rendered":"https:\/\/blog.corretoraideal.com.br\/?p=54117"},"modified":"2023-10-13T17:30:10","modified_gmt":"2023-10-13T17:30:10","slug":"voo-panoramico-no-es-leva-passageiros-a-conhecerem-paisagens-de-tirar-o-folego-fotos-espirito-santo-g1","status":"publish","type":"post","link":"https:\/\/blog.corretoraideal.com.br\/index.php\/2023\/10\/13\/voo-panoramico-no-es-leva-passageiros-a-conhecerem-paisagens-de-tirar-o-folego-fotos-espirito-santo-g1\/","title":{"rendered":"Voo panor\u00e2mico no ES leva passageiros a conhecerem paisagens de tirar o f\u00f4lego; FOTOS | Esp\u00edrito Santo | G1"},"content":{"rendered":"\n<ul>\n<li>\n<p> O Esp\u00edrito Santo tem 6 voos panor\u00e2micos que s\u00e3o oferecidos pelo Aeroclube do estado. <\/p>\n<\/li>\n<li>\n<p> S\u00e3o voos que v\u00e3o de 30 minutos at\u00e9 1h e sobrevoam alguns dos pontos tur\u00edsticos capixabas mais conhecidos. <\/p>\n<\/li>\n<li>\n<p> As rotas mais conhecidas s\u00e3o a do Convento da Penha e da Pedra Azul. <\/p>\n<\/li>\n<li>\n<p> Os pre\u00e7os variam de R$532 at\u00e9 R$1288 e at\u00e9 tr\u00eas pessoas podem participar do passeio na aeronave. <\/p>\n<\/li>\n<\/ul>\n<p> O Esp\u00edrito Santo tem 6 voos panor\u00e2micos que s\u00e3o oferecidos pelo Aeroclube do estado. <\/p>\n<p> S\u00e3o voos que v\u00e3o de 30 minutos at\u00e9 1h e sobrevoam alguns dos pontos tur\u00edsticos capixabas mais conhecidos. <\/p>\n<p> As rotas mais conhecidas s\u00e3o a do Convento da Penha e da Pedra Azul. <\/p>\n<p> Os pre\u00e7os variam de R$532 at\u00e9 R$1288 e at\u00e9 tr\u00eas pessoas podem participar do passeio na aeronave. <\/p>\n<p>                   <img loading=\"lazy\" decoding=\"async\" class=\"aligncenter size-full wp-image-54119\" src=\"https:\/\/blog.corretoraideal.com.br\/wp-content\/uploads\/2023\/10\/voo-panoramico-leva-passageiros-para-conhecerem-as-belezas-capixabas-de-um-novo-angulo.jpeg\" alt=\"Voo panor\u00e2mico leva passageiros para conhecerem as belezas capixabas de um novo \u00e2ngulo\" width=\"800\" height=\"400\" \/>      <\/p>\n<p> Voo panor\u00e2mico leva passageiros para conhecerem as belezas capixabas de um novo \u00e2ngulo <\/p>\n<p> J\u00e1 pensou em poder conhecer um estado visto de cima? O Esp\u00edrito Santo tem op\u00e7\u00f5es de voo panor\u00e2mico com seis rotas diferentes que proporcionam paisagens incr\u00edveis e mostram as belezas capixabas de um novo \u00e2ngulo. <\/p>\n<ul>\n<li><a class href=\"https:\/\/api.whatsapp.com\/send?text=https:\/\/g1.globo.com\/es\/espirito-santo\/noticia\/2023\/10\/13\/voo-panoramico-no-es-leva-passageiros-a-conhecerem-paisagens-de-tirar-o-folego-confira-fotos.ghtml?utm_source%3Dwhatsapp%26utm_medium%3Dshare-engagement%26utm_campaign%3Dte-materias\" target=\"_blank\" rel=\"noopener noreferrer\"><strong>Compartilhe no WhatsApp<\/strong><\/a><\/li>\n<li><a class href=\"https:\/\/telegram.me\/share\/url?url=https:\/\/g1.globo.com\/es\/espirito-santo\/noticia\/2023\/10\/13\/voo-panoramico-no-es-leva-passageiros-a-conhecerem-paisagens-de-tirar-o-folego-confira-fotos.ghtml?utm_source%3Dtelegram%26utm_medium%3Dshare-engagement%26utm_campaign%3Dte-materias\" target=\"_blank\" rel=\"noopener noreferrer\"><strong>Compartilhe no Telegram<\/strong><\/a><\/li>\n<\/ul>\n<p> Os passeios saem do Aeroclube do Esp\u00edrito Santo, que fica na Barra do Jucu, em <a class href=\"https:\/\/g1.globo.com\/es\/espirito-santo\/cidade\/vila-velha\/\">Vila Velha<\/a>, Grande <a class href=\"https:\/\/g1.globo.com\/es\/espirito-santo\/cidade\/vitoria\/\">Vit\u00f3ria<\/a>. As viagens s\u00e3o realizadas em uma aeronave do modelo Cessna172. <\/p>\n<p> Para poder realizar o passeio, a pessoa pode ir at\u00e9 o Aeroclube e ir na secretaria fazer um agendamento ou realizar um agendamento pelo WhatsApp <strong>(n\u00famero no final da reportagem)<\/strong>. \u00c9 necess\u00e1rio preencher uma ficha e depois o voo \u00e9 liberado. <\/p>\n<p>         1 de 2&#013;Voo panor\u00e2mico revela paisagens incr\u00edveis do Esp\u00edrito Santo \u2014 Foto: Reprodu\u00e7\u00e3o\/TV Gazeta    <\/p>\n<p> Voo panor\u00e2mico revela paisagens incr\u00edveis do Esp\u00edrito Santo \u2014 Foto: Reprodu\u00e7\u00e3o\/TV Gazeta <\/p>\n<p> Dentro da aeronave cabem at\u00e9 tr\u00eas pessoas, al\u00e9m do piloto, e o peso dos passageiros n\u00e3o pode ultrapassar 240 kg. <\/p>\n<p> <a class href=\"https:\/\/www.whatsapp.com\/channel\/0029Va5mp2qAO7RD4Mec1M0Z\" target=\"_blank\" rel=\"noopener noreferrer\"><strong>? Clique aqui para seguir o canal do g1 ES no WhatsApp<\/strong><\/a> <\/p>\n<p> Durante a semana o movimento \u00e9 mais tranquilo, com 3 a 4 voos saindo por semana. J\u00e1 aos s\u00e1bados, s\u00e3o feitos cerca de 4 voos e no domingo 3. Se tiver a agenda liberada, \u00e9 poss\u00edvel marcar um passeio para o mesmo dia. <\/p>\n<p> Os valores variam de R$532 at\u00e9 R$1288. O valor \u00e9 pelo passeio completo e pode ser dividido entre as pessoas que forem realizar o voo. As formas de pagamento s\u00e3o por cr\u00e9dito, d\u00e9bito, PIX ou dinheiro. <\/p>\n<p>         2 de 2&#013;Voos saem do Aeroclube do Esp\u00edrito Santo, que fica em Vila Velha \u2014 Foto: Reprodu\u00e7\u00e3o\/TV Gazeta    <\/p>\n<p> Voos saem do Aeroclube do Esp\u00edrito Santo, que fica em Vila Velha \u2014 Foto: Reprodu\u00e7\u00e3o\/TV Gazeta <\/p>\n<p> S\u00e3o 6 destinos entre os principais pontos tur\u00edsticos do estado. Dentre eles est\u00e3o as praias de <a class href=\"https:\/\/g1.globo.com\/es\/espirito-santo\/cidade\/guarapari\/\">Guarapari<\/a>, o Convento da Penha em Vila Velha e a Pedra Azul, em <a class href=\"https:\/\/g1.globo.com\/es\/espirito-santo\/cidade\/domingos-martins\/\">Domingos Martins<\/a>. <\/p>\n<p> <strong>\u2708\ufe0f Confira os voos: <\/strong> <\/p>\n<ul>\n<li><strong>Convento da Penha:<\/strong> voo de 24 minutos at\u00e9 um dos pontos tur\u00edsticos mais conhecidos do estado e pelo Morro do Moreno;<\/li>\n<li><strong>Guarapari: <\/strong>voo de 36 minutos at\u00e9 as praias de Guarapari, passando por Ponta da Fruta e Setiba;<\/li>\n<li><strong>Mestre \u00c1lvaro<\/strong>: voo de 36 minutos sobre a Barra do Jucu, Viana, Cariacica, Est\u00e1dio Kleber, Andrade e Mestre \u00c1lvaro, considerada uma das maiores eleva\u00e7\u00f5es litor\u00e2neas da costa brasileira;<\/li>\n<li><strong>Nova Almeida<\/strong>: voo de 54 minutos sobre a Barra do Jucu, Viana, Cariacica, Serra Sede, Mestre \u00c1lvaro, Nova Almeida<\/li>\n<li><strong>Pedra Azul: <\/strong>voo de 66 minutos sobre a Barra do Jucu, Viana, Marechal Floriano, Santa Isabel, Domingos Martins<\/li>\n<\/ul>\n<p> O voo mais escolhido \u00e9 o passeio sob o Convento da Penha. Tamb\u00e9m \u00e9 a op\u00e7\u00e3o mais barata. <\/p>\n<p> Apreciando paisagens litor\u00e2neas de tirar o f\u00f4lego, para o piloto, \u00e9 quase um privil\u00e9gio ter um trabalho que proporciona imagens t\u00e3o incr\u00edveis. <\/p>\n<p>&quot;\u00c9 muito bom, \u00e9 muito bonita a cidade, \u00e9 gratificante. \u00c9 muito satisfat\u00f3rio&quot;, contou o piloto Alex Bravim D\u2019avila.<\/p>\n<p> O piloto d\u00e1 dicas de hor\u00e1rios de voos que balan\u00e7am mais. Mais cedo e no fim da tarde s\u00e3o os melhores hor\u00e1rios para quem n\u00e3o curte muito balan\u00e7o. <\/p>\n<p>&quot;Ao decorrer do dia tem o aquecimento da terra, e isso provoca t\u00e9rmicas que impactam um pouquinho o voo. Por\u00e9m, quem preferir pode fazer um voo mais cedinho ou no fim da tarde, pode conseguir um voo mais confort\u00e1vel, sem balan\u00e7ar&quot;, explicou o piloto. <\/p>\n<p> Por causa do tr\u00e1fego a\u00e9reo na capital, nem sempre \u00e9 poss\u00edvel fazer o voo do Convento. <\/p>\n<p>&quot;Ap\u00f3s a pista nova de Vit\u00f3ria a gente tem problema no tr\u00e1fego a\u00e9reo e nem sempre \u00e9 capaz de ir pra l\u00e1 sem interferir no tr\u00e1fego. Nesse momento a gente altera o voo e faz um passeio as tr\u00eas ilhas em Guarapari. Demora mais um pouquinho&quot;, comentou o piloto. <\/p>\n<p> Os passageiros precisam chegar com pelo menos de 20 minutos de anteced\u00eancia, a fim de evitar comprometer os pr\u00f3ximos voos do aeroclube. <\/p>\n<p> Menores de 18 anos precisam de uma autoriza\u00e7\u00e3o assinada pelos pais ou a presen\u00e7a de um respons\u00e1vel. A idade m\u00ednima permitida \u00e9 de 5 anos completos. <\/p>\n<p><h2><strong>Servi\u00e7o:<\/strong><\/h2>\n<\/p>\n<p> <strong>Passeios panor\u00e2micos pelo Esp\u00edrito Santo<\/strong> <\/p>\n<ul>\n<li>Aeroclube do Esp\u00edrito Santo<\/li>\n<li>Local: Rod. do Sol &#8211; KM 14, Barra do Jucu<\/li>\n<li>Hor\u00e1rio de atendimento: de Segunda a S\u00e1bado. de 08 \u00e0s 17 horas e domingos de 08 \u00e0s 12 horas.<\/li>\n<li>WhatsApp para agendamentos: (27) 98879-6353<\/li>\n<\/ul>\n<p><h2>V\u00cdDEOS: tudo sobre o Esp\u00edrito Santo<\/h2>\n<\/p>\n<p>   <a href=\"https:\/\/g1.globo.com\/es\/espirito-santo\/edicao\/2021\/01\/29\/videos-tudo-sobre-o-es.ghtml\">    50 v\u00eddeos      <\/a>       <\/p>\n<ul>\n<li><a class href=\"http:\/\/g1.globo.com\/es\/espirito-santo\/ultimas-noticias\/\"><strong>Veja o plant\u00e3o de \u00faltimas not\u00edcias do g1 Esp\u00edrito Santo<\/strong><\/a><\/li>\n<\/ul>\n<ul> <\/ul>\n","protected":false},"excerpt":{"rendered":"<p>O Esp\u00edrito Santo tem 6 voos panor\u00e2micos que s\u00e3o oferecidos pelo Aeroclube do estado. S\u00e3o voos que v\u00e3o de 30 minutos at\u00e9 1h e sobrevoam alguns dos pontos tur\u00edsticos capixabas mais conhecidos. As rotas mais conhecidas s\u00e3o a do Convento da Penha e da Pedra Azul. Os pre\u00e7os variam de R$532 at\u00e9 R$1288 e at\u00e9 [&hellip;]<\/p>\n","protected":false},"author":1,"featured_media":0,"comment_status":"closed","ping_status":"closed","sticky":false,"template":"","format":"standard","meta":{"footnotes":""},"categories":[],"tags":[],"class_list":["post-54117","post","type-post","status-publish","format-standard","hentry"],"_links":{"self":[{"href":"https:\/\/blog.corretoraideal.com.br\/index.php\/wp-json\/wp\/v2\/posts\/54117","targetHints":{"allow":["GET"]}}],"collection":[{"href":"https:\/\/blog.corretoraideal.com.br\/index.php\/wp-json\/wp\/v2\/posts"}],"about":[{"href":"https:\/\/blog.corretoraideal.com.br\/index.php\/wp-json\/wp\/v2\/types\/post"}],"author":[{"embeddable":true,"href":"https:\/\/blog.corretoraideal.com.br\/index.php\/wp-json\/wp\/v2\/users\/1"}],"replies":[{"embeddable":true,"href":"https:\/\/blog.corretoraideal.com.br\/index.php\/wp-json\/wp\/v2\/comments?post=54117"}],"version-history":[{"count":1,"href":"https:\/\/blog.corretoraideal.com.br\/index.php\/wp-json\/wp\/v2\/posts\/54117\/revisions"}],"predecessor-version":[{"id":54120,"href":"https:\/\/blog.corretoraideal.com.br\/index.php\/wp-json\/wp\/v2\/posts\/54117\/revisions\/54120"}],"wp:attachment":[{"href":"https:\/\/blog.corretoraideal.com.br\/index.php\/wp-json\/wp\/v2\/media?parent=54117"}],"wp:term":[{"taxonomy":"category","embeddable":true,"href":"https:\/\/blog.corretoraideal.com.br\/index.php\/wp-json\/wp\/v2\/categories?post=54117"},{"taxonomy":"post_tag","embeddable":true,"href":"https:\/\/blog.corretoraideal.com.br\/index.php\/wp-json\/wp\/v2\/tags?post=54117"}],"curies":[{"name":"wp","href":"https:\/\/api.w.org\/{rel}","templated":true}]}}