{"id":54121,"date":"2023-10-13T18:31:41","date_gmt":"2023-10-13T18:31:41","guid":{"rendered":"https:\/\/blog.corretoraideal.com.br\/?p=54121"},"modified":"2023-10-13T18:31:41","modified_gmt":"2023-10-13T18:31:41","slug":"brasil-faz-consultas-para-definir-formato-da-reuniao-do-conselho-de-seguranca-blog-ana-flor-g1","status":"publish","type":"post","link":"https:\/\/blog.corretoraideal.com.br\/index.php\/2023\/10\/13\/brasil-faz-consultas-para-definir-formato-da-reuniao-do-conselho-de-seguranca-blog-ana-flor-g1\/","title":{"rendered":"Brasil faz consultas para definir formato da reuni\u00e3o do Conselho de Seguran\u00e7a | Blog Ana Flor | G1"},"content":{"rendered":"\n<p> Diplomatas brasileiros que est\u00e3o preparando a sess\u00e3o do Conselho de Seguran\u00e7a, sob o comando do chanceler Mauro Vieira, informaram ao blog que ainda n\u00e3o h\u00e1 defini\u00e7\u00e3o se a reuni\u00e3o de hoje ser\u00e1 apenas entre os 15 pa\u00edses-membros ou se ser\u00e1 aberta para outros pa\u00edses. <\/p>\n<p> O Brasil faz consultas neste momento, mas integrantes do governo brasileiro avaliam que a reuni\u00e3o fechada facilitaria a chegada a um consenso que ajude na ajuda humanit\u00e1ria. <\/p>\n<p> O chanceler chegou nesta sexta-feira a Nova York, onde o embaixador do Brasil na ONU, Sergio Danese, vinha liderando as consultas. <\/p>\n<p> Um dos diplomatas brasileiros que participam das negocia\u00e7\u00f5es afirmou ao blog que considera um cessar-fogo uma &quot;expectativa exagerada&quot;, mas uma resolu\u00e7\u00e3o indicando a conten\u00e7\u00e3o de uma escalada no conflito e a constru\u00e7\u00e3o de caminhos para ajuda humanit\u00e1ria &#8211; com retirada de civis, inclusive brasileiros <\/p>\n<p> Segundo os diplomatas, o aviso de evacua\u00e7\u00e3o em 24h dado por Israel aos civis tornou ainda mais urgente a reuni\u00e3o desta sexta-feira. <\/p>\n<p> Os 15 pa\u00edses membros do Conselho de Seguran\u00e7a s\u00e3o Estados Unidos, China, R\u00fassia, Fran\u00e7a e Reino Unido (os cinco permanentes), Brasil, Jap\u00e3o, Malta, Gab\u00e3o, Gana, Alb\u00e2nia, Equador, Mo\u00e7ambique, Su\u00ed\u00e7a e Emirados \u00c1rabes Unidos. <\/p>\n<ul> <\/ul>\n","protected":false},"excerpt":{"rendered":"<p>Diplomatas brasileiros que est\u00e3o preparando a sess\u00e3o do Conselho de Seguran\u00e7a, sob o comando do chanceler Mauro Vieira, informaram ao blog que ainda n\u00e3o h\u00e1 defini\u00e7\u00e3o se a reuni\u00e3o de hoje ser\u00e1 apenas entre os 15 pa\u00edses-membros ou se ser\u00e1 aberta para outros pa\u00edses. O Brasil faz consultas neste momento, mas integrantes do governo brasileiro [&hellip;]<\/p>\n","protected":false},"author":1,"featured_media":0,"comment_status":"closed","ping_status":"closed","sticky":false,"template":"","format":"standard","meta":{"footnotes":""},"categories":[],"tags":[],"class_list":["post-54121","post","type-post","status-publish","format-standard","hentry"],"_links":{"self":[{"href":"https:\/\/blog.corretoraideal.com.br\/index.php\/wp-json\/wp\/v2\/posts\/54121","targetHints":{"allow":["GET"]}}],"collection":[{"href":"https:\/\/blog.corretoraideal.com.br\/index.php\/wp-json\/wp\/v2\/posts"}],"about":[{"href":"https:\/\/blog.corretoraideal.com.br\/index.php\/wp-json\/wp\/v2\/types\/post"}],"author":[{"embeddable":true,"href":"https:\/\/blog.corretoraideal.com.br\/index.php\/wp-json\/wp\/v2\/users\/1"}],"replies":[{"embeddable":true,"href":"https:\/\/blog.corretoraideal.com.br\/index.php\/wp-json\/wp\/v2\/comments?post=54121"}],"version-history":[{"count":1,"href":"https:\/\/blog.corretoraideal.com.br\/index.php\/wp-json\/wp\/v2\/posts\/54121\/revisions"}],"predecessor-version":[{"id":54123,"href":"https:\/\/blog.corretoraideal.com.br\/index.php\/wp-json\/wp\/v2\/posts\/54121\/revisions\/54123"}],"wp:attachment":[{"href":"https:\/\/blog.corretoraideal.com.br\/index.php\/wp-json\/wp\/v2\/media?parent=54121"}],"wp:term":[{"taxonomy":"category","embeddable":true,"href":"https:\/\/blog.corretoraideal.com.br\/index.php\/wp-json\/wp\/v2\/categories?post=54121"},{"taxonomy":"post_tag","embeddable":true,"href":"https:\/\/blog.corretoraideal.com.br\/index.php\/wp-json\/wp\/v2\/tags?post=54121"}],"curies":[{"name":"wp","href":"https:\/\/api.w.org\/{rel}","templated":true}]}}