{"id":54124,"date":"2023-10-13T21:32:27","date_gmt":"2023-10-13T21:32:27","guid":{"rendered":"https:\/\/blog.corretoraideal.com.br\/?p=54124"},"modified":"2023-10-13T21:32:27","modified_gmt":"2023-10-13T21:32:27","slug":"gp-ana-botafogo-atrai-grande-publico-no-primeiro-dia-e-segue-ate-domingo-em-macae-norte-fluminense-g1","status":"publish","type":"post","link":"https:\/\/blog.corretoraideal.com.br\/index.php\/2023\/10\/13\/gp-ana-botafogo-atrai-grande-publico-no-primeiro-dia-e-segue-ate-domingo-em-macae-norte-fluminense-g1\/","title":{"rendered":"GP Ana Botafogo atrai grande p\u00fablico no primeiro dia e segue at\u00e9 domingo em Maca\u00e9 | Norte Fluminense | G1"},"content":{"rendered":"<p>      1 de 3&#013;Ana Botafogo com o dan\u00e7arino Carlinhos de Jesus \u2014 Foto: Rui Porto Filho\/ Prefeitura de Maca\u00e9    <\/p>\n<p> Ana Botafogo com o dan\u00e7arino Carlinhos de Jesus \u2014 Foto: Rui Porto Filho\/ Prefeitura de Maca\u00e9 <\/p>\n<p> Um grande p\u00fablico p\u00f4de conferir a leveza, precis\u00e3o e beleza dos 18 bailarinos que abriram a primeira edi\u00e7\u00e3o do Grand Prix Ana Botafogo nesta quinta-feira (12) na Orla dos Cavaleiros, em <a class href=\"https:\/\/g1.globo.com\/rj\/regiao-dos-lagos\/cidade\/macae\/\">Maca\u00e9<\/a>, no Norte Fluminense. O festival de dan\u00e7a segue at\u00e9 este domingo (15). <\/p>\n<p> A bailarina Ana Botafogo, idealizadora do GP, falou da realiza\u00e7\u00e3o de seu primeiro festival, que contou com a presen\u00e7a e show interativo do core\u00f3grafo Carlinhos de Jesus. <\/p>\n<p> \u201c\u00c9 uma emo\u00e7\u00e3o muito grande estar aqui participando dessa celebra\u00e7\u00e3o \u00e0 dan\u00e7a. Agrade\u00e7o a cada um que veio assistir, \u00e0s escolas, diretores, professores e alunos que se inscreveram e tamb\u00e9m \u00e0 Prefeitura de Maca\u00e9 por ser uma grande parceira para que isso tudo acontecesse\u201d, ressaltou. <\/p>\n<p>         2 de 3&#013;Festival GP Ana Botafogo encanta o p\u00fablico em Maca\u00e9 \u2014 Foto: Rui Porto Filho\/ Prefeitura de Maca\u00e9    <\/p>\n<p> Festival GP Ana Botafogo encanta o p\u00fablico em Maca\u00e9 \u2014 Foto: Rui Porto Filho\/ Prefeitura de Maca\u00e9 <\/p>\n<p> O evento \u00e9 realizado pela Mais que Dan\u00e7a (MQD) com apoio da Prefeitura de Maca\u00e9. <\/p>\n<p> \u201cTenho certeza de que Ana Botafogo j\u00e1 participou de in\u00fameros festivais, mas que, em nenhum deles, teve um cen\u00e1rio t\u00e3o bonito como uma praia como essa. Esse \u00e9 um dos privil\u00e9gios de Maca\u00e9, al\u00e9m de estar vivendo esse momento t\u00e3o favor\u00e1vel de incentivo \u00e0 cultura e \u00e0 arte\u201d, afirmou o Secret\u00e1rio de Turismo, L\u00e9o Anderson. <\/p>\n<p>         3 de 3&#013;Bailarinos no GP Ana Botafogo em Maca\u00e9 \u2014 Foto: Rui Porto Filho    <\/p>\n<p> Bailarinos no GP Ana Botafogo em Maca\u00e9 \u2014 Foto: Rui Porto Filho <\/p>\n<p> A abertura foi marcada ainda por homenagens a personalidades ligadas \u00e0 dan\u00e7a, com atua\u00e7\u00e3o em Maca\u00e9: Cl\u00e1udia Ten\u00f3rio; V\u00e2nia Tollipan; Dilma Negreiros; Erica Mendes e Nika Gripp. <\/p>\n<p> A apresenta\u00e7\u00e3o da Cia de Ballet Dalal Achcar emocionou o p\u00fablico e proporcionou novas experi\u00eancias, como foi o caso da S\u00f4nia Pereira Vieira. <\/p>\n<p> \u201cNunca tinha assistido uma apresenta\u00e7\u00e3o assim, s\u00f3 pela TV. Estou muito emocionada, est\u00e1 sendo a realiza\u00e7\u00e3o de um sonho\u201d, declarou. <\/p>\n<p> O evento conta ainda com a vila gastron\u00f4mica, a Villa Uau (Cozinha Urbana, Mirabolando, Vicoli, Trattoria do Nutte, Esta\u00e7\u00e3o do Pastel, Macahe Burguer, San Lorenzo e HopGarden), al\u00e9m de atra\u00e7\u00f5es musicais e infantis. <\/p>\n<p><h2><strong>Veja a programa\u00e7\u00e3o completa:<\/strong><\/h2>\n<\/p>\n<p> <strong>13\/10 (Sexta-feira)<\/strong> <\/p>\n<ul>\n<li>9h \u00e0s 12h30 &#8211; Cursos com Refer\u00eancias da Dan\u00e7a Nacional<\/li>\n<li>(Ana Botafogo, Fernanda Chamma, Marcelo Misailidis, Priscila Yokoi, Vera Arag\u00e3o)<\/li>\n<li>12h &#8211; Reconhecimento de palco<\/li>\n<li>16h \u2013 Abertura Villa Uau \/ Parque Tio Felipe<\/li>\n<li>16h30 &#8211; Carlinhos de Jesus &#8211; Show Interativo<\/li>\n<li>17h \u2013 Competi\u00e7\u00e3o: Ballet Repert\u00f3rio e Neocl\u00e1ssico<\/li>\n<li>Mostra: Contempor\u00e2neo, Dan\u00e7as Populares e Jazz<\/li>\n<li>22h- Premia\u00e7\u00e3o<\/li>\n<li>22h- (na Villa Uau) Banda Macahiba Jazz \/ DJ<\/li>\n<\/ul>\n<p> <strong>14\/10 (S\u00e1bado)<\/strong> <\/p>\n<ul>\n<li>9h \u00e0s 12h30 &#8211; Cursos<\/li>\n<li>13h \u00e0s 16h30 &#8211; Reconhecimento de palco<\/li>\n<li>16h &#8211; Abertura Villa Uau \/ Parque Tio Felipe<\/li>\n<li>16h30 &#8211; Carlinhos de Jesus &#8211; Oficina de Dan\u00e7a de Sal\u00e3o<\/li>\n<li>17h &#8211; Competi\u00e7\u00e3o: Contempor\u00e2neo, Dan\u00e7as Populares e Jazz<\/li>\n<li>Mostra: Ballet Repert\u00f3rio e Neocl\u00e1ssico<\/li>\n<li>22h &#8211; Premia\u00e7\u00e3o<\/li>\n<li>22h &#8211; (na Villa Uau) Banda Macahiba Jazz \/ DJ<\/li>\n<\/ul>\n<p> <strong>15\/10 (Domingo)<\/strong> <\/p>\n<ul>\n<li>11h &#8211; Abertura da Vila Uau \/ Parque Tio Felipe<\/li>\n<li>A partir das 14h \u2013 Apresenta\u00e7\u00f5es infantis: Chirulico e Princesas \u00c2mbar.<\/li>\n<\/ul>\n<ul>\n<li> <a href=\"https:\/\/g1.globo.com\/rj\/regiao-dos-lagos\/cidade\/macae\/\" class=\"entities__list-itemLink\" data-track-click=\"Maca\u00e9\"> Maca\u00e9 <\/a> <\/li>\n<\/ul>\n","protected":false},"excerpt":{"rendered":"<p>1 de 3&#013;Ana Botafogo com o dan\u00e7arino Carlinhos de Jesus \u2014 Foto: Rui Porto Filho\/ Prefeitura de Maca\u00e9 Ana Botafogo com o dan\u00e7arino Carlinhos de Jesus \u2014 Foto: Rui Porto Filho\/ Prefeitura de Maca\u00e9 Um grande p\u00fablico p\u00f4de conferir a leveza, precis\u00e3o e beleza dos 18 bailarinos que abriram a primeira edi\u00e7\u00e3o do Grand Prix [&hellip;]<\/p>\n","protected":false},"author":1,"featured_media":0,"comment_status":"closed","ping_status":"closed","sticky":false,"template":"","format":"standard","meta":{"footnotes":""},"categories":[],"tags":[],"class_list":["post-54124","post","type-post","status-publish","format-standard","hentry"],"_links":{"self":[{"href":"https:\/\/blog.corretoraideal.com.br\/index.php\/wp-json\/wp\/v2\/posts\/54124","targetHints":{"allow":["GET"]}}],"collection":[{"href":"https:\/\/blog.corretoraideal.com.br\/index.php\/wp-json\/wp\/v2\/posts"}],"about":[{"href":"https:\/\/blog.corretoraideal.com.br\/index.php\/wp-json\/wp\/v2\/types\/post"}],"author":[{"embeddable":true,"href":"https:\/\/blog.corretoraideal.com.br\/index.php\/wp-json\/wp\/v2\/users\/1"}],"replies":[{"embeddable":true,"href":"https:\/\/blog.corretoraideal.com.br\/index.php\/wp-json\/wp\/v2\/comments?post=54124"}],"version-history":[{"count":1,"href":"https:\/\/blog.corretoraideal.com.br\/index.php\/wp-json\/wp\/v2\/posts\/54124\/revisions"}],"predecessor-version":[{"id":54126,"href":"https:\/\/blog.corretoraideal.com.br\/index.php\/wp-json\/wp\/v2\/posts\/54124\/revisions\/54126"}],"wp:attachment":[{"href":"https:\/\/blog.corretoraideal.com.br\/index.php\/wp-json\/wp\/v2\/media?parent=54124"}],"wp:term":[{"taxonomy":"category","embeddable":true,"href":"https:\/\/blog.corretoraideal.com.br\/index.php\/wp-json\/wp\/v2\/categories?post=54124"},{"taxonomy":"post_tag","embeddable":true,"href":"https:\/\/blog.corretoraideal.com.br\/index.php\/wp-json\/wp\/v2\/tags?post=54124"}],"curies":[{"name":"wp","href":"https:\/\/api.w.org\/{rel}","templated":true}]}}