{"id":54127,"date":"2023-10-13T23:29:35","date_gmt":"2023-10-13T23:29:35","guid":{"rendered":"https:\/\/blog.corretoraideal.com.br\/?p=54127"},"modified":"2023-10-13T23:29:35","modified_gmt":"2023-10-13T23:29:35","slug":"inflacao-na-argentina-chega-a-1383-ao-ano-a-duas-semanas-das-eleicoes-presidenciais-economia-g1","status":"publish","type":"post","link":"https:\/\/blog.corretoraideal.com.br\/index.php\/2023\/10\/13\/inflacao-na-argentina-chega-a-1383-ao-ano-a-duas-semanas-das-eleicoes-presidenciais-economia-g1\/","title":{"rendered":"Infla\u00e7\u00e3o na Argentina chega a 138,3% ao ano a duas semanas das elei\u00e7\u00f5es presidenciais | Economia | G1"},"content":{"rendered":"<p>      1 de 1&#013;Candidatos \u00e0 presid\u00eancia da Argentina participaram do primeiro debate neste domingo (1\u00ba) \u2014 Foto: Tomas F. Cuesta, Pool via AP    <\/p>\n<p> Candidatos \u00e0 presid\u00eancia da Argentina participaram do primeiro debate neste domingo (1\u00ba) \u2014 Foto: Tomas F. Cuesta, Pool via AP <\/p>\n<p> A infla\u00e7\u00e3o na Argentina chegou a 138,3% ao ano em setembro, m\u00eas em que os pre\u00e7os subiram 12,7%, informou, nesta quinta-feira (12), o Instituto Nacional de Estat\u00edsticas, a menos de duas semanas das elei\u00e7\u00f5es presidenciais. <\/p>\n<p> O \u00edndice de pre\u00e7os ao consumidor (IPC) \u00e9 divulgado antes do primeiro turno das elei\u00e7\u00f5es, em 22 de outubro, quando o ministro da Economia, Sergio Massa, o candidato do governo, enfrentar\u00e1 o ultraliberal Javier Milei, favorito nas pesquisas, e a conservadora Patricia Bullrich. <\/p>\n<p> Milei prop\u00f5e dolarizar a economia e acabar com o Banco Central, uma ideia rejeitada pelos outros dois candidatos com chances, segundo as pesquisas. <\/p>\n<p> O \u00edndice de infla\u00e7\u00e3o mensal de setembro foi o mais alto do ano e foi o dobro do de janeiro, de 6%. Os setores que registraram as maiores altas foram os de vestu\u00e1rio e cal\u00e7ados (15,7%), lazer e cultura (15,1%), e alimentos e bebidas n\u00e3o alco\u00f3licas (14,3%). O acumulado do ano at\u00e9 setembro registrou alta de 103,2%. <\/p>\n<p> A infla\u00e7\u00e3o na Argentina, uma das mais elevadas do mundo, saltou com aumentos generalizados dos pre\u00e7os de 12,4%, depois que o governo fez uma desvaloriza\u00e7\u00e3o de cerca de 20% do peso. <\/p>\n<p> Nesta quinta, o Banco Central decidiu aumentar novamente a taxa de juros, que ficou em 133% ao ano (11% ao m\u00eas), um \u00edndice que apesar de alto ainda est\u00e1 abaixo da infla\u00e7\u00e3o. <\/p>\n<p> &quot;Os indicadores de alta frequ\u00eancia continuam refletindo uma desacelera\u00e7\u00e3o do ritmo de aumento do n\u00edvel geral de pre\u00e7os desde o pico da terceira semana de agosto, e sugerem que a infla\u00e7\u00e3o mensal mostraria uma desacelera\u00e7\u00e3o significativa em outubro&quot;, destacou, em nota, o Banco Central. <\/p>\n<p> <strong>LEIA MAIS<\/strong> <\/p>\n<ul>\n<li><a class href=\"https:\/\/g1.globo.com\/economia\/noticia\/2023\/10\/10\/argentina-dolar-blue-passa-o-patamar-de-1000-pesos-pela-primeira-vez.ghtml\">&#x27;D\u00f3lar blue&#x27; passa o patamar de 1 mil pesos pela primeira vez<\/a><\/li>\n<li><a class href=\"https:\/\/g1.globo.com\/mundo\/noticia\/2023\/10\/11\/policia-argentina-prende-homem-com-us-400-mil-em-embalagem-amarrada-ao-corpo.ghtml\">Pol\u00edcia argentina prende homem com US$ 400 mil em embalagem amarrada ao corpo<\/a><\/li>\n<li><a class href=\"https:\/\/g1.globo.com\/mundo\/noticia\/2023\/07\/13\/crise-economica-na-argentina-gera-turismo-de-supermercado-de-paises-vizinhos.ghtml\">Crise econ\u00f4mica na Argentina gera &#x27;turismo de supermercado&#x27; de pa\u00edses vizinhos<\/a><\/li>\n<\/ul>\n<p>                   <img loading=\"lazy\" decoding=\"async\" class=\"aligncenter size-full wp-image-54129\" src=\"https:\/\/blog.corretoraideal.com.br\/wp-content\/uploads\/2023\/10\/na-argentina-a-inflacao-vai-quebrando-recordes.jpeg\" alt=\"Na Argentina a infla\u00e7\u00e3o vai quebrando recordes\" width=\"800\" height=\"400\" \/>      <\/p>\n<p> Na Argentina a infla\u00e7\u00e3o vai quebrando recordes <\/p>\n<p><h2>Efeito de arrasto<\/h2>\n<\/p>\n<p> A desvaloriza\u00e7\u00e3o do peso, decretada em 14 de agosto, no dia seguinte \u00e0s elei\u00e7\u00f5es prim\u00e1rias, nas quais Milei foi o candidato mais votado, ainda impactou a infla\u00e7\u00e3o de setembro, segundo o economista Federico Zirulnik, do Centro de Estudos Econ\u00f4micos e Sociais Scalabrini Ortiz. <\/p>\n<p> &quot;Como a desvaloriza\u00e7\u00e3o ocorreu em meados do m\u00eas, ainda restava mais ou menos a metade do impacto desta desvaloriza\u00e7\u00e3o que se refletiria nos pre\u00e7os de setembro. Estatisticamente \u00e9 o que se chama de efeito de arrasto&quot;, disse Zirulnik \u00e0 AFP. <\/p>\n<p> Na Argentina vigora, desde 2019, um sistema de controle do c\u00e2mbio com fortes restri\u00e7\u00f5es \u00e0 compra de divisas. A infla\u00e7\u00e3o \u00e9 um problema cr\u00f4nico da economia no pa\u00eds, que em 1989 j\u00e1 tinha sofrido uma hiperinfla\u00e7\u00e3o. <\/p>\n<p> A respeito do risco de que volte a ocorrer um efeito de hiperinfla\u00e7\u00e3o, Zirulnik afirmou: &quot;Agora, estamos estabilizados em uma infla\u00e7\u00e3o alta, mas estabilizados em 12% mensais. Se estiv\u00e9ssemos em uma hiper, no m\u00eas passado teria sido de 12%, este m\u00eas, de 15% ou 20%, e no m\u00eas que vem, de 25%. A\u00ed est\u00e1 a diferen\u00e7a&quot;. <\/p>\n<p> Esta semana, o mercado cambial sofreu uma forte turbul\u00eancia, depois que, <a class href=\"https:\/\/g1.globo.com\/economia\/noticia\/2023\/10\/10\/argentina-dolar-blue-passa-o-patamar-de-1000-pesos-pela-primeira-vez.ghtml\">na ter\u00e7a-feira, a taxa de c\u00e2mbio do d\u00f3lar paralelo, conhecido como &#x27;blue&#x27;, chegou a 1.010 pesos<\/a>, frente a uma paridade de 945 pesos na v\u00e9spera e de 685 pesos em 14 de agosto, dia da desvaloriza\u00e7\u00e3o da moeda nacional. <\/p>\n<p> A taxa de c\u00e2mbio oficial \u00e9 de 365 pesos por d\u00f3lar. <\/p>\n<p> &quot;Em outubro, veremos se esta corrida pode pressionar os pre\u00e7os novamente. Se o governo conseguir sustentar a taxa de c\u00e2mbio oficial, talvez em outubro estejamos abaixo deste \u00edndice inflacion\u00e1rio de 12%. Caso contr\u00e1rio, podemos continuar subindo degraus e em algum momento, a\u00ed sim, chegar a uma hiperinfla\u00e7\u00e3o&quot;, advertiu Zirulnik. <\/p>\n<ul> <\/ul>\n","protected":false},"excerpt":{"rendered":"<p>1 de 1&#013;Candidatos \u00e0 presid\u00eancia da Argentina participaram do primeiro debate neste domingo (1\u00ba) \u2014 Foto: Tomas F. Cuesta, Pool via AP Candidatos \u00e0 presid\u00eancia da Argentina participaram do primeiro debate neste domingo (1\u00ba) \u2014 Foto: Tomas F. Cuesta, Pool via AP A infla\u00e7\u00e3o na Argentina chegou a 138,3% ao ano em setembro, m\u00eas em [&hellip;]<\/p>\n","protected":false},"author":1,"featured_media":0,"comment_status":"closed","ping_status":"closed","sticky":false,"template":"","format":"standard","meta":{"footnotes":""},"categories":[],"tags":[],"class_list":["post-54127","post","type-post","status-publish","format-standard","hentry"],"_links":{"self":[{"href":"https:\/\/blog.corretoraideal.com.br\/index.php\/wp-json\/wp\/v2\/posts\/54127","targetHints":{"allow":["GET"]}}],"collection":[{"href":"https:\/\/blog.corretoraideal.com.br\/index.php\/wp-json\/wp\/v2\/posts"}],"about":[{"href":"https:\/\/blog.corretoraideal.com.br\/index.php\/wp-json\/wp\/v2\/types\/post"}],"author":[{"embeddable":true,"href":"https:\/\/blog.corretoraideal.com.br\/index.php\/wp-json\/wp\/v2\/users\/1"}],"replies":[{"embeddable":true,"href":"https:\/\/blog.corretoraideal.com.br\/index.php\/wp-json\/wp\/v2\/comments?post=54127"}],"version-history":[{"count":1,"href":"https:\/\/blog.corretoraideal.com.br\/index.php\/wp-json\/wp\/v2\/posts\/54127\/revisions"}],"predecessor-version":[{"id":54130,"href":"https:\/\/blog.corretoraideal.com.br\/index.php\/wp-json\/wp\/v2\/posts\/54127\/revisions\/54130"}],"wp:attachment":[{"href":"https:\/\/blog.corretoraideal.com.br\/index.php\/wp-json\/wp\/v2\/media?parent=54127"}],"wp:term":[{"taxonomy":"category","embeddable":true,"href":"https:\/\/blog.corretoraideal.com.br\/index.php\/wp-json\/wp\/v2\/categories?post=54127"},{"taxonomy":"post_tag","embeddable":true,"href":"https:\/\/blog.corretoraideal.com.br\/index.php\/wp-json\/wp\/v2\/tags?post=54127"}],"curies":[{"name":"wp","href":"https:\/\/api.w.org\/{rel}","templated":true}]}}