{"id":54131,"date":"2023-10-14T02:30:40","date_gmt":"2023-10-14T02:30:40","guid":{"rendered":"https:\/\/blog.corretoraideal.com.br\/?p=54131"},"modified":"2023-10-14T02:30:40","modified_gmt":"2023-10-14T02:30:40","slug":"hemocentro-regional-de-campos-funciona-normalmente-no-fim-de-semana-deste-feriadao-norte-fluminense-g1","status":"publish","type":"post","link":"https:\/\/blog.corretoraideal.com.br\/index.php\/2023\/10\/14\/hemocentro-regional-de-campos-funciona-normalmente-no-fim-de-semana-deste-feriadao-norte-fluminense-g1\/","title":{"rendered":"Hemocentro Regional de Campos funciona normalmente no fim de semana deste feriad\u00e3o | Norte Fluminense | G1"},"content":{"rendered":"<p>      1 de 1&#013;Hemocentro em Campos tamb\u00e9m recebe doadores neste feriado prolongado \u2014 Foto: Prefeitura de Campos\/Divulga\u00e7\u00e3o    <\/p>\n<p> Hemocentro em Campos tamb\u00e9m recebe doadores neste feriado prolongado \u2014 Foto: Prefeitura de Campos\/Divulga\u00e7\u00e3o <\/p>\n<p> O Hemocentro Regional de <a class href=\"https:\/\/g1.globo.com\/rj\/norte-fluminense\/cidade\/campos-dos-goytacazes\/\">Campos dos Goytacazes<\/a> (HRC), Norte Fluminense, est\u00e1 funcionando normalmente no fim de semana deste feriado prolongado de Nossa Senhora Aparecida. Houve atendimento na quinta (12) e sexta-feira (13) e o mesmo ocorre neste s\u00e1bado (14) e domingo (15). <\/p>\n<p> A unidade, anexa ao Hospital Ferreira Machado, funciona das 7h \u00e0s 18h. <\/p>\n<p> A coleta de sangue ajuda nos tratamentos e nos procedimentos urgentes e pode ajudar pacientes internados. <\/p>\n<p> Para ser um doador de sangue \u00e9 necess\u00e1rio atender alguns requisitos b\u00e1sicos de condi\u00e7\u00f5es de sa\u00fade: \u00e9 preciso apresentar documento de identidade com foto, ter boas condi\u00e7\u00f5es de sa\u00fade, peso superior a 50 kg, idade entre 16 e 69 anos, n\u00e3o estar em jejum e n\u00e3o ter ingerido alimentos gordurosos nas \u00faltimas tr\u00eas horas. Menores de 18 anos devem comparecer com o respons\u00e1vel legal. <\/p>\n<p> Para aumentar o estoque do banco de sangue, o HRC est\u00e1 intensificando as coletas externas com o aux\u00edlio da unidade m\u00f3vel. <\/p>\n<p><h2>Confira a agenda da unidade m\u00f3vel:<\/h2>\n<\/p>\n<ul>\n<li> 17\/10- Sesi Campos- Jardim Carioca<\/li>\n<li>24\/10- Sesi Itaperuna<\/li>\n<li>25\/10- Pra\u00e7a S\u00e3o Salvador<\/li>\n<li>26\/10- S\u00e3o Jo\u00e3o da Barra<\/li>\n<li>31\/10- Sesi Maca\u00e9<\/li>\n<\/ul>\n<ul>\n<li> <a href=\"https:\/\/g1.globo.com\/rj\/norte-fluminense\/cidade\/campos-dos-goytacazes\/\" class=\"entities__list-itemLink\" data-track-click=\"Campos dos Goytacazes\"> Campos dos Goytacazes <\/a> <\/li>\n<\/ul>\n","protected":false},"excerpt":{"rendered":"<p>1 de 1&#013;Hemocentro em Campos tamb\u00e9m recebe doadores neste feriado prolongado \u2014 Foto: Prefeitura de Campos\/Divulga\u00e7\u00e3o Hemocentro em Campos tamb\u00e9m recebe doadores neste feriado prolongado \u2014 Foto: Prefeitura de Campos\/Divulga\u00e7\u00e3o O Hemocentro Regional de Campos dos Goytacazes (HRC), Norte Fluminense, est\u00e1 funcionando normalmente no fim de semana deste feriado prolongado de Nossa Senhora Aparecida. Houve [&hellip;]<\/p>\n","protected":false},"author":1,"featured_media":0,"comment_status":"closed","ping_status":"closed","sticky":false,"template":"","format":"standard","meta":{"footnotes":""},"categories":[],"tags":[],"class_list":["post-54131","post","type-post","status-publish","format-standard","hentry"],"_links":{"self":[{"href":"https:\/\/blog.corretoraideal.com.br\/index.php\/wp-json\/wp\/v2\/posts\/54131","targetHints":{"allow":["GET"]}}],"collection":[{"href":"https:\/\/blog.corretoraideal.com.br\/index.php\/wp-json\/wp\/v2\/posts"}],"about":[{"href":"https:\/\/blog.corretoraideal.com.br\/index.php\/wp-json\/wp\/v2\/types\/post"}],"author":[{"embeddable":true,"href":"https:\/\/blog.corretoraideal.com.br\/index.php\/wp-json\/wp\/v2\/users\/1"}],"replies":[{"embeddable":true,"href":"https:\/\/blog.corretoraideal.com.br\/index.php\/wp-json\/wp\/v2\/comments?post=54131"}],"version-history":[{"count":1,"href":"https:\/\/blog.corretoraideal.com.br\/index.php\/wp-json\/wp\/v2\/posts\/54131\/revisions"}],"predecessor-version":[{"id":54133,"href":"https:\/\/blog.corretoraideal.com.br\/index.php\/wp-json\/wp\/v2\/posts\/54131\/revisions\/54133"}],"wp:attachment":[{"href":"https:\/\/blog.corretoraideal.com.br\/index.php\/wp-json\/wp\/v2\/media?parent=54131"}],"wp:term":[{"taxonomy":"category","embeddable":true,"href":"https:\/\/blog.corretoraideal.com.br\/index.php\/wp-json\/wp\/v2\/categories?post=54131"},{"taxonomy":"post_tag","embeddable":true,"href":"https:\/\/blog.corretoraideal.com.br\/index.php\/wp-json\/wp\/v2\/tags?post=54131"}],"curies":[{"name":"wp","href":"https:\/\/api.w.org\/{rel}","templated":true}]}}