{"id":54139,"date":"2023-10-14T07:31:10","date_gmt":"2023-10-14T07:31:10","guid":{"rendered":"https:\/\/blog.corretoraideal.com.br\/?p=54139"},"modified":"2023-10-14T07:31:10","modified_gmt":"2023-10-14T07:31:10","slug":"programacao-pelo-dia-das-criancas-segue-neste-sabado-no-jardim-sao-benedito-em-campos-norte-fluminense-g1","status":"publish","type":"post","link":"https:\/\/blog.corretoraideal.com.br\/index.php\/2023\/10\/14\/programacao-pelo-dia-das-criancas-segue-neste-sabado-no-jardim-sao-benedito-em-campos-norte-fluminense-g1\/","title":{"rendered":"Programa\u00e7\u00e3o pelo Dia das Crian\u00e7as segue neste s\u00e1bado no Jardim S\u00e3o Benedito, em Campos | Norte Fluminense | G1"},"content":{"rendered":"<p>      1 de 1&#013;Cinema Itinerante est\u00e1 entre os destaques da programa\u00e7\u00e3o da Semana da Crian\u00e7a em Campos \u2014 Foto: Wellington Rangel\/Prefeitura de Campos    <\/p>\n<p> Cinema Itinerante est\u00e1 entre os destaques da programa\u00e7\u00e3o da Semana da Crian\u00e7a em Campos \u2014 Foto: Wellington Rangel\/Prefeitura de Campos <\/p>\n<p> A programa\u00e7\u00e3o pelo Dia das Crian\u00e7as segue neste s\u00e1bado (14) no Jardim S\u00e3o Benedito, em <a class href=\"https:\/\/g1.globo.com\/rj\/norte-fluminense\/cidade\/campos-dos-goytacazes\/\">Campos dos Goytacazes<\/a>, no Norte Fluminense. <\/p>\n<p> As atividades come\u00e7am \u00e0s 9h com anima\u00e7\u00e3o cultural. O evento oferece ainda pintura facial, bola mania e conta\u00e7\u00e3o de hist\u00f3ria. O local ter\u00e1, \u00e0s 14h, brinquedos infl\u00e1veis e, \u00e0s 18h, Cinema Itinerante. <\/p>\n<p> As a\u00e7\u00f5es est\u00e3o sendo realizadas ao longo da semana pela Secretaria Municipal de Educa\u00e7\u00e3o, Ci\u00eancia e Tecnologia (Seduct). <\/p>\n<p> &quot;Os trabalhos foram abertos na Vila Ol\u00edmpica do Jardim Carioca no s\u00e1bado passado (07). Na segunda-feira (09), as atividades aconteceram na Vila Ol\u00edmpica do Parque Guarus. Na ter\u00e7a-feira (10), os projetos se concentraram na Vila Ol\u00edmpica do Jockey; quarta-feira (11), na Vila Ol\u00edmpica de Travess\u00e3o e quinta-feira (12) na Cidade da Crian\u00e7a&quot;, divulgou a Prefeitura. <\/p>\n<p><h2>Cinema Itinerante<\/h2>\n<\/p>\n<p> O Cinema Itinerante est\u00e1 entre os principais destaques da programa\u00e7\u00e3o, proporcionando momentos de muita emo\u00e7\u00e3o \u00e0s comunidades de v\u00e1rias localidades e distritos de Campos. <\/p>\n<p> Nesta Semana da Crian\u00e7a est\u00e1 sendo exibido o filme Meu Malvado Favorito 3. A obra mostra como a fam\u00edlia pode ser forte quando seus membros lutam juntos contra o mal e ficam lado a lado na dif\u00edcil miss\u00e3o. <\/p>\n<p> A assessora t\u00e9cnica da Seduct, Catia Mello, ressaltou que a Caravana da Educa\u00e7\u00e3o e a Hora do Cinema representam muito mais que a exibi\u00e7\u00e3o de um filme. <\/p>\n<p> \u201cEsse \u00e9 um momento em que proporcionamos \u00e0 comunidade um espa\u00e7o de lazer, de entretenimento, conviv\u00eancia e tem sido uma experi\u00eancia gratificante, porque observamos que muitas pessoas nunca tiveram essa oportunidade de estarem num espa\u00e7o de cinema mesmo, como habitualmente a gente acha que \u00e9 comum na nossa rotina e no nosso dia-a-dia. Ent\u00e3o, tem sido uma alegria saber que, atrav\u00e9s desse trabalho, estamos realizando sonhos dessas pessoas\u201d, finalizou. <\/p>\n<ul>\n<li> <a href=\"https:\/\/g1.globo.com\/rj\/norte-fluminense\/cidade\/campos-dos-goytacazes\/\" class=\"entities__list-itemLink\" data-track-click=\"Campos dos Goytacazes\"> Campos dos Goytacazes <\/a> <\/li>\n<\/ul>\n","protected":false},"excerpt":{"rendered":"<p>1 de 1&#013;Cinema Itinerante est\u00e1 entre os destaques da programa\u00e7\u00e3o da Semana da Crian\u00e7a em Campos \u2014 Foto: Wellington Rangel\/Prefeitura de Campos Cinema Itinerante est\u00e1 entre os destaques da programa\u00e7\u00e3o da Semana da Crian\u00e7a em Campos \u2014 Foto: Wellington Rangel\/Prefeitura de Campos A programa\u00e7\u00e3o pelo Dia das Crian\u00e7as segue neste s\u00e1bado (14) no Jardim S\u00e3o [&hellip;]<\/p>\n","protected":false},"author":1,"featured_media":0,"comment_status":"closed","ping_status":"closed","sticky":false,"template":"","format":"standard","meta":{"footnotes":""},"categories":[],"tags":[],"class_list":["post-54139","post","type-post","status-publish","format-standard","hentry"],"_links":{"self":[{"href":"https:\/\/blog.corretoraideal.com.br\/index.php\/wp-json\/wp\/v2\/posts\/54139","targetHints":{"allow":["GET"]}}],"collection":[{"href":"https:\/\/blog.corretoraideal.com.br\/index.php\/wp-json\/wp\/v2\/posts"}],"about":[{"href":"https:\/\/blog.corretoraideal.com.br\/index.php\/wp-json\/wp\/v2\/types\/post"}],"author":[{"embeddable":true,"href":"https:\/\/blog.corretoraideal.com.br\/index.php\/wp-json\/wp\/v2\/users\/1"}],"replies":[{"embeddable":true,"href":"https:\/\/blog.corretoraideal.com.br\/index.php\/wp-json\/wp\/v2\/comments?post=54139"}],"version-history":[{"count":1,"href":"https:\/\/blog.corretoraideal.com.br\/index.php\/wp-json\/wp\/v2\/posts\/54139\/revisions"}],"predecessor-version":[{"id":54141,"href":"https:\/\/blog.corretoraideal.com.br\/index.php\/wp-json\/wp\/v2\/posts\/54139\/revisions\/54141"}],"wp:attachment":[{"href":"https:\/\/blog.corretoraideal.com.br\/index.php\/wp-json\/wp\/v2\/media?parent=54139"}],"wp:term":[{"taxonomy":"category","embeddable":true,"href":"https:\/\/blog.corretoraideal.com.br\/index.php\/wp-json\/wp\/v2\/categories?post=54139"},{"taxonomy":"post_tag","embeddable":true,"href":"https:\/\/blog.corretoraideal.com.br\/index.php\/wp-json\/wp\/v2\/tags?post=54139"}],"curies":[{"name":"wp","href":"https:\/\/api.w.org\/{rel}","templated":true}]}}