{"id":54160,"date":"2023-10-15T00:29:44","date_gmt":"2023-10-15T00:29:44","guid":{"rendered":"https:\/\/blog.corretoraideal.com.br\/?p=54160"},"modified":"2023-10-15T00:29:44","modified_gmt":"2023-10-15T00:29:44","slug":"saida-de-brasileiros-de-gaza-pode-acontecer-neste-domingo-dizem-fontes-do-planalto-blog-ana-flor-g1","status":"publish","type":"post","link":"https:\/\/blog.corretoraideal.com.br\/index.php\/2023\/10\/15\/saida-de-brasileiros-de-gaza-pode-acontecer-neste-domingo-dizem-fontes-do-planalto-blog-ana-flor-g1\/","title":{"rendered":"Sa\u00edda de brasileiros de Gaza pode acontecer neste domingo, dizem fontes do Planalto | Blog Ana Flor | G1"},"content":{"rendered":"\n<ul>\n<li>\n<p> Governo Lula tem negociado com o Egito abertura da fronteira para a retirada de brasileiros. <\/p>\n<\/li>\n<li>\n<p> Avalia\u00e7\u00e3o \u00e9 que o \u00fanico caminho vi\u00e1vel \u00e9 no sul de Gaza, rumo ao Egito. <\/p>\n<\/li>\n<li>\n<p> Mas o Egito tem demonstrado resist\u00eancia em abrir sua fronteira com Gaza. <\/p>\n<\/li>\n<li>\n<p> Caso o Egito aceite, um avi\u00e3o da FAB vai esperar os brasileiros em territ\u00f3rio eg\u00edpcio. <\/p>\n<\/li>\n<\/ul>\n<p> Governo Lula tem negociado com o Egito abertura da fronteira para a retirada de brasileiros. <\/p>\n<p> Avalia\u00e7\u00e3o \u00e9 que o \u00fanico caminho vi\u00e1vel \u00e9 no sul de Gaza, rumo ao Egito. <\/p>\n<p> Mas o Egito tem demonstrado resist\u00eancia em abrir sua fronteira com Gaza. <\/p>\n<p> Caso o Egito aceite, um avi\u00e3o da FAB vai esperar os brasileiros em territ\u00f3rio eg\u00edpcio. <\/p>\n<p>                   <img loading=\"lazy\" decoding=\"async\" class=\"aligncenter size-full wp-image-54162\" src=\"https:\/\/blog.corretoraideal.com.br\/wp-content\/uploads\/2023\/10\/ana-flor-brasil-esta-com-expectativa-para-que-grupo-de-brasileiros-deixem-o-oriente-medio-no-domingo-15.jpeg\" alt=\"Ana Flor: Brasil est\u00e1 com expectativa para que grupo de brasileiros deixem o Oriente M\u00e9dio no domingo (15)\" width=\"800\" height=\"400\" \/>      <\/p>\n<p> Ana Flor: Brasil est\u00e1 com expectativa para que grupo de brasileiros deixem o Oriente M\u00e9dio no domingo (15) <\/p>\n<p> O governo acredita que conseguir\u00e1 retirar neste domingo (15) os brasileiros que aguardam a sa\u00edda da Faixa de Gaza, segundo relatou ao <strong>blog<\/strong> um ministro e outro auxiliar graduado do presidente Lula. <\/p>\n<p> A tentativa deve ser feita ainda pela manh\u00e3. A maior dificuldade est\u00e1 sendo garantir a seguran\u00e7a das pessoas na regi\u00e3o ao sul de Gaza e tamb\u00e9m no territ\u00f3rio eg\u00edpcio pr\u00f3ximo \u00e0 fronteira. <\/p>\n<p> Um grupo de brasileiros pediu aux\u00edlio do governo Lula para sair de Gaza. <a class href=\"https:\/\/g1.globo.com\/mundo\/noticia\/2023\/10\/14\/israel-x-hamas-uma-semana-de-guerra-em-imagens.ghtml\">A regi\u00e3o tem sido alvo de bombardeios de Israel<\/a> desde a semana passada, ap\u00f3s o grupo terrorista Hamas ter feitos ataques em territ\u00f3rio israelense. O Hamas tem bases em Gaza. <\/p>\n<p> A \u00fanica rota de sa\u00edda vi\u00e1vel \u00e9 a fronteira do Egito. Uma vez em territ\u00f3rio eg\u00edpcio, um avi\u00e3o do Brasil receberia o grupo. Mas o Egito tem demonstrado resist\u00eancia em abrir a fronteira com Gaza. <\/p>\n<p> O presidente Lula passou o dia conversando com autoridades sobre a abertura de uma janela de tempo para a sa\u00edda dos brasileiros pela passagem de Rafah. Lula falou, por exemplo, com o presidente do Egito, Abdel Fattah al-Sissi. Outros estrangeiros tamb\u00e9m poder\u00e3o sair &#8212; \u00e9 o que indica a negocia\u00e7\u00e3o com autoridades do Egito e de Israel. <\/p>\n<p> O avi\u00e3o presidencial do Brasil, enviado pelo governo para a miss\u00e3o, ir\u00e1 pousar no aeroporto de Arish (Egito) quando a travessia for autorizada. O Brasil tamb\u00e9m n\u00e3o descarta dar carona para pessoas de outras nacionalidades, ja que h\u00e1 40 lugares na aeronave, e o grupo brasileiro \u00e9 menor que isso. <\/p>\n<p> <strong>Leia tamb\u00e9m:<\/strong> <\/p>\n<ul>\n<li><a class href=\"https:\/\/g1.globo.com\/mundo\/noticia\/2023\/10\/14\/israel-x-hamas-uma-semana-de-guerra-em-imagens.ghtml\">Israel x Hamas: uma semana de guerra em imagens<\/a><\/li>\n<\/ul>\n<p> Lula montou um gabinete de crise no Alvorada, onde j\u00e1 est\u00e1 se encontrando presencialmente com assessores. Lula passou por uma cirurgia no quadril h\u00e1 duas semanas e, por recomenda\u00e7\u00e3o m\u00e9dica, vinha evitando contato. <\/p>\n<p> Neste s\u00e1bado (14), o assessor especial internacional, Celso Amorim, o ministro das Comunica\u00e7\u00f5es, Paulo Pimenta, e outros assessores pr\u00f3ximos passaram o dia acompanhando as tratativas. Lula tamb\u00e9m falou com os embaixadores do Brasil na regi\u00e3o. <\/p>\n<p>         1 de 1&#013;Brasileiros fazem refei\u00e7\u00e3o em casa na cidade palestina de Rafah, onde aguardam autoriza\u00e7\u00e3o para atravessar fronteira com Egito \u2014 Foto: Divulga\u00e7\u00e3o\/Embaixada do Brasil na Palestina    <\/p>\n<p> Brasileiros fazem refei\u00e7\u00e3o em casa na cidade palestina de Rafah, onde aguardam autoriza\u00e7\u00e3o para atravessar fronteira com Egito \u2014 Foto: Divulga\u00e7\u00e3o\/Embaixada do Brasil na Palestina <\/p>\n<ul> <\/ul>\n","protected":false},"excerpt":{"rendered":"<p>Governo Lula tem negociado com o Egito abertura da fronteira para a retirada de brasileiros. Avalia\u00e7\u00e3o \u00e9 que o \u00fanico caminho vi\u00e1vel \u00e9 no sul de Gaza, rumo ao Egito. Mas o Egito tem demonstrado resist\u00eancia em abrir sua fronteira com Gaza. Caso o Egito aceite, um avi\u00e3o da FAB vai esperar os brasileiros em [&hellip;]<\/p>\n","protected":false},"author":1,"featured_media":0,"comment_status":"closed","ping_status":"closed","sticky":false,"template":"","format":"standard","meta":{"footnotes":""},"categories":[],"tags":[],"class_list":["post-54160","post","type-post","status-publish","format-standard","hentry"],"_links":{"self":[{"href":"https:\/\/blog.corretoraideal.com.br\/index.php\/wp-json\/wp\/v2\/posts\/54160","targetHints":{"allow":["GET"]}}],"collection":[{"href":"https:\/\/blog.corretoraideal.com.br\/index.php\/wp-json\/wp\/v2\/posts"}],"about":[{"href":"https:\/\/blog.corretoraideal.com.br\/index.php\/wp-json\/wp\/v2\/types\/post"}],"author":[{"embeddable":true,"href":"https:\/\/blog.corretoraideal.com.br\/index.php\/wp-json\/wp\/v2\/users\/1"}],"replies":[{"embeddable":true,"href":"https:\/\/blog.corretoraideal.com.br\/index.php\/wp-json\/wp\/v2\/comments?post=54160"}],"version-history":[{"count":1,"href":"https:\/\/blog.corretoraideal.com.br\/index.php\/wp-json\/wp\/v2\/posts\/54160\/revisions"}],"predecessor-version":[{"id":54163,"href":"https:\/\/blog.corretoraideal.com.br\/index.php\/wp-json\/wp\/v2\/posts\/54160\/revisions\/54163"}],"wp:attachment":[{"href":"https:\/\/blog.corretoraideal.com.br\/index.php\/wp-json\/wp\/v2\/media?parent=54160"}],"wp:term":[{"taxonomy":"category","embeddable":true,"href":"https:\/\/blog.corretoraideal.com.br\/index.php\/wp-json\/wp\/v2\/categories?post=54160"},{"taxonomy":"post_tag","embeddable":true,"href":"https:\/\/blog.corretoraideal.com.br\/index.php\/wp-json\/wp\/v2\/tags?post=54160"}],"curies":[{"name":"wp","href":"https:\/\/api.w.org\/{rel}","templated":true}]}}