{"id":54164,"date":"2023-10-15T05:30:18","date_gmt":"2023-10-15T05:30:18","guid":{"rendered":"https:\/\/blog.corretoraideal.com.br\/?p=54164"},"modified":"2023-10-15T05:30:18","modified_gmt":"2023-10-15T05:30:18","slug":"dolar-fecha-em-alta-repercutindo-a-inflacao-nos-eua-acima-das-expectativas-ibovespa-cai-economia-g1","status":"publish","type":"post","link":"https:\/\/blog.corretoraideal.com.br\/index.php\/2023\/10\/15\/dolar-fecha-em-alta-repercutindo-a-inflacao-nos-eua-acima-das-expectativas-ibovespa-cai-economia-g1\/","title":{"rendered":"D\u00f3lar fecha em alta, repercutindo a infla\u00e7\u00e3o nos EUA acima das expectativas; Ibovespa cai | Economia | G1"},"content":{"rendered":"<p>      1 de 1&#013; Imagem ilustrativa sobre a alta do d\u00f3lar e o mercado de a\u00e7\u00f5es na Bolsa de Valores de S\u00e3o Paulo (B3). \u2014 Foto: KEVIN DAVID\/A7 PRESS\/ESTAD\u00c3O CONTE\u00daDO    <\/p>\n<p> Imagem ilustrativa sobre a alta do d\u00f3lar e o mercado de a\u00e7\u00f5es na Bolsa de Valores de S\u00e3o Paulo (B3). \u2014 Foto: KEVIN DAVID\/A7 PRESS\/ESTAD\u00c3O CONTE\u00daDO <\/p>\n<p> O d\u00f3lar fechou em alta nesta sexta-feira (13), digerindo com atraso por conta do feriado os dados da infla\u00e7\u00e3o ao consumidor dos <a class href=\"https:\/\/g1.globo.com\/tudo-sobre\/estados-unidos\/\">Estados Unidos<\/a>, que veio acima das expectativas de mercado e renovou o temor de um aperto da trajet\u00f3ria das taxas de juros no pa\u00eds. O <a class href=\"https:\/\/g1.globo.com\/tudo-sobre\/ibovespa\/\">Ibovespa<\/a> teve queda. <\/p>\n<p> A alta nos custos de moradia nos EUA impulsionou os pre\u00e7os no m\u00eas passado, enquanto o aumento anual do n\u00facleo da infla\u00e7\u00e3o, que exclui os itens mais vol\u00e1teis de alimentos e energia, foi o menor em dois anos. <\/p>\n<p> <strong>Veja abaixo o dia nos mercados.<\/strong> <\/p>\n<p><h2>D\u00f3lar<\/h2>\n<\/p>\n<p> O d\u00f3lar fechou em alta de 0,78%, cotado a R$ 5,0885. <a class href=\"https:\/\/valor.globo.com\/valor-data\/\">Veja mais cota\u00e7\u00f5es.<\/a> <\/p>\n<p> Com o resultado, a moeda passou a acumular: <\/p>\n<ul>\n<li><strong>queda de 1,41% na semana; <\/strong><\/li>\n<li><strong>alta de 1,23% no m\u00eas;<\/strong><\/li>\n<li><strong>recuo de 3,59% no ano.<\/strong><\/li>\n<\/ul>\n<p> Na quarta-feira, a moeda norte-americana terminou o dia em queda de 0,14%, cotado a R$ 5,0489. <\/p>\n<p><h2><a class href=\"https:\/\/g1.globo.com\/tudo-sobre\/ibovespa\/\">Ibovespa<\/a><\/h2>\n<\/p>\n<p> O <a class href=\"https:\/\/g1.globo.com\/tudo-sobre\/ibovespa\/\">Ibovespa<\/a>, principal \u00edndice de a\u00e7\u00f5es da <a class href=\"https:\/\/g1.globo.com\/tudo-sobre\/bmf-bovespa\/\">B3<\/a>, fechou em queda de 1,11%, aos 115.754 pontos. <\/p>\n<p> Com o resultado, passou a acumular: <\/p>\n<ul>\n<li><strong>alta de 1,39% na semana;<\/strong><\/li>\n<li><strong>queda de 0,70% no m\u00eas;<\/strong><\/li>\n<li><strong>alta de 5,49% no ano.<\/strong><\/li>\n<\/ul>\n<p> No \u00faltimo preg\u00e3o, o \u00edndice fechou em alta de 0,27%, aos 117.051 pontos. <\/p>\n<p> <strong>LEIA TAMB\u00c9M<\/strong> <\/p>\n<ul>\n<li><strong>DINHEIRO OU CART\u00c3O? <\/strong><a class href=\"https:\/\/g1.globo.com\/economia\/noticia\/2022\/03\/26\/dinheiro-ou-cartao-qual-a-melhor-forma-de-levar-dolares-em-viagens.ghtml\">Qual a melhor forma de levar d\u00f3lares em viagens?<\/a><\/li>\n<li><strong>D\u00d3LAR: <\/strong><a class href=\"https:\/\/g1.globo.com\/economia\/noticia\/2022\/04\/05\/dolar-qual-o-melhor-momento-para-comprar.ghtml\">Qual o melhor momento para comprar a moeda? <\/a><\/li>\n<\/ul>\n<p><h2>O que est\u00e1 mexendo com os mercados?<\/h2>\n<\/p>\n<p> No Brasil, o dia \u00e9 de agenda esvaziada em virtude do feriado prolongado de 12 de outubro. Enquanto os mercados estavam fechados na quinta-feira, investidores estrangeiros digeriam dados que mostraram um aumento maior do que o previsto nos pre\u00e7os ao consumidor nos <a class href=\"https:\/\/g1.globo.com\/tudo-sobre\/estados-unidos\/\">Estados Unidos<\/a> em setembro. <\/p>\n<p> Ontem, os principais \u00edndices de Wall Street fecharam em queda na quinta-feira, ap\u00f3s leil\u00e3o do Tesouro norte-americano elevar os rendimentos dos t\u00edtulos e dos resultados do \u00edndice de pre\u00e7os ao consumidor (CPI) nos <a class href=\"https:\/\/g1.globo.com\/tudo-sobre\/estados-unidos\/\">Estados Unidos<\/a> em setembro. <\/p>\n<p> O rendimento do Treasury de dez anos subiu ap\u00f3s os dados de infla\u00e7\u00e3o e avan\u00e7ou ainda mais ap\u00f3s o leil\u00e3o, atingindo uma m\u00e1xima da sess\u00e3o. O yield, que \u00e9 refer\u00eancia global para decis\u00f5es de investimento, chegou a subir a 4,728%, seu patamar mais alto desde sexta-feira, ap\u00f3s recuar nos dois \u00faltimos dias. <\/p>\n<p> J\u00e1 o \u00edndice de pre\u00e7os ao consumidor aumentou 0,4% no m\u00eas passado, informou o Departamento do Trabalho. O CPI subiu 0,6% em agosto, o que foi o maior aumento em 14 meses. <\/p>\n<p> Nos 12 meses at\u00e9 setembro, o CPI avan\u00e7ou 3,7%, depois de aumentar pela mesma margem em agosto. Os pre\u00e7os ao consumidor ano a ano ca\u00edram de um pico de 9,1% em junho de 2022. <\/p>\n<p> Economistas consultados pela Reuters previram que o CPI ganharia 0,3% e subiria 3,6% no comparativo anual. <\/p>\n<p> Na quarta-feira, os pre\u00e7os ao produtor dos <a class href=\"https:\/\/g1.globo.com\/tudo-sobre\/estados-unidos\/\">Estados Unidos<\/a> aumentaram mais do que o esperado em setembro, em meio aos custos mais altos da energia. <\/p>\n<p> O \u00edndice de pre\u00e7os ao produtor para a demanda final aumentou 0,5% no m\u00eas passado, informou o Departamento do Trabalho nesta quarta-feira. Os dados de agosto n\u00e3o foram revisados e mostraram que o \u00edndice subiu 0,7%. <\/p>\n<p> Economistas consultados pela Reuters esperavam que o \u00edndice aumentaria 0,3%. Nos 12 meses at\u00e9 setembro, os pre\u00e7os ao produtor acumulam alta de 2,2%, de 2% em agosto. <\/p>\n<p> Tamb\u00e9m continua pesando sobre os neg\u00f3cios a escalada dos conflitos entre <a class href=\"https:\/\/g1.globo.com\/tudo-sobre\/israel\/\">Israel<\/a> e Hamas. A principal preocupa\u00e7\u00e3o econ\u00f4mica com o confronto \u00e9 em rela\u00e7\u00e3o ao petr\u00f3leo, tendo em vista que a regi\u00e3o do Oriente M\u00e9dio \u00e9 uma importante produtora e exportadora da commodity. <\/p>\n<ul>\n<li> <a href=\"https:\/\/g1.globo.com\/tudo-sobre\/bmf-bovespa\/\" class=\"entities__list-itemLink\" data-track-click=\"B3\"> B3 <\/a> <\/li>\n<li> <a href=\"https:\/\/g1.globo.com\/tudo-sobre\/estados-unidos\/\" class=\"entities__list-itemLink\" data-track-click=\"Estados Unidos\"> Estados Unidos <\/a> <\/li>\n<li> <a href=\"https:\/\/g1.globo.com\/tudo-sobre\/fed\/\" class=\"entities__list-itemLink\" data-track-click=\"FED\"> FED <\/a> <\/li>\n<li> <a href=\"https:\/\/g1.globo.com\/tudo-sobre\/fatah\/\" class=\"entities__list-itemLink\" data-track-click=\"Fatah\"> Fatah <\/a> <\/li>\n<li> <a href=\"https:\/\/g1.globo.com\/tudo-sobre\/ibge\/\" class=\"entities__list-itemLink\" data-track-click=\"IBGE\"> IBGE <\/a> <\/li>\n<li> <a href=\"https:\/\/g1.globo.com\/tudo-sobre\/ibovespa\/\" class=\"entities__list-itemLink\" data-track-click=\"Ibovespa\"> Ibovespa <\/a> <\/li>\n<li> <a href=\"https:\/\/g1.globo.com\/tudo-sobre\/israel\/\" class=\"entities__list-itemLink\" data-track-click=\"Israel\"> Israel <\/a> <\/li>\n<\/ul>\n","protected":false},"excerpt":{"rendered":"<p>1 de 1&#013; Imagem ilustrativa sobre a alta do d\u00f3lar e o mercado de a\u00e7\u00f5es na Bolsa de Valores de S\u00e3o Paulo (B3). \u2014 Foto: KEVIN DAVID\/A7 PRESS\/ESTAD\u00c3O CONTE\u00daDO Imagem ilustrativa sobre a alta do d\u00f3lar e o mercado de a\u00e7\u00f5es na Bolsa de Valores de S\u00e3o Paulo (B3). \u2014 Foto: KEVIN DAVID\/A7 PRESS\/ESTAD\u00c3O CONTE\u00daDO [&hellip;]<\/p>\n","protected":false},"author":1,"featured_media":0,"comment_status":"closed","ping_status":"closed","sticky":false,"template":"","format":"standard","meta":{"footnotes":""},"categories":[],"tags":[],"class_list":["post-54164","post","type-post","status-publish","format-standard","hentry"],"_links":{"self":[{"href":"https:\/\/blog.corretoraideal.com.br\/index.php\/wp-json\/wp\/v2\/posts\/54164","targetHints":{"allow":["GET"]}}],"collection":[{"href":"https:\/\/blog.corretoraideal.com.br\/index.php\/wp-json\/wp\/v2\/posts"}],"about":[{"href":"https:\/\/blog.corretoraideal.com.br\/index.php\/wp-json\/wp\/v2\/types\/post"}],"author":[{"embeddable":true,"href":"https:\/\/blog.corretoraideal.com.br\/index.php\/wp-json\/wp\/v2\/users\/1"}],"replies":[{"embeddable":true,"href":"https:\/\/blog.corretoraideal.com.br\/index.php\/wp-json\/wp\/v2\/comments?post=54164"}],"version-history":[{"count":1,"href":"https:\/\/blog.corretoraideal.com.br\/index.php\/wp-json\/wp\/v2\/posts\/54164\/revisions"}],"predecessor-version":[{"id":54166,"href":"https:\/\/blog.corretoraideal.com.br\/index.php\/wp-json\/wp\/v2\/posts\/54164\/revisions\/54166"}],"wp:attachment":[{"href":"https:\/\/blog.corretoraideal.com.br\/index.php\/wp-json\/wp\/v2\/media?parent=54164"}],"wp:term":[{"taxonomy":"category","embeddable":true,"href":"https:\/\/blog.corretoraideal.com.br\/index.php\/wp-json\/wp\/v2\/categories?post=54164"},{"taxonomy":"post_tag","embeddable":true,"href":"https:\/\/blog.corretoraideal.com.br\/index.php\/wp-json\/wp\/v2\/tags?post=54164"}],"curies":[{"name":"wp","href":"https:\/\/api.w.org\/{rel}","templated":true}]}}