{"id":54182,"date":"2023-10-15T23:29:35","date_gmt":"2023-10-15T23:29:35","guid":{"rendered":"https:\/\/blog.corretoraideal.com.br\/?p=54182"},"modified":"2023-10-15T23:29:35","modified_gmt":"2023-10-15T23:29:35","slug":"dois-crimes-ambientais-flagrados-no-noroeste-e-norte-do-rio-em-um-dia-norte-fluminense-g1","status":"publish","type":"post","link":"https:\/\/blog.corretoraideal.com.br\/index.php\/2023\/10\/15\/dois-crimes-ambientais-flagrados-no-noroeste-e-norte-do-rio-em-um-dia-norte-fluminense-g1\/","title":{"rendered":"Dois crimes ambientais flagrados no Noroeste e Norte do Rio em um dia | Norte Fluminense | G1"},"content":{"rendered":"<p>      1 de 1&#013;Propriet\u00e1rio da \u00e1rea disse que n\u00e3o tinha autoriza\u00e7\u00e3o ambiental para a atividade. \u2014 Foto: Pol\u00edcia Ambiental Militar    <\/p>\n<p> Propriet\u00e1rio da \u00e1rea disse que n\u00e3o tinha autoriza\u00e7\u00e3o ambiental para a atividade. \u2014 Foto: Pol\u00edcia Ambiental Militar <\/p>\n<p> Dois crimes ambientais foram flagrados nesta semana no Noroeste e Norte do Estado do Rio.\u00a0 Policiais da 3\u00aa Unidade de Pol\u00edcia Ambiental Militar identificaram nesta segunda-feira (9) um aterro ilegal em S\u00e3o Fid\u00e9lis e em Italva, a limpeza irregular de um vala na zona rural. <\/p>\n<p> Um dos alertas da Pol\u00edcia Ambiental \u00e9 para atividades que s\u00e3o potencialmente poluidoras e foram identificadas em \u00e1reas de preserva\u00e7\u00e3o permanente por estarem a menos de 30 metros de um curso d&#x27;agua.\u00a0 <\/p>\n<p> Em Italva, os agentes da 3\u00aa UPAM durante patrulhamento constataram uma limpeza de vala no curso d&#x27;\u00e1gua servi\u00e7o que, segundo a Pol\u00edcia, provavelmente, tenha sido feito com a utiliza\u00e7\u00e3o de m\u00e1quinas pesadas. Ainda de acordo com a Pol\u00edcia Ambiental, essa atividade sem autoriza\u00e7\u00e3o, sem o devido estudo e an\u00e1lise, pode desestruturar o local o que vai causar impactos negativos ao pr\u00f3prio terreno. &quot;A vegeta\u00e7\u00e3o sustenta a terra. O pr\u00f3prio terreno pode ficar \u00famido e ficar como um brejo com o aterro ou limpeza de vala irregular, por exemplo. Al\u00e9m de interfir muitas vezes no abastecimento e afetar o ecossistema pr\u00f3ximo&quot;, disse um policial.\u00a0 <\/p>\n<p> Em contato com moradores das proximidades, os agentes souberam que o propriet\u00e1rio da \u00e1rea \u00e9 morador da cidade de Niter\u00f3i. O respons\u00e1vel pelo servi\u00e7o de limpeza de vala disse que n\u00e3o possu\u00eda nenhum tipo de autoriza\u00e7\u00e3o para realiza\u00e7\u00e3o da atividade ambiental. <\/p>\n<p> O caso foi apresentado na 148\u00aa DP (Italva) com base no art.60 da lei 9.605\/98 c\/c o art.4 da lei 12.651\/12. O local vai passar por per\u00edcia e o crime ser\u00e1 investigado. <\/p>\n<p> <strong>em Aterro irregular S\u00e3o Fid\u00e9lis<\/strong> <\/p>\n<p> Em S\u00e3o Fid\u00e9lis, os policiais da 3\u00aa Unidade de Pol\u00edcia Ambiental Militar foram \u00e0 estrada Vargem Grande verificar den\u00fancia feita \u00e0 secretaria municipal de Desenvolvimento Ambiental. No local foi constatado um curso d&#x27;\u00e1gua aterrado com aproximadamente 2.000 m\u00b2, sendo considerado \u00e1rea de preserva\u00e7\u00e3o permanente. Segundo os agentes, n\u00e3o havia nenhuma placa de venda de lotes, mas foi observado no ato da fiscaliza\u00e7\u00e3o, demarca\u00e7\u00e3o de lotes com utiliza\u00e7\u00e3o de piquetes.\u00a0 <\/p>\n<p> O respons\u00e1vel pela \u00e1rea n\u00e3o foi localizado. O caso foi registrado na 141\u00aa DP (S\u00e3o Fid\u00e9lis) com base no Art 60 da Lei 9.605\/98 C\/c Art 4 da Lei 12.651\/2012. O local vai passar por per\u00edcia e o crime ser\u00e1 investigado. <\/p>\n<p> <strong>Linha Verde do Disque Den\u00fancia<\/strong> <\/p>\n<p> Den\u00fancias sobre crimes ambientais podem ser feitas ao programa Linha Verde do Disque Den\u00fancia pelos n\u00fameros 0300 253-1177 ou whatsapp anonimizado 021 2253-1177. O sigilo \u00e9 absoluto. O anonimato \u00e9 garantido.\u00a0 <\/p>\n<p> O Linha Verde registrou um aumento no n\u00famero de den\u00fancias recebidas nos \u00faltimos tr\u00eas anos no Noroeste e Norte doRio. Em 2021, foram 310 liga\u00e7\u00f5es an\u00f4nimas verificadas pelas autoridades competentes. No ano passado subiu pra 338. Neste ano, at\u00e9 setembro j\u00e1 s\u00e3o 224 den\u00fancias. <\/p>\n<ul> <\/ul>\n","protected":false},"excerpt":{"rendered":"<p>1 de 1&#013;Propriet\u00e1rio da \u00e1rea disse que n\u00e3o tinha autoriza\u00e7\u00e3o ambiental para a atividade. \u2014 Foto: Pol\u00edcia Ambiental Militar Propriet\u00e1rio da \u00e1rea disse que n\u00e3o tinha autoriza\u00e7\u00e3o ambiental para a atividade. \u2014 Foto: Pol\u00edcia Ambiental Militar Dois crimes ambientais foram flagrados nesta semana no Noroeste e Norte do Estado do Rio.\u00a0 Policiais da 3\u00aa Unidade [&hellip;]<\/p>\n","protected":false},"author":1,"featured_media":0,"comment_status":"closed","ping_status":"closed","sticky":false,"template":"","format":"standard","meta":{"footnotes":""},"categories":[],"tags":[],"class_list":["post-54182","post","type-post","status-publish","format-standard","hentry"],"_links":{"self":[{"href":"https:\/\/blog.corretoraideal.com.br\/index.php\/wp-json\/wp\/v2\/posts\/54182","targetHints":{"allow":["GET"]}}],"collection":[{"href":"https:\/\/blog.corretoraideal.com.br\/index.php\/wp-json\/wp\/v2\/posts"}],"about":[{"href":"https:\/\/blog.corretoraideal.com.br\/index.php\/wp-json\/wp\/v2\/types\/post"}],"author":[{"embeddable":true,"href":"https:\/\/blog.corretoraideal.com.br\/index.php\/wp-json\/wp\/v2\/users\/1"}],"replies":[{"embeddable":true,"href":"https:\/\/blog.corretoraideal.com.br\/index.php\/wp-json\/wp\/v2\/comments?post=54182"}],"version-history":[{"count":1,"href":"https:\/\/blog.corretoraideal.com.br\/index.php\/wp-json\/wp\/v2\/posts\/54182\/revisions"}],"predecessor-version":[{"id":54184,"href":"https:\/\/blog.corretoraideal.com.br\/index.php\/wp-json\/wp\/v2\/posts\/54182\/revisions\/54184"}],"wp:attachment":[{"href":"https:\/\/blog.corretoraideal.com.br\/index.php\/wp-json\/wp\/v2\/media?parent=54182"}],"wp:term":[{"taxonomy":"category","embeddable":true,"href":"https:\/\/blog.corretoraideal.com.br\/index.php\/wp-json\/wp\/v2\/categories?post=54182"},{"taxonomy":"post_tag","embeddable":true,"href":"https:\/\/blog.corretoraideal.com.br\/index.php\/wp-json\/wp\/v2\/tags?post=54182"}],"curies":[{"name":"wp","href":"https:\/\/api.w.org\/{rel}","templated":true}]}}