{"id":54200,"date":"2023-10-16T14:29:43","date_gmt":"2023-10-16T14:29:43","guid":{"rendered":"https:\/\/blog.corretoraideal.com.br\/?p=54200"},"modified":"2023-10-16T14:29:43","modified_gmt":"2023-10-16T14:29:43","slug":"homens-rendem-funcionarios-e-assaltam-mercado-em-campos-no-rj-norte-fluminense-g1","status":"publish","type":"post","link":"https:\/\/blog.corretoraideal.com.br\/index.php\/2023\/10\/16\/homens-rendem-funcionarios-e-assaltam-mercado-em-campos-no-rj-norte-fluminense-g1\/","title":{"rendered":"Homens rendem funcion\u00e1rios e assaltam mercado em Campos, no RJ | Norte Fluminense | G1"},"content":{"rendered":"<p>      1 de 1&#013;Mercado passou por per\u00edcia e caso \u00e9 investigado pela pol\u00edcia de Campos \u2014 Foto: Phelipe Soares\/g1    <\/p>\n<p> Mercado passou por per\u00edcia e caso \u00e9 investigado pela pol\u00edcia de Campos \u2014 Foto: Phelipe Soares\/g1 <\/p>\n<p> Pelo menos quatro homens renderam funcion\u00e1rios e assaltaram um mercado no subdistrito de Guarus, em <a class href=\"https:\/\/g1.globo.com\/rj\/norte-fluminense\/cidade\/campos-dos-goytacazes\/\">Campos dos Goytacazes<\/a>, no Norte Fluminense. <\/p>\n<p> Uma das v\u00edtimas foi o gerente do estabelecimento que foi abordado pelos suspeitos no momento que ia trabalhar na manh\u00e3 deste domingo (15) por volta das 6h20. <\/p>\n<p> De acordo com a Pol\u00edcia Militar, os dois homens mandaram o gerente seguir at\u00e9 o supermercado, que fica na Avenida Zuza Mota, no Parque Alvorada. <\/p>\n<p> Os funcion\u00e1rios que estavam esperando a loja ser aberta tamb\u00e9m foram rendidos. Todos foram levados para o segundo andar do estabelecimento. <\/p>\n<p> Segundo a pol\u00edcia, dois assaltantes ficaram vigiando os funcion\u00e1rios, enquanto outro foi com o gerente at\u00e9 o cofre e o outro vigiava a porta da loja. <\/p>\n<p> Os criminosos conseguiram levar entre 25 a 30 mil reais em esp\u00e9cie, segundo a pol\u00edcia. Eles tamb\u00e9m levaram celulares e o aparelho que tinha as imagens do circuito interno de seguran\u00e7a do mercado. <\/p>\n<p> Os suspeitos fugiram e tamb\u00e9m levaram o carro do gerente que foi encontrado abandonado. <\/p>\n<p> O ve\u00edculo passou por per\u00edcia e o caso \u00e9 investigado na delegacia de Guarus, a 146\u00b0 DP. <\/p>\n<ul>\n<li> <a href=\"https:\/\/g1.globo.com\/rj\/norte-fluminense\/cidade\/campos-dos-goytacazes\/\" class=\"entities__list-itemLink\" data-track-click=\"Campos dos Goytacazes\"> Campos dos Goytacazes <\/a> <\/li>\n<\/ul>\n","protected":false},"excerpt":{"rendered":"<p>1 de 1&#013;Mercado passou por per\u00edcia e caso \u00e9 investigado pela pol\u00edcia de Campos \u2014 Foto: Phelipe Soares\/g1 Mercado passou por per\u00edcia e caso \u00e9 investigado pela pol\u00edcia de Campos \u2014 Foto: Phelipe Soares\/g1 Pelo menos quatro homens renderam funcion\u00e1rios e assaltaram um mercado no subdistrito de Guarus, em Campos dos Goytacazes, no Norte Fluminense. [&hellip;]<\/p>\n","protected":false},"author":1,"featured_media":0,"comment_status":"closed","ping_status":"closed","sticky":false,"template":"","format":"standard","meta":{"footnotes":""},"categories":[],"tags":[],"class_list":["post-54200","post","type-post","status-publish","format-standard","hentry"],"_links":{"self":[{"href":"https:\/\/blog.corretoraideal.com.br\/index.php\/wp-json\/wp\/v2\/posts\/54200","targetHints":{"allow":["GET"]}}],"collection":[{"href":"https:\/\/blog.corretoraideal.com.br\/index.php\/wp-json\/wp\/v2\/posts"}],"about":[{"href":"https:\/\/blog.corretoraideal.com.br\/index.php\/wp-json\/wp\/v2\/types\/post"}],"author":[{"embeddable":true,"href":"https:\/\/blog.corretoraideal.com.br\/index.php\/wp-json\/wp\/v2\/users\/1"}],"replies":[{"embeddable":true,"href":"https:\/\/blog.corretoraideal.com.br\/index.php\/wp-json\/wp\/v2\/comments?post=54200"}],"version-history":[{"count":1,"href":"https:\/\/blog.corretoraideal.com.br\/index.php\/wp-json\/wp\/v2\/posts\/54200\/revisions"}],"predecessor-version":[{"id":54202,"href":"https:\/\/blog.corretoraideal.com.br\/index.php\/wp-json\/wp\/v2\/posts\/54200\/revisions\/54202"}],"wp:attachment":[{"href":"https:\/\/blog.corretoraideal.com.br\/index.php\/wp-json\/wp\/v2\/media?parent=54200"}],"wp:term":[{"taxonomy":"category","embeddable":true,"href":"https:\/\/blog.corretoraideal.com.br\/index.php\/wp-json\/wp\/v2\/categories?post=54200"},{"taxonomy":"post_tag","embeddable":true,"href":"https:\/\/blog.corretoraideal.com.br\/index.php\/wp-json\/wp\/v2\/tags?post=54200"}],"curies":[{"name":"wp","href":"https:\/\/api.w.org\/{rel}","templated":true}]}}