{"id":54209,"date":"2023-10-16T21:29:45","date_gmt":"2023-10-16T21:29:45","guid":{"rendered":"https:\/\/blog.corretoraideal.com.br\/?p=54209"},"modified":"2023-10-16T21:29:45","modified_gmt":"2023-10-16T21:29:45","slug":"laranjas-o-que-e-greening-e-como-proteger-sua-producao-bradesco-g1","status":"publish","type":"post","link":"https:\/\/blog.corretoraideal.com.br\/index.php\/2023\/10\/16\/laranjas-o-que-e-greening-e-como-proteger-sua-producao-bradesco-g1\/","title":{"rendered":"Laranjas: O que \u00e9 greening e como proteger sua produ\u00e7\u00e3o | Bradesco | G1"},"content":{"rendered":"<p>      1 de 1&#013;Divulga\u00e7\u00e3o    <\/p>\n<p> Divulga\u00e7\u00e3o <\/p>\n<p> O Brasil \u00e9 reconhecido pela produ\u00e7\u00e3o e exporta\u00e7\u00e3o da laranja, com destaque para o suco org\u00e2nico. Essa fruta, de propriedades ricas para os sistemas digest\u00f3rio, cardiovascular e urin\u00e1rio, fortalece a imunidade e possui efeito anti-inflamat\u00f3rio. Presente no dia a dia da popula\u00e7\u00e3o, principalmente em sucos, sobremesas ou consumo in natura, antes que se possa usufruir dos benef\u00edcios desse c\u00edtrico para a sa\u00fade, \u00e9 preciso cuidar atentamente de seu cultivo para uma produ\u00e7\u00e3o efetiva e duradoura. <\/p>\n<p> Decorrente ao decl\u00ednio recorde da safra 2022\/23 da laranja na Fl\u00f3rida, nos Estados Unidos, uma doen\u00e7a saltou aos olhos dos citricultores. A queda expressiva foi apontada pelo Departamento de Agricultura dos Estados Unidos (USDA), e sua causa tem nome: greening. Dados da Fundecitrus revelam que a incid\u00eancia desse adoecimento no Brasil cresceu em 56% de 2022 para 2023. Mas como ele acontece? Separamos dicas para voc\u00ea, produtor, conhecer o greening, se prevenir e proteger suas laranjeiras. Acompanhe. <\/p>\n<p> <strong>A causa<\/strong> <\/p>\n<p> Tamb\u00e9m chamada de huanglongbing (HLB) ou citrus greening, a doen\u00e7a \u00e9 provocada por uma bact\u00e9ria chamada Candidatus Liberibacter spp. Esse problema fitossanit\u00e1rio afeta gravemente as laranjeiras, causando a queda prematura dos frutos e reduzindo intensamente sua qualidade e, por consequ\u00eancia, sua produ\u00e7\u00e3o. Sua transmiss\u00e3o se d\u00e1 atrav\u00e9s de um vetor, o inseto sugador psil\u00eddeo Diaphorina citri, conhecido como \u201ccigarrinha\u201d. O inseto pode vir com a bact\u00e9ria de outra planta tomada pela doen\u00e7a e, ent\u00e3o, contaminar o laranjal saud\u00e1vel. Em alguns casos, tamb\u00e9m pode ocorrer por meio do enxerto de mudas infectadas. Esse mal n\u00e3o tem cura, por isso fique atento caso uma das \u00e1rvores do laranjal apresente os sintomas correspondentes. <\/p>\n<p> <strong>Como identificar o greening<\/strong> <\/p>\n<p> De propaga\u00e7\u00e3o r\u00e1pida, um dos sinais mais proeminentes do greening \u00e9 a perda da colora\u00e7\u00e3o verde das folhas. Elas se tornam amareladas, num processo conhecido como clorose, que vai se espalhando gradualmente pela \u00e1rvore. Frequentemente, esse ind\u00edcio \u00e9 acompanhado da deforma\u00e7\u00e3o nas folhas, uma apar\u00eancia marmoreada e nervuras mais grossas. Al\u00e9m disso, as \u00e1rvores afetadas tendem a perder folhas prematuramente, que enfraquecem e t\u00eam a capacidade de realizar a fotoss\u00edntese comprometida. <\/p>\n<p> Os frutos tamb\u00e9m sofrem, tornando-se pequenos, assim\u00e9tricos e de qualidade inferior. Eles apresentam cores irregulares na casca, sementes mortas por dentro e caem precocemente. Quanto ao sabor, a acidez sobe, e em paralelo, a do\u00e7ura diminui. Ramos e galhos podem encurtar e secar, enquanto as ra\u00edzes sofrem com a m\u00e1 absor\u00e7\u00e3o de \u00e1gua e nutrientes. Esse conjunto de sintomas leva ao decl\u00ednio progressivo da laranjeira, que quando n\u00e3o cuidada adequadamente, pode definhar e chegar ao fim de sua vitalidade. <\/p>\n<p> <strong>Planejamento e escolha do local de plantio<\/strong> <\/p>\n<p> Para come\u00e7ar com o p\u00e9 direito, o produtor rural que deseja cultivar laranjas precisa estudar as regi\u00f5es com hist\u00f3rico de incid\u00eancia do greening. Dessa forma, poder\u00e1 evitar as que apresentam alto \u00edndice e estabelecer sua produ\u00e7\u00e3o num ambiente saud\u00e1vel. Quando a regi\u00e3o for escolhida, ao estruturar o pomar no local, prefira \u00e1reas extensas ao inv\u00e9s das estreitas e isoladas. Isso porque um campo largo e cont\u00ednuo facilita a fitossanidade dos p\u00e9s de laranja. <\/p>\n<p> <strong>Plantio de mudas sadias e de qualidade<\/strong> <\/p>\n<p> \u00c9 essencial reduzir o per\u00edodo de exposi\u00e7\u00e3o das \u00e1rvores ao psil\u00eddeo em sua fase mais vulner\u00e1vel, que corresponde aos cinco primeiros anos ap\u00f3s o plantio. Como? Por meio de medidas como aduba\u00e7\u00e3o, irriga\u00e7\u00e3o, tratos culturais adequados e plantio de mudas sadias com pernada. Opte por mudas de viveiros certificados e cadastrados na Coordenadoria de Defesa Agropecu\u00e1ria (CDA). <\/p>\n<p> <strong>Erradica\u00e7\u00e3o das plantas com sintomas<\/strong> <\/p>\n<p> Se uma planta for contaminada, \u00e9 imprescind\u00edvel retir\u00e1-la do pomar para o sucesso do c\u00edtrico. Todas as plantas com greening devem ser eliminadas, independentemente da idade. Essa medida \u00e9 obrigat\u00f3ria por lei, vide <a class href=\"https:\/\/www.in.gov.br\/en\/web\/dou\/-\/portaria-n-317-de-21-de-maio-de-2021-321773783\" target=\"_blank\" rel=\"noopener noreferrer\">Portaria N\u00ba 317, de 21 de maio de 2021, se\u00e7\u00e3o III, inciso 1\u00ba<\/a>. A multa varia de acordo com o estado brasileiro. O ideal \u00e9 que, antes da erradica\u00e7\u00e3o, o produtor rural pulverize o pomar com bioinseticidas. <\/p>\n<p> <strong>Manejo intensificado na faixa de borda<\/strong> <\/p>\n<p> Recomenda-se que o produtor de laranjas fa\u00e7a a pulveriza\u00e7\u00e3o do cultivo com const\u00e2ncia. Para realiz\u00e1-la corretamente \u00e9 preciso rotacionar o uso de bioinseticidas de qualidade. Nesse sentido, considere dar uma aten\u00e7\u00e3o especial aos primeiros 100 ou 200 metros da divisa da propriedade, \u00e1rea conhecida como faixa de borda. L\u00e1 est\u00e3o cerca de 80% dos psil\u00eddios. Para evit\u00e1-los, aposte num plantio adensado e controle mais rigoroso nessa extens\u00e3o. Caso a elimina\u00e7\u00e3o de plantas doentes tenha ocorrido h\u00e1 pouco tempo, fa\u00e7a o replantio frequente. <\/p>\n<p> <strong>Manejo regional e alerta fitossanit\u00e1rio<\/strong> <\/p>\n<p> Caso a produ\u00e7\u00e3o tenha s\u00edtios vizinhos, uma pr\u00e1tica importante \u00e9 verificar o manejo sanit\u00e1rio dos arredores e promover a\u00e7\u00f5es coletivas para controlar o psil\u00eddeo. Assim, o combate funcionar\u00e1 simultaneamente e em larga escala. Isso aumentar\u00e1 a seguran\u00e7a e a sa\u00fade das laranjeiras e demais cultivos da mesma regi\u00e3o. <\/p>\n<p> <strong>Bradesco Agro: Entre n\u00f3s, voc\u00ea vem primeiro<\/strong> <\/p>\n<p> Seja o seu objetivo a citricultura ou outra produ\u00e7\u00e3o agropecu\u00e1ria, o Bradesco pode te ajudar. O Cr\u00e9dito Rural do Bradesco* \u00e9 voltado \u00e0s necessidades do produtor rural, seja ele pequeno, m\u00e9dio ou grande. Por meio desse empr\u00e9stimo, o produtor encontra condi\u00e7\u00f5es especiais para cobrir despesas da produ\u00e7\u00e3o, investir e impulsionar a comercializa\u00e7\u00e3o e industrializa\u00e7\u00e3o de seus produtos. Contemplando a disposi\u00e7\u00e3o de profissionais altamente especializados no setor, o Cr\u00e9dito Rural busca proporcionar a melhor experi\u00eancia para quem \u00e9 do campo. S\u00e3o mais de 800 pontos de atendimento e 14 plataformas para se consultar com um time de experts em agronomia, que orientam desde o plantio \u00e0 colheita. Basta solicitar. <\/p>\n<p> O Bradesco \u00e9 uma das principais institui\u00e7\u00f5es entre os bancos privados na concess\u00e3o de cr\u00e9dito rural. Colocando o produtor sempre como prioridade, financia at\u00e9 100% do or\u00e7amento. E o melhor, com a comodidade de at\u00e9 tr\u00eas anos para pagar. Tudo pensado para facilitar o caminho de quem quer crescer no agroneg\u00f3cio. <\/p>\n<p> Deseja contratar? Fale com um dos gerentes. <a class href=\"https:\/\/www.bradescoagronegocio.com.br\/html\/rural\/produtos-servicos\/credito-rural.shtm\" target=\"_blank\" rel=\"noopener noreferrer\">Saiba mais<\/a>. <\/p>\n<p> *Sujeito a an\u00e1lise de cr\u00e9dito e demais condi\u00e7\u00f5es do produto. <\/p>\n<p>   <a href=\"https:\/\/banco.bradesco\/lollabr\/\" target=\"_blank\" rel=\"noopener noreferrer\"> <img loading=\"lazy\" decoding=\"async\" class=\"aligncenter size-full wp-image-54211\" src=\"https:\/\/blog.corretoraideal.com.br\/wp-content\/uploads\/2023\/10\/bradesco.jpeg\" alt=\"Bradesco\" width=\"800\" height=\"400\" \/> <\/a>  conte\u00fado de responsabilidade do anunciante    <\/p>\n<ul> <\/ul>\n","protected":false},"excerpt":{"rendered":"<p>1 de 1&#013;Divulga\u00e7\u00e3o Divulga\u00e7\u00e3o O Brasil \u00e9 reconhecido pela produ\u00e7\u00e3o e exporta\u00e7\u00e3o da laranja, com destaque para o suco org\u00e2nico. Essa fruta, de propriedades ricas para os sistemas digest\u00f3rio, cardiovascular e urin\u00e1rio, fortalece a imunidade e possui efeito anti-inflamat\u00f3rio. Presente no dia a dia da popula\u00e7\u00e3o, principalmente em sucos, sobremesas ou consumo in natura, antes [&hellip;]<\/p>\n","protected":false},"author":1,"featured_media":0,"comment_status":"closed","ping_status":"closed","sticky":false,"template":"","format":"standard","meta":{"footnotes":""},"categories":[],"tags":[],"class_list":["post-54209","post","type-post","status-publish","format-standard","hentry"],"_links":{"self":[{"href":"https:\/\/blog.corretoraideal.com.br\/index.php\/wp-json\/wp\/v2\/posts\/54209","targetHints":{"allow":["GET"]}}],"collection":[{"href":"https:\/\/blog.corretoraideal.com.br\/index.php\/wp-json\/wp\/v2\/posts"}],"about":[{"href":"https:\/\/blog.corretoraideal.com.br\/index.php\/wp-json\/wp\/v2\/types\/post"}],"author":[{"embeddable":true,"href":"https:\/\/blog.corretoraideal.com.br\/index.php\/wp-json\/wp\/v2\/users\/1"}],"replies":[{"embeddable":true,"href":"https:\/\/blog.corretoraideal.com.br\/index.php\/wp-json\/wp\/v2\/comments?post=54209"}],"version-history":[{"count":1,"href":"https:\/\/blog.corretoraideal.com.br\/index.php\/wp-json\/wp\/v2\/posts\/54209\/revisions"}],"predecessor-version":[{"id":54212,"href":"https:\/\/blog.corretoraideal.com.br\/index.php\/wp-json\/wp\/v2\/posts\/54209\/revisions\/54212"}],"wp:attachment":[{"href":"https:\/\/blog.corretoraideal.com.br\/index.php\/wp-json\/wp\/v2\/media?parent=54209"}],"wp:term":[{"taxonomy":"category","embeddable":true,"href":"https:\/\/blog.corretoraideal.com.br\/index.php\/wp-json\/wp\/v2\/categories?post=54209"},{"taxonomy":"post_tag","embeddable":true,"href":"https:\/\/blog.corretoraideal.com.br\/index.php\/wp-json\/wp\/v2\/tags?post=54209"}],"curies":[{"name":"wp","href":"https:\/\/api.w.org\/{rel}","templated":true}]}}