{"id":54213,"date":"2023-10-17T00:29:38","date_gmt":"2023-10-17T00:29:38","guid":{"rendered":"https:\/\/blog.corretoraideal.com.br\/?p=54213"},"modified":"2023-10-17T00:29:38","modified_gmt":"2023-10-17T00:29:38","slug":"prefeitura-de-itaperuna-rj-desmente-boato-de-que-coleta-de-lixo-estava-suspensa-norte-fluminense-g1","status":"publish","type":"post","link":"https:\/\/blog.corretoraideal.com.br\/index.php\/2023\/10\/17\/prefeitura-de-itaperuna-rj-desmente-boato-de-que-coleta-de-lixo-estava-suspensa-norte-fluminense-g1\/","title":{"rendered":"Prefeitura de Itaperuna, RJ, desmente boato de que coleta de lixo estava suspensa | Norte Fluminense | G1"},"content":{"rendered":"<p>      1 de 1&#013;Coleta de lixo segue normalmente em Itaperuna depois de boatas de suspens\u00e3o \u2014 Foto: Prefeitura de Itaperuna\/Divulga\u00e7\u00e3o    <\/p>\n<p> Coleta de lixo segue normalmente em Itaperuna depois de boatas de suspens\u00e3o \u2014 Foto: Prefeitura de Itaperuna\/Divulga\u00e7\u00e3o <\/p>\n<p> A prefeitura de <a class href=\"https:\/\/g1.globo.com\/rj\/norte-fluminense\/cidade\/itaperuna\/\">Itaperuna<\/a>, no Noroeste Fluminense, desmentiu nesta segunda-feira (16) os boatos que circulavam nas redes sociais apontando a suspens\u00e3o do servi\u00e7o de coleta de lixo na cidade. <\/p>\n<p> O munic\u00edpio publicou uma nota nas redes sociais informando que a not\u00edcia era falsa e que a coleta de lixo seguia normalmente. <\/p>\n<p> &quot;A empresa PLURAL SERVI\u00c7OS TECNICOS LTDA, vem informar a todos os mun\u00edcipes que residem na cidade de Itaperuna que foram publicadas not\u00edcias falsas em massa em grupos de WhatsApp que a coleta de lixo n\u00e3o ser\u00e1 realizada a partir do dia 17\/10\/2023. Informamos que essa informa\u00e7\u00e3o \u00e9 \u201cfalsa\u201d, portanto a coleta segue normalmente como sempre foi , zelando pela qualidade e excel\u00eancia no servi\u00e7o prestado&quot;, dizia a nota. <\/p>\n<p><h2>Nova rota <\/h2>\n<\/p>\n<p> A Prefeitura Municipal de Itaperuna criou nova rota e cronograma para o servi\u00e7o de coleta seletiva de res\u00edduos s\u00f3lidos urbanos no munic\u00edpio. <\/p>\n<p> Organizado pela Secretaria do Meio Ambiente, o servi\u00e7o \u00e9 executado pela empresa de limpeza urbana com caminh\u00e3o-ca\u00e7amba para atender a todas as rotas no munic\u00edpio, de segunda a domingo. <\/p>\n<p><h2>Cronograma<\/h2>\n<\/p>\n<p> <strong>Domingo de manh\u00e3:<\/strong> <\/p>\n<ul>\n<li>Bairros: Centro, Fiteiro, Niter\u00f3i, Carulas, Vinhosa e S\u00e3o Mateus. <\/li>\n<li>Distrito Raposo (toda a parte central de Raposo e hot\u00e9is).<\/li>\n<\/ul>\n<p> <strong>Segunda, quarta e sexta-feira: <\/strong> <\/p>\n<ul>\n<li>Bairros parte da manh\u00e3: Centro, Dom Alberto Carlos, Cai\u00e7ara, Aeroporto, Padre Humberto Lindelauf, Boa Vista, Boa Fortuna, Bom Pastor, Ministro S\u00e1 Tinoco, Centro parte alta, Guarit\u00e1, Vinhosa, Colibri e Jardim Primavera. <\/li>\n<li>Distritos parte da manh\u00e3: Retiro do Muria\u00e9 (todas as ruas).<\/li>\n<li>Bairros parte da tarde: Centro, Vinhosa, S\u00e3o Mateus e Cidade Nova. <\/li>\n<li>Bairros parte da noite: Centro, Fiteiro, Niter\u00f3i, Carulas e S\u00e3o Mateus.<\/li>\n<li>Zona rural parte da tarde: Feij\u00e3o Queimado (toda segunda-feira). <\/li>\n<li>Boa Ventura, Penha e Ar\u00e9 &#8211; (Boa Ventura, C\u00f3rrego da Chica e Ar\u00e9: segunda, quarta e sexta \/ S\u00e3o Jos\u00e9 do Patrim\u00f4nio: toda segunda \/ C\u00f3rrego Seco: toda quarta \/ Nossa Senhora da Penha: toda sexta).<\/li>\n<li>Raposo (toda a parte central de Raposo, morros do lado direito e hot\u00e9is).<\/li>\n<li>Ven\u00e2ncio (todas as ruas). <\/li>\n<\/ul>\n<p> <strong>Ter\u00e7a, quinta e s\u00e1bado:<\/strong> <\/p>\n<ul>\n<li>Bairros pate da manh\u00e3: Centro, Cidade Nova, Lions, Cehab, Fiteiro, Niter\u00f3i, Granja, Granja Fiteiro, S\u00e3o Francisco, Carulas, Capelinha, Frigor\u00edfico, Aeroporto, Ava\u00ed e S\u00e3o Manoel.<\/li>\n<li>Distrito parte da manh\u00e3: Itajara (toda quinta-feira).<\/li>\n<li>Raposo: (toda a parte central de Raposo, morros do lado direito e hot\u00e9is).<\/li>\n<li>Ven\u00e2ncio: (todas as ruas do distrito de Comendador Ven\u00e2ncio). <\/li>\n<li>Bairros parte da tarde: Costa e Silva, Jo\u00e3o Bedim e Surubi.<\/li>\n<li>Bairros parte da noite: Centro, Cidade Nova, Fiteiro, Niter\u00f3i, Carulas, Vinhosa e S\u00e3o Mateus.<\/li>\n<\/ul>\n<ul>\n<li> <a href=\"https:\/\/g1.globo.com\/rj\/norte-fluminense\/cidade\/itaperuna\/\" class=\"entities__list-itemLink\" data-track-click=\"Itaperuna\"> Itaperuna <\/a> <\/li>\n<\/ul>\n","protected":false},"excerpt":{"rendered":"<p>1 de 1&#013;Coleta de lixo segue normalmente em Itaperuna depois de boatas de suspens\u00e3o \u2014 Foto: Prefeitura de Itaperuna\/Divulga\u00e7\u00e3o Coleta de lixo segue normalmente em Itaperuna depois de boatas de suspens\u00e3o \u2014 Foto: Prefeitura de Itaperuna\/Divulga\u00e7\u00e3o A prefeitura de Itaperuna, no Noroeste Fluminense, desmentiu nesta segunda-feira (16) os boatos que circulavam nas redes sociais apontando [&hellip;]<\/p>\n","protected":false},"author":1,"featured_media":0,"comment_status":"closed","ping_status":"closed","sticky":false,"template":"","format":"standard","meta":{"footnotes":""},"categories":[],"tags":[],"class_list":["post-54213","post","type-post","status-publish","format-standard","hentry"],"_links":{"self":[{"href":"https:\/\/blog.corretoraideal.com.br\/index.php\/wp-json\/wp\/v2\/posts\/54213","targetHints":{"allow":["GET"]}}],"collection":[{"href":"https:\/\/blog.corretoraideal.com.br\/index.php\/wp-json\/wp\/v2\/posts"}],"about":[{"href":"https:\/\/blog.corretoraideal.com.br\/index.php\/wp-json\/wp\/v2\/types\/post"}],"author":[{"embeddable":true,"href":"https:\/\/blog.corretoraideal.com.br\/index.php\/wp-json\/wp\/v2\/users\/1"}],"replies":[{"embeddable":true,"href":"https:\/\/blog.corretoraideal.com.br\/index.php\/wp-json\/wp\/v2\/comments?post=54213"}],"version-history":[{"count":1,"href":"https:\/\/blog.corretoraideal.com.br\/index.php\/wp-json\/wp\/v2\/posts\/54213\/revisions"}],"predecessor-version":[{"id":54215,"href":"https:\/\/blog.corretoraideal.com.br\/index.php\/wp-json\/wp\/v2\/posts\/54213\/revisions\/54215"}],"wp:attachment":[{"href":"https:\/\/blog.corretoraideal.com.br\/index.php\/wp-json\/wp\/v2\/media?parent=54213"}],"wp:term":[{"taxonomy":"category","embeddable":true,"href":"https:\/\/blog.corretoraideal.com.br\/index.php\/wp-json\/wp\/v2\/categories?post=54213"},{"taxonomy":"post_tag","embeddable":true,"href":"https:\/\/blog.corretoraideal.com.br\/index.php\/wp-json\/wp\/v2\/tags?post=54213"}],"curies":[{"name":"wp","href":"https:\/\/api.w.org\/{rel}","templated":true}]}}