{"id":54216,"date":"2023-10-17T02:29:36","date_gmt":"2023-10-17T02:29:36","guid":{"rendered":"https:\/\/blog.corretoraideal.com.br\/?p=54216"},"modified":"2023-10-17T02:29:36","modified_gmt":"2023-10-17T02:29:36","slug":"dolar-recua-e-fecha-no-menor-nivel-do-mes-com-maior-apetite-por-risco-no-exterior-ibovespa-sobe-economia-g1","status":"publish","type":"post","link":"https:\/\/blog.corretoraideal.com.br\/index.php\/2023\/10\/17\/dolar-recua-e-fecha-no-menor-nivel-do-mes-com-maior-apetite-por-risco-no-exterior-ibovespa-sobe-economia-g1\/","title":{"rendered":"D\u00f3lar recua e fecha no menor n\u00edvel do m\u00eas, com maior apetite por risco no exterior; Ibovespa sobe | Economia | G1"},"content":{"rendered":"<p>      1 de 1&#013;C\u00e9dulas de d\u00f3lar \u2014 Foto: bearfotos\/Freepik    <\/p>\n<p> C\u00e9dulas de d\u00f3lar \u2014 Foto: bearfotos\/Freepik <\/p>\n<p> O d\u00f3lar fechou em queda nesta segunda-feira (16), refletindo o recente salto nos pre\u00e7os das commodities em meio \u00e0s tens\u00f5es no Oriente M\u00e9dio e acompanhando um movimento global de maior apetite por risco. O <a class href=\"https:\/\/g1.globo.com\/tudo-sobre\/ibovespa\/\">Ibovespa<\/a>, principal \u00edndice acion\u00e1rio da bolsa de valores brasileira, a <a class href=\"https:\/\/g1.globo.com\/tudo-sobre\/bmf-bovespa\/\">B3<\/a>, fechou em alta. <\/p>\n<p> O cen\u00e1rio tamb\u00e9m vinha na esteira das novas proje\u00e7\u00f5es para a infla\u00e7\u00e3o trazidas pela mais recente edi\u00e7\u00e3o do Boletim Focus. <\/p>\n<p> O relat\u00f3rio do Banco Central do Brasil (BC), que re\u00fane proje\u00e7\u00f5es de economistas do mercado financeiro para os principais indicadores econ\u00f4micos do pa\u00eds, <a class href=\"https:\/\/g1.globo.com\/economia\/noticia\/2023\/10\/16\/mercado-financeiro-reduz-estimativa-de-inflacao-para-2023-que-passa-a-ficar-dentro-da-meta.ghtml\">indicou pela primeira vez que o \u00edndice de pre\u00e7os deve encerrar o ano de 2023 dentro da meta nacional.<\/a> <\/p>\n<p> Investidores ainda seguiram de olho em novas sinaliza\u00e7\u00f5es sobre o rumo das taxas de juros nos <a class href=\"https:\/\/g1.globo.com\/tudo-sobre\/estados-unidos\/\">Estados Unidos<\/a> e no Brasil e monitoraram os desdobramentos da guerra entre <a class href=\"https:\/\/g1.globo.com\/tudo-sobre\/israel\/\">Israel<\/a> e Hamas. <\/p>\n<p> <strong>Veja abaixo o dia nos mercados.<\/strong> <\/p>\n<p><h2>D\u00f3lar<\/h2>\n<\/p>\n<p> Ao final da sess\u00e3o, o d\u00f3lar recuou 1,02%, cotado a R$ 5,0367. Na m\u00ednima do dia, atingiu os R$ 5,0337. <a class href=\"https:\/\/valor.globo.com\/valor-data\/\">Veja mais cota\u00e7\u00f5es.<\/a> <\/p>\n<p> Na \u00faltima sexta-feira, a moeda norte-americana fechou o dia com alta de 0,78%, vendida a R$ 5,0885. Com o resultado de hoje, a moeda passou a acumular:  <\/p>\n<ul>\n<li><strong>queda de 1,02% na semana; <\/strong><\/li>\n<li><strong>alta de 0,20% no m\u00eas;<\/strong><\/li>\n<li><strong>recuo de 4,57% no ano.<\/strong><\/li>\n<\/ul>\n<p><h2><a class href=\"https:\/\/g1.globo.com\/tudo-sobre\/ibovespa\/\">Ibovespa<\/a><\/h2>\n<\/p>\n<p> J\u00e1 o <a class href=\"https:\/\/g1.globo.com\/tudo-sobre\/ibovespa\/\">Ibovespa<\/a>, principal \u00edndice acion\u00e1rio da <a class href=\"https:\/\/g1.globo.com\/tudo-sobre\/bmf-bovespa\/\">B3<\/a>, fechou em alta de 0,67%, aos 116.534 pontos. <\/p>\n<p> Na \u00faltima sexta-feira, o \u00edndice fechou com queda de 1,11%, aos 115.754 pontos. Com o resultado de hoje, passou a acumular: <\/p>\n<ul>\n<li><strong>alta de 0,67% na semana;<\/strong><\/li>\n<li><strong>queda de 0,03% no m\u00eas;<\/strong><\/li>\n<li><strong>ganhos de 6,20% no ano.<\/strong><\/li>\n<\/ul>\n<p> <strong>LEIA TAMB\u00c9M<\/strong> <\/p>\n<ul>\n<li><strong>DINHEIRO OU CART\u00c3O? <\/strong><a class href=\"https:\/\/g1.globo.com\/economia\/noticia\/2022\/03\/26\/dinheiro-ou-cartao-qual-a-melhor-forma-de-levar-dolares-em-viagens.ghtml\">Qual a melhor forma de levar d\u00f3lares em viagens?<\/a><\/li>\n<li><strong>D\u00d3LAR: <\/strong><a class href=\"https:\/\/g1.globo.com\/economia\/noticia\/2022\/04\/05\/dolar-qual-o-melhor-momento-para-comprar.ghtml\">Qual o melhor momento para comprar a moeda? <\/a><\/li>\n<\/ul>\n<p><h2>O que est\u00e1 mexendo com os mercados?<\/h2>\n<\/p>\n<p> Sem grandes novidades na agenda dom\u00e9stica, o destaque do dia ficou com a \u00faltima edi\u00e7\u00e3o do Relat\u00f3rio Focus, do Banco Central (BC). <\/p>\n<p> O relat\u00f3rio trouxe novas proje\u00e7\u00f5es para a infla\u00e7\u00e3o, apontando que o indicador deve encerrar 2023 em 4,75% no teto da meta do governo. O recuo das previs\u00f5es vem depois de, na semana passada, dados do Instituto Brasileiro de Geografia e Estat\u00edstica (<a class href=\"https:\/\/g1.globo.com\/tudo-sobre\/ibge\/\">IBGE<\/a>) revelarem que o \u00cdndice de Pre\u00e7os ao Consumidor Amplo (IPCA) foi menor que o esperado em setembro, com uma alta mensal de 0,26%. <\/p>\n<p> J\u00e1 para 2024, a estimativa de infla\u00e7\u00e3o ficou est\u00e1vel em 3,88%. No pr\u00f3ximo ano, a meta de infla\u00e7\u00e3o \u00e9 de 3% e ser\u00e1 considerada cumprida se oscilar entre 1,5% e 4,5%. <\/p>\n<p> Uma infla\u00e7\u00e3o controlada \u00e9 ben\u00e9fica para a economia porque, entre outros motivos, permite que o BC reduza a Selic, taxa b\u00e1sica de juros. Atualmente, a taxa est\u00e1 em 12,75% ao ano, ap\u00f3s dois cortes consecutivos de 0,50 ponto percentual promovidos pela institui\u00e7\u00e3o. <\/p>\n<p> Nessa linha, outro ponto de aten\u00e7\u00e3o por aqui ficou com as falas recentes do diretor de relacionamento, cidadania e supervis\u00e3o de conduta do BC, Maur\u00edcio Moura. <\/p>\n<p> Ele afirmou nesta segunda-feira que a institui\u00e7\u00e3o continuar\u00e1 a reduzir a Selic enquanto achar que h\u00e1 espa\u00e7o e refor\u00e7ou que a sinaliza\u00e7\u00e3o mais recente \u00e9 de corte de 0,50 ponto percentual nos pr\u00f3ximos encontros de pol\u00edtica monet\u00e1ria. <\/p>\n<p> J\u00e1 no exterior, investidores seguiram em compasso de espera pela divulga\u00e7\u00e3o de novos dados econ\u00f4micos e resultados corporativos previstos para esta semana. <\/p>\n<p> Al\u00e9m disso, um discurso do presidente do Federal Reserve (<a class href=\"https:\/\/g1.globo.com\/tudo-sobre\/fed\/\">Fed<\/a>, o banco central dos <a class href=\"https:\/\/g1.globo.com\/tudo-sobre\/estados-unidos\/\">Estados Unidos<\/a>), Jerome Powell, previsto para os pr\u00f3ximos dias tamb\u00e9m fica no radar. A expectativa \u00e9 que o banqueiro central d\u00ea novas sinaliza\u00e7\u00f5es sobre os pr\u00f3ximos passos da pol\u00edtica monet\u00e1ria norte-americana. Atualmente, as taxas b\u00e1sica de juros do pa\u00eds est\u00e3o entre 5,25% e 5,50% ao ano. <\/p>\n<p> Por fim, as aten\u00e7\u00f5es continuam voltadas \u00e0 guerra entre <a class href=\"https:\/\/g1.globo.com\/tudo-sobre\/israel\/\">Israel<\/a> e Hamas. O conflito no Oriente M\u00e9dio entrou em seu 10\u00ba dia nesta segunda-feira, com milhares de mortos e feridos e uma grande corrida diplom\u00e1tica de outros pa\u00edses e autoridades, que tentam evitar que a guerra escale para outros locais da regi\u00e3o. <\/p>\n<p> A principal preocupa\u00e7\u00e3o econ\u00f4mica com o confronto \u00e9 em rela\u00e7\u00e3o ao petr\u00f3leo, tendo em vista que a regi\u00e3o do Oriente M\u00e9dio \u00e9 uma importante produtora e exportadora da commodity. <\/p>\n<ul>\n<li> <a href=\"https:\/\/g1.globo.com\/tudo-sobre\/bmf-bovespa\/\" class=\"entities__list-itemLink\" data-track-click=\"B3\"> B3 <\/a> <\/li>\n<li> <a href=\"https:\/\/g1.globo.com\/tudo-sobre\/estados-unidos\/\" class=\"entities__list-itemLink\" data-track-click=\"Estados Unidos\"> Estados Unidos <\/a> <\/li>\n<li> <a href=\"https:\/\/g1.globo.com\/tudo-sobre\/fed\/\" class=\"entities__list-itemLink\" data-track-click=\"FED\"> FED <\/a> <\/li>\n<li> <a href=\"https:\/\/g1.globo.com\/tudo-sobre\/fatah\/\" class=\"entities__list-itemLink\" data-track-click=\"Fatah\"> Fatah <\/a> <\/li>\n<li> <a href=\"https:\/\/g1.globo.com\/tudo-sobre\/ibge\/\" class=\"entities__list-itemLink\" data-track-click=\"IBGE\"> IBGE <\/a> <\/li>\n<li> <a href=\"https:\/\/g1.globo.com\/tudo-sobre\/ibovespa\/\" class=\"entities__list-itemLink\" data-track-click=\"Ibovespa\"> Ibovespa <\/a> <\/li>\n<li> <a href=\"https:\/\/g1.globo.com\/tudo-sobre\/israel\/\" class=\"entities__list-itemLink\" data-track-click=\"Israel\"> Israel <\/a> <\/li>\n<\/ul>\n","protected":false},"excerpt":{"rendered":"<p>1 de 1&#013;C\u00e9dulas de d\u00f3lar \u2014 Foto: bearfotos\/Freepik C\u00e9dulas de d\u00f3lar \u2014 Foto: bearfotos\/Freepik O d\u00f3lar fechou em queda nesta segunda-feira (16), refletindo o recente salto nos pre\u00e7os das commodities em meio \u00e0s tens\u00f5es no Oriente M\u00e9dio e acompanhando um movimento global de maior apetite por risco. O Ibovespa, principal \u00edndice acion\u00e1rio da bolsa de [&hellip;]<\/p>\n","protected":false},"author":1,"featured_media":0,"comment_status":"closed","ping_status":"closed","sticky":false,"template":"","format":"standard","meta":{"footnotes":""},"categories":[],"tags":[],"class_list":["post-54216","post","type-post","status-publish","format-standard","hentry"],"_links":{"self":[{"href":"https:\/\/blog.corretoraideal.com.br\/index.php\/wp-json\/wp\/v2\/posts\/54216","targetHints":{"allow":["GET"]}}],"collection":[{"href":"https:\/\/blog.corretoraideal.com.br\/index.php\/wp-json\/wp\/v2\/posts"}],"about":[{"href":"https:\/\/blog.corretoraideal.com.br\/index.php\/wp-json\/wp\/v2\/types\/post"}],"author":[{"embeddable":true,"href":"https:\/\/blog.corretoraideal.com.br\/index.php\/wp-json\/wp\/v2\/users\/1"}],"replies":[{"embeddable":true,"href":"https:\/\/blog.corretoraideal.com.br\/index.php\/wp-json\/wp\/v2\/comments?post=54216"}],"version-history":[{"count":1,"href":"https:\/\/blog.corretoraideal.com.br\/index.php\/wp-json\/wp\/v2\/posts\/54216\/revisions"}],"predecessor-version":[{"id":54218,"href":"https:\/\/blog.corretoraideal.com.br\/index.php\/wp-json\/wp\/v2\/posts\/54216\/revisions\/54218"}],"wp:attachment":[{"href":"https:\/\/blog.corretoraideal.com.br\/index.php\/wp-json\/wp\/v2\/media?parent=54216"}],"wp:term":[{"taxonomy":"category","embeddable":true,"href":"https:\/\/blog.corretoraideal.com.br\/index.php\/wp-json\/wp\/v2\/categories?post=54216"},{"taxonomy":"post_tag","embeddable":true,"href":"https:\/\/blog.corretoraideal.com.br\/index.php\/wp-json\/wp\/v2\/tags?post=54216"}],"curies":[{"name":"wp","href":"https:\/\/api.w.org\/{rel}","templated":true}]}}