{"id":54219,"date":"2023-10-17T03:29:36","date_gmt":"2023-10-17T03:29:36","guid":{"rendered":"https:\/\/blog.corretoraideal.com.br\/?p=54219"},"modified":"2023-10-17T03:29:36","modified_gmt":"2023-10-17T03:29:36","slug":"justica-de-sp-revoga-multa-de-r100-milhoes-a-apple-por-vender-celulares-sem-carregadores-tecnologia-g1","status":"publish","type":"post","link":"https:\/\/blog.corretoraideal.com.br\/index.php\/2023\/10\/17\/justica-de-sp-revoga-multa-de-r100-milhoes-a-apple-por-vender-celulares-sem-carregadores-tecnologia-g1\/","title":{"rendered":"Justi\u00e7a de SP revoga multa de R$100 milh\u00f5es \u00e0 Apple por vender celulares sem carregadores | Tecnologia | G1"},"content":{"rendered":"<p>      1 de 1&#013;Apple \u00e9 condenada por fornecer iPhone sem carregador e fone de ouvido para consumidor de An\u00e1polis \u2014 Foto: Thiago Lavado\/g1    <\/p>\n<p> Apple \u00e9 condenada por fornecer iPhone sem carregador e fone de ouvido para consumidor de An\u00e1polis \u2014 Foto: Thiago Lavado\/g1 <\/p>\n<p> O Tribunal de Justi\u00e7a de S\u00e3o Paulo <strong>revogou no dia 9 de outubro a multa de R$100 milh\u00f5es que foi aplicada \u00e0 <\/strong><a class href=\"https:\/\/g1.globo.com\/tudo-sobre\/apple\/\"><strong>Apple<\/strong><\/a><strong> por vender iPhones sem carregadores.<\/strong> <\/p>\n<p> Em 2022, a empresa tinha sido <a class href=\"https:\/\/g1.globo.com\/sp\/sao-paulo\/noticia\/2022\/10\/13\/justica-de-sp-condena-apple-em-r-100-milhoes-e-obriga-empresa-a-vender-celulares-com-carregadores.ghtml\">condenada em primeira inst\u00e2ncia a pagar os valores e disponibilizar os carregadores<\/a> para todos os consumidores que haviam comprado os celulares da marca. <\/p>\n<p> A 34\u00aa C\u00e2mara de Direito Privado do TJ-SP aceitou o recurso da empresa de tecnologia por entender que a entidade que entrou com a a\u00e7\u00e3o, a Associa\u00e7\u00e3o Brasileira dos Mutu\u00e1rios e Consumidores, <strong>n\u00e3o tem legitimidade para isso. <\/strong> <\/p>\n<p> O tribunal tamb\u00e9m destacou que j\u00e1 existe uma a\u00e7\u00e3o tramitando na Justi\u00e7a do Rio de Janeiro que discute o mesmo assunto e, como ela foi tramitada antes, tem prefer\u00eancia. <strong>Essa a\u00e7\u00e3o ainda n\u00e3o teve decis\u00e3o.<\/strong> <\/p>\n<p> Em setembro de 2023 a Apple enviou uma proposta para a Secretaria Nacional do Consumidor (Senacon) para formalizar um Termo de Ajustamento de Conduta (TAC). <\/p>\n<p> H\u00e1 um ano, a Senacon havia entrado com um processo contra a empresa pela venda dos celulares iPhone sem o carregadores de tomadas. <\/p>\n<p> O \u00f3rg\u00e3o determinou a suspens\u00e3o da venda de todos os modelos da linha iPhone sem o acess\u00f3rio e aplicou uma multa de mais de R$ 12,2 milh\u00f5es \u00e0 Apple. <\/p>\n<p> <strong>No entanto, com a negocia\u00e7\u00e3o do TAC, as san\u00e7\u00f5es foram suspensas.<\/strong> <\/p>\n<p><h2>Leia tamb\u00e9m<\/h2>\n<\/p>\n<ul>\n<li><a class href=\"https:\/\/g1.globo.com\/tecnologia\/noticia\/2023\/10\/11\/whatsapp-clonado-o-que-fazer-se-for-vitima-e-como-prevenir-golpes.ghtml\"> O que fazer se for v\u00edtima de golpe no WhatsApp<\/a><\/li>\n<li><a class href=\"https:\/\/g1.globo.com\/tecnologia\/noticia\/2023\/10\/06\/numeros-estrangeiros-no-whatsapp-inundam-brasileiros-com-mensagens-veja-como-denunciar.ghtml\">N\u00fameros estrangeiros no WhatsApp; veja como denunciar<\/a><\/li>\n<\/ul>\n<p><h2>Apple deixou de vender os carregador em 2020<\/h2>\n<\/p>\n<p> A <a class href=\"https:\/\/g1.globo.com\/economia\/tecnologia\/noticia\/2020\/10\/13\/apple-anuncia-iphone-12-conheca-os-detalhes.ghtml\">empresa deixou de incluir o adaptador de tomada em todos os seus celulares em outubro de 2020<\/a>, ap\u00f3s anunciar os novos iPhone 12, afirmando que a decis\u00e3o faz parte de &quot;seus objetivos ambientais&quot;. <\/p>\n<p> Em nota enviada ao <a class href=\"https:\/\/g1.globo.com\/\">g1<\/a> no in\u00edcio de setembro de 2022, a Apple afirmou que a medida foi tomada para reduzir emiss\u00f5es de carbono. <\/p>\n<p> &quot;Na Apple, consideramos nosso impacto nas pessoas e no planeta em tudo o que fazemos. Adaptadores de energia representaram nosso maior uso de zinco e pl\u00e1stico e elimin\u00e1-los da caixa ajudou a reduzir mais de 2 milh\u00f5es de toneladas m\u00e9tricas de emiss\u00f5es de carbono &#8211; o equivalente a remover 500.000 carros da estrada por ano. Existem bilh\u00f5es de adaptadores de energia USB-A j\u00e1 em uso em todo o mundo que nossos clientes podem usar para carregar e conectar seus dispositivos. J\u00e1 ganhamos v\u00e1rias decis\u00f5es judiciais no Brasil sobre esse assunto e estamos confiantes de que nossos clientes est\u00e3o cientes das v\u00e1rias op\u00e7\u00f5es para carregar e conectar seus dispositivos.\u201d <\/p>\n<p><h2>Sal\u00e1rio de R$38 mil? Conhe\u00e7a profiss\u00e3o que est\u00e1 em alta<\/h2>\n<\/p>\n<p>                   <img loading=\"lazy\" decoding=\"async\" class=\"aligncenter size-full wp-image-54221\" src=\"https:\/\/blog.corretoraideal.com.br\/wp-content\/uploads\/2023\/10\/seguranca-da-informacao-em-alta-veja-como-entrar-no-setor.jpeg\" alt=\"Seguran\u00e7a da informa\u00e7\u00e3o em alta: veja como entrar no setor\" width=\"800\" height=\"400\" \/>      <\/p>\n<p> Seguran\u00e7a da informa\u00e7\u00e3o em alta: veja como entrar no setor <\/p>\n<p><h2>Aprenda a transformar \u00e1udio em texto<\/h2>\n<\/p>\n<p>                   <img loading=\"lazy\" decoding=\"async\" class=\"aligncenter size-full wp-image-54222\" src=\"https:\/\/blog.corretoraideal.com.br\/wp-content\/uploads\/2023\/10\/como-transformar-uma-foto-em-arquivo-de-texto-no-android-e-no-iphone-2.jpeg\" alt=\"Como transformar uma foto em arquivo de texto no Android e no iPhone\" width=\"800\" height=\"400\" \/>      <\/p>\n<p> Como transformar uma foto em arquivo de texto no Android e no iPhone <\/p>\n<ul>\n<li> <a href=\"https:\/\/g1.globo.com\/tudo-sobre\/apple\/\" class=\"entities__list-itemLink\" data-track-click=\"Apple\"> Apple <\/a> <\/li>\n<\/ul>\n","protected":false},"excerpt":{"rendered":"<p>1 de 1&#013;Apple \u00e9 condenada por fornecer iPhone sem carregador e fone de ouvido para consumidor de An\u00e1polis \u2014 Foto: Thiago Lavado\/g1 Apple \u00e9 condenada por fornecer iPhone sem carregador e fone de ouvido para consumidor de An\u00e1polis \u2014 Foto: Thiago Lavado\/g1 O Tribunal de Justi\u00e7a de S\u00e3o Paulo revogou no dia 9 de outubro [&hellip;]<\/p>\n","protected":false},"author":1,"featured_media":0,"comment_status":"closed","ping_status":"closed","sticky":false,"template":"","format":"standard","meta":{"footnotes":""},"categories":[],"tags":[],"class_list":["post-54219","post","type-post","status-publish","format-standard","hentry"],"_links":{"self":[{"href":"https:\/\/blog.corretoraideal.com.br\/index.php\/wp-json\/wp\/v2\/posts\/54219","targetHints":{"allow":["GET"]}}],"collection":[{"href":"https:\/\/blog.corretoraideal.com.br\/index.php\/wp-json\/wp\/v2\/posts"}],"about":[{"href":"https:\/\/blog.corretoraideal.com.br\/index.php\/wp-json\/wp\/v2\/types\/post"}],"author":[{"embeddable":true,"href":"https:\/\/blog.corretoraideal.com.br\/index.php\/wp-json\/wp\/v2\/users\/1"}],"replies":[{"embeddable":true,"href":"https:\/\/blog.corretoraideal.com.br\/index.php\/wp-json\/wp\/v2\/comments?post=54219"}],"version-history":[{"count":1,"href":"https:\/\/blog.corretoraideal.com.br\/index.php\/wp-json\/wp\/v2\/posts\/54219\/revisions"}],"predecessor-version":[{"id":54223,"href":"https:\/\/blog.corretoraideal.com.br\/index.php\/wp-json\/wp\/v2\/posts\/54219\/revisions\/54223"}],"wp:attachment":[{"href":"https:\/\/blog.corretoraideal.com.br\/index.php\/wp-json\/wp\/v2\/media?parent=54219"}],"wp:term":[{"taxonomy":"category","embeddable":true,"href":"https:\/\/blog.corretoraideal.com.br\/index.php\/wp-json\/wp\/v2\/categories?post=54219"},{"taxonomy":"post_tag","embeddable":true,"href":"https:\/\/blog.corretoraideal.com.br\/index.php\/wp-json\/wp\/v2\/tags?post=54219"}],"curies":[{"name":"wp","href":"https:\/\/api.w.org\/{rel}","templated":true}]}}