{"id":54224,"date":"2023-10-17T05:29:47","date_gmt":"2023-10-17T05:29:47","guid":{"rendered":"https:\/\/blog.corretoraideal.com.br\/?p=54224"},"modified":"2023-10-17T05:29:47","modified_gmt":"2023-10-17T05:29:47","slug":"saiba-quais-bairros-vao-receber-o-mutirao-de-combate-ao-mosquito-aedes-aegypti-em-macae-no-rj-norte-fluminense-g1","status":"publish","type":"post","link":"https:\/\/blog.corretoraideal.com.br\/index.php\/2023\/10\/17\/saiba-quais-bairros-vao-receber-o-mutirao-de-combate-ao-mosquito-aedes-aegypti-em-macae-no-rj-norte-fluminense-g1\/","title":{"rendered":"Saiba quais bairros v\u00e3o receber o mutir\u00e3o de combate ao mosquito Aedes aegypti em Maca\u00e9, no RJ | Norte Fluminense | G1"},"content":{"rendered":"<p>      1 de 1&#013;Assim como dengue e zika, o chikungunya tamb\u00e9m \u00e9 transmitido pelo mosquito Aedes aegypti \u2014 Foto: Sean Werle\/INaturalist    <\/p>\n<p> Assim como dengue e zika, o chikungunya tamb\u00e9m \u00e9 transmitido pelo mosquito Aedes aegypti \u2014 Foto: Sean Werle\/INaturalist <\/p>\n<p> A Coordenadoria Especial de Vigil\u00e2ncia Ambiental em Sa\u00fade (Cevas) de <a class href=\"https:\/\/g1.globo.com\/rj\/regiao-dos-lagos\/cidade\/macae\/\">Maca\u00e9<\/a>, no Norte Fluminense, come\u00e7a nesta segunda-feira (16) um mutir\u00e3o de combate ao mosquito Aedes aegypti, transmissor da dengue, zika e chikungunya. A a\u00e7\u00e3o segue at\u00e9 o sexta-feira (20). <\/p>\n<p> O mutir\u00e3o conta com visitas domiciliares e em pontos estrat\u00e9gicos, a\u00e7\u00f5es itinerantes e o carro do fumac\u00ea tamb\u00e9m vai percorrer os locais. <\/p>\n<p> Nesta segunda e ter\u00e7a-feira (17), as a\u00e7\u00f5es v\u00e3o ser realizadas no Centro. Na quarta-feira (18), no bairro Nova Holanda e na quinta-feira (19), \u00e9 a vez do bairro Malvinas receber a a\u00e7\u00e3o. O servi\u00e7o termina no bairro Botafogo. <\/p>\n<p> O munic\u00edpio alerta que os moradores abram as portas e as janelas, cubram gaiolas, aqu\u00e1rios e alimentos durante a passagem do carro do fumac\u00ea. <\/p>\n<p> Al\u00e9m das a\u00e7\u00f5es j\u00e1 citadas, equipes da Cevas tamb\u00e9m v\u00e3o visitar pontos estrat\u00e9gicos como borracharias, ferros velhos, empresas e \u00f3rg\u00e3os p\u00fablicos. No per\u00edodo de 16 a 20 de outubro, os agentes v\u00e3o estar nos bairros Imboassica, Imbetiba, Nossa Senhora da Gl\u00f3ria, Centro, Barra e Novo Cavaleiros. <\/p>\n<p> J\u00e1 a equipe de controle de roedores atuar\u00e1 em cinco bairros: Virgem Santa, Pecado, Parque Aeroporto, Cavaleiros e Centro, atendendo a solicita\u00e7\u00e3o dos moradores, como tamb\u00e9m a verifica\u00e7\u00e3o das tocas para instala\u00e7\u00e3o das iscas. <\/p>\n<p> Na quarta-feira (18), um grupo de agentes de endemias estar\u00e1 refor\u00e7ando as a\u00e7\u00f5es no bairro Atl\u00e2ntico Norte. Segundo a Prefeitura, durante todo dia vai ser realizado o Cevas Itinerante, com visita domiciliar, vacina\u00e7\u00e3o antirr\u00e1bica, controle de roedores, coloca\u00e7\u00e3o de tela em caixa d\u00b4\u00e1gua, tratamento focal qu\u00edmico e mec\u00e2nico e reconhecimento geogr\u00e1fico. <\/p>\n<ul>\n<li> <a href=\"https:\/\/g1.globo.com\/rj\/regiao-dos-lagos\/cidade\/macae\/\" class=\"entities__list-itemLink\" data-track-click=\"Maca\u00e9\"> Maca\u00e9 <\/a> <\/li>\n<\/ul>\n","protected":false},"excerpt":{"rendered":"<p>1 de 1&#013;Assim como dengue e zika, o chikungunya tamb\u00e9m \u00e9 transmitido pelo mosquito Aedes aegypti \u2014 Foto: Sean Werle\/INaturalist Assim como dengue e zika, o chikungunya tamb\u00e9m \u00e9 transmitido pelo mosquito Aedes aegypti \u2014 Foto: Sean Werle\/INaturalist A Coordenadoria Especial de Vigil\u00e2ncia Ambiental em Sa\u00fade (Cevas) de Maca\u00e9, no Norte Fluminense, come\u00e7a nesta segunda-feira [&hellip;]<\/p>\n","protected":false},"author":1,"featured_media":0,"comment_status":"closed","ping_status":"closed","sticky":false,"template":"","format":"standard","meta":{"footnotes":""},"categories":[],"tags":[],"class_list":["post-54224","post","type-post","status-publish","format-standard","hentry"],"_links":{"self":[{"href":"https:\/\/blog.corretoraideal.com.br\/index.php\/wp-json\/wp\/v2\/posts\/54224","targetHints":{"allow":["GET"]}}],"collection":[{"href":"https:\/\/blog.corretoraideal.com.br\/index.php\/wp-json\/wp\/v2\/posts"}],"about":[{"href":"https:\/\/blog.corretoraideal.com.br\/index.php\/wp-json\/wp\/v2\/types\/post"}],"author":[{"embeddable":true,"href":"https:\/\/blog.corretoraideal.com.br\/index.php\/wp-json\/wp\/v2\/users\/1"}],"replies":[{"embeddable":true,"href":"https:\/\/blog.corretoraideal.com.br\/index.php\/wp-json\/wp\/v2\/comments?post=54224"}],"version-history":[{"count":1,"href":"https:\/\/blog.corretoraideal.com.br\/index.php\/wp-json\/wp\/v2\/posts\/54224\/revisions"}],"predecessor-version":[{"id":54226,"href":"https:\/\/blog.corretoraideal.com.br\/index.php\/wp-json\/wp\/v2\/posts\/54224\/revisions\/54226"}],"wp:attachment":[{"href":"https:\/\/blog.corretoraideal.com.br\/index.php\/wp-json\/wp\/v2\/media?parent=54224"}],"wp:term":[{"taxonomy":"category","embeddable":true,"href":"https:\/\/blog.corretoraideal.com.br\/index.php\/wp-json\/wp\/v2\/categories?post=54224"},{"taxonomy":"post_tag","embeddable":true,"href":"https:\/\/blog.corretoraideal.com.br\/index.php\/wp-json\/wp\/v2\/tags?post=54224"}],"curies":[{"name":"wp","href":"https:\/\/api.w.org\/{rel}","templated":true}]}}