{"id":54261,"date":"2023-10-17T22:29:36","date_gmt":"2023-10-17T22:29:36","guid":{"rendered":"https:\/\/blog.corretoraideal.com.br\/?p=54261"},"modified":"2023-10-17T22:29:36","modified_gmt":"2023-10-17T22:29:36","slug":"no-es-ministro-dos-transportes-garante-investimentos-e-duplicacao-das-brs-101-e-262-espirito-santo-g1","status":"publish","type":"post","link":"https:\/\/blog.corretoraideal.com.br\/index.php\/2023\/10\/17\/no-es-ministro-dos-transportes-garante-investimentos-e-duplicacao-das-brs-101-e-262-espirito-santo-g1\/","title":{"rendered":"No ES, ministro dos Transportes garante investimentos e duplica\u00e7\u00e3o das BRs 101 e 262 | Esp\u00edrito Santo | G1"},"content":{"rendered":"<p>                <img loading=\"lazy\" decoding=\"async\" class=\"aligncenter size-full wp-image-54263\" src=\"https:\/\/blog.corretoraideal.com.br\/wp-content\/uploads\/2023\/10\/novo-pac-do-governo-federal-engloba-rodovias-e-novas-moradias-no-estado.jpeg\" alt=\"Novo PAC do governo federal engloba rodovias e novas moradias no estado\" width=\"800\" height=\"400\" \/>      <\/p>\n<p> Novo PAC do governo federal engloba rodovias e novas moradias no estado <\/p>\n<p> O ministro da Casa Civil, Rui Costa, e o ministro dos Transportes, Renan Filho, vieram ao Esp\u00edrito Santo para an\u00fancio das principais obras e investimentos do Novo Programa de Acelera\u00e7\u00e3o de Crescimento (PAC) na manh\u00e3 desta ter\u00e7a-feira (17). Entre as principais obras, est\u00e3o a finaliza\u00e7\u00e3o do Contorno de <a class href=\"https:\/\/g1.globo.com\/es\/espirito-santo\/cidade\/serra\/\">Serra<\/a> Mestre \u00c1lvaro, na Serra, a duplica\u00e7\u00e3o e concess\u00e3o da BR-262 e novas unidades habitacionais do programa Minha Casa Minha Vida. <\/p>\n<ul>\n<li><a class href=\"https:\/\/api.whatsapp.com\/send?text=https:\/\/g1.globo.com\/es\/espirito-santo\/noticia\/2023\/10\/17\/no-es-ministro-dos-transportes-garante-investimentos-e-duplicacao-das-brs-101-e-262.ghtml?utm_source%3Dwhatsapp%26utm_medium%3Dshare-engagement%26utm_campaign%3Dte-materias\" target=\"_blank\" rel=\"noopener noreferrer\"><strong>Compartilhe no WhatsApp<\/strong><\/a><\/li>\n<li><a class href=\"https:\/\/telegram.me\/share\/url?url=https:\/\/g1.globo.com\/es\/espirito-santo\/noticia\/2023\/10\/17\/no-es-ministro-dos-transportes-garante-investimentos-e-duplicacao-das-brs-101-e-262.ghtml?utm_source%3Dtelegram%26utm_medium%3Dshare-engagement%26utm_campaign%3Dte-materias\" target=\"_blank\" rel=\"noopener noreferrer\"><strong>Compartilhe no Telegram<\/strong><\/a><\/li>\n<\/ul>\n<p> Os ministros divulgaram que o investimento total de recursos j\u00e1 alocados \u00e9 de R$ 43 bilh\u00f5es, sendo R$ 23,5 milh\u00f5es de obras regionais e R$ 19,4 bilh\u00f5es em obras exclusivas do estado. O governador Renato Casagrande (PSB) tamb\u00e9m participou do evento. <\/p>\n<p> O ministro dos Transportes, Renan Filho, falou sobre os investimentos nas BRs 101 e 262. Segundo ele, s\u00e3o 195 quil\u00f4metros de rodovia 262 que cortam o Esp\u00edrito Santo at\u00e9 a divisa com Minas Gerais, e, desses, 180 s\u00e3o de pistas simples. <\/p>\n<p>         1 de 2&#013;BR-262 em Marechal Floriano (ES) \u2014 Foto: Reprodu\u00e7\u00e3o\/TV Gazeta    <\/p>\n<p> BR-262 em Marechal Floriano (ES) \u2014 Foto: Reprodu\u00e7\u00e3o\/TV Gazeta <\/p>\n<p> &quot;O projeto da BR-262 est\u00e1 um pouco mais avan\u00e7ado. J\u00e1 houve um projeto executivo no passado, questionado pelo TCU, que agora est\u00e1 sendo refeito. \u00c9 uma BR muito relevante&quot;, disse. <\/p>\n<p> Em junho deste ano, o governo federal autorizou a elabora\u00e7\u00e3o do projeto de duplica\u00e7\u00e3o da rodovia, documento deve trazer as interven\u00e7\u00f5es necess\u00e1rias para a rodovia, como constru\u00e7\u00e3o de viadutos e pontes. <\/p>\n<p> <a class href=\"https:\/\/bit.ly\/canalg1ES\" target=\"_blank\" rel=\"noopener noreferrer\"><strong>? Clique aqui para seguir o canal do g1 ES no WhatsApp <\/strong><\/a> <\/p>\n<p> J\u00e1 em rela\u00e7\u00e3o \u00e0 BR-101, ele explicou que os contratos de concess\u00e3o da rodovia est\u00e3o sendo otimizados, pois as obras vinham acontecendo lentamente, e agora ser\u00e3o intensificadas. <\/p>\n<p> Tamb\u00e9m est\u00e3o entre as principais obras a Barragem Rio Jucu, a amplia\u00e7\u00e3o do Hospital Universit\u00e1rio da Ufes e o projeto p\u00fablico de duplica\u00e7\u00e3o e estudo de concess\u00e3o da BR-262. <\/p>\n<p>         2 de 2&#013;Hospital Geral de Cariacica \u00e9 uma das obras que fazem parte do Novo PAC \u2014 Foto: Divulga\u00e7\u00e3o\/Governo do Esp\u00edrito Santo    <\/p>\n<p> Hospital Geral de Cariacica \u00e9 uma das obras que fazem parte do Novo PAC \u2014 Foto: Divulga\u00e7\u00e3o\/Governo do Esp\u00edrito Santo <\/p>\n<p> Das obras divulgadas, algumas j\u00e1 est\u00e3o em andamento. \u00c9 o caso do Contorno do Mestre \u00c1lvaro, na Serra, que teve a <a class href=\"https:\/\/g1.globo.com\/es\/espirito-santo\/noticia\/2022\/09\/21\/com-57percent-das-obras-concluidas-prazo-de-entrega-do-contorno-do-mestre-alvaro-e-transferido-para-o-final-de-2023.ghtml\">conclus\u00e3o adiada para o final de de 2023<\/a>. J\u00e1 o <a class href=\"https:\/\/g1.globo.com\/es\/espirito-santo\/noticia\/2023\/02\/28\/governo-do-es-lanca-planejamento-com-novos-hospitais-escola-e-obras-ate-2026.ghtml\">Hospital Geral de Cariacica<\/a> tamb\u00e9m est\u00e1 em andamento, e a previs\u00e3o \u00e9 que a obra seja entregue at\u00e9 o final de 2024. <\/p>\n<p> O governo tamb\u00e9m prev\u00ea a finaliza\u00e7\u00e3o de obras importantes como uma nova unidade de produ\u00e7\u00e3o de petr\u00f3leo e g\u00e1s natural no Parque das Baleias, o Contorno de Serra em Mestre \u00c1lvaro (BR-101) e o novo Hospital Geral de <a class href=\"https:\/\/g1.globo.com\/es\/espirito-santo\/cidade\/cariacica\/\">Cariacica<\/a>. <\/p>\n<p> Para melhorar a mobilidade urbana, o governo federal destinou recursos para constru\u00e7\u00e3o de novos trechos das rodovias BR-259 e BR-482, para acesso a Guandu e o contorno de Cachoeiro do Itapemirim, respectivamente. <\/p>\n<p> Tamb\u00e9m est\u00e1 contemplada a finaliza\u00e7\u00e3o da constru\u00e7\u00e3o do contorno de Serra em Mestre \u00c1lvaro (BR-101) e do acesso a Capuaba (BR-447). Est\u00e3o previstas ainda as duplica\u00e7\u00f5es da BR-259 (Jo\u00e3o Neiva &#8211; Colatina &#8211; Aimor\u00e9s) e da BR-262. Outras obras previstas alcan\u00e7am o aeroporto de Vit\u00f3ria, portos e ferrovias com o objetivo de tornar o transporte do estado mais sustent\u00e1vel e eficiente. <\/p>\n<p><h2>Unidades habitacionais<\/h2>\n<\/p>\n<p> J\u00e1 para o programa Minha Casa, Minha Vida ser\u00e3o finalizadas 3.273 unidades habitacionais e constru\u00eddas 1.268 novas unidades, um total de 4.541 moradias. &quot;Lan\u00e7amos o Novo Minha Casa, Minha Vida, com novas regras, novos\u00a0procedimentos e estamos passando a fase inspe\u00e7\u00e3o do projeto. Novas unidades come\u00e7am a ser constru\u00eddas, efetivamente, a partir de janeiro&quot;, afirmou Rui Costa, ministro da Casa Civil. <\/p>\n<p> Nas \u00e1reas de sa\u00fade e educa\u00e7\u00e3o, est\u00e3o previstas novas escolas, creches, quadras e unidades de sa\u00fade ser\u00e3o retomadas ou conclu\u00eddas, totalizando 40 obras. <\/p>\n<p> Os investimentos em transi\u00e7\u00e3o energ\u00e9tica, em descarboniza\u00e7\u00e3o, em minera\u00e7\u00e3o segura e sustent\u00e1vel e no combate \u00e0 pobreza energ\u00e9tica chegam ao estado, com a finaliza\u00e7\u00e3o de 950 km em linhas de transmiss\u00e3o em tr\u00eas regi\u00f5es (Morro do Chap\u00e9u II \u2013 Po\u00e7\u00f5es III; Po\u00e7\u00f5es III &#8211; Medeiros Neto II; Medeiros Neto II &#8211; Jo\u00e3o Neiva 2); a implanta\u00e7\u00e3o de nova unidade de produ\u00e7\u00e3o de petr\u00f3leo e g\u00e1s natural no Parque das Baleias e mais 1.069 km de linhas de transmiss\u00e3o pelo estado. <\/p>\n<p> Com o novo PAC, algumas cidades do estado ganhar\u00e3o novas infraestruturas e servi\u00e7os que transformam a vida das pessoas, como o projeto Periferia Viva, em S\u00e3o Mateus. <\/p>\n<p> Al\u00e9m de obras de conten\u00e7\u00e3o de encostas e drenagem em Vila Velha e Cariacica. Tamb\u00e9m ser\u00e3o realizadas melhorias na esta\u00e7\u00e3o de tratamento de esgoto em Colatina e a implanta\u00e7\u00e3o do saneamento integrado e urbaniza\u00e7\u00e3o nos bairros S\u00e3o Benedito, Consola\u00e7\u00e3o, Bonfim, Penha, Itarar\u00e9 e Gurigica em Vit\u00f3ria. <\/p>\n<p><h2>V\u00cdDEOS: tudo sobre o Esp\u00edrito Santo<\/h2>\n<\/p>\n<p>   <a href=\"https:\/\/g1.globo.com\/es\/espirito-santo\/edicao\/2021\/01\/29\/videos-tudo-sobre-o-es.ghtml\">    50 v\u00eddeos      <\/a>       <\/p>\n<ul>\n<li><a class href=\"http:\/\/g1.globo.com\/es\/espirito-santo\/ultimas-noticias\/\"><strong>Veja o plant\u00e3o de \u00faltimas not\u00edcias do g1 Esp\u00edrito Santo<\/strong><\/a><\/li>\n<\/ul>\n<ul>\n<li> <a href=\"https:\/\/g1.globo.com\/es\/espirito-santo\/cidade\/cariacica\/\" class=\"entities__list-itemLink\" data-track-click=\"Cariacica\"> Cariacica <\/a> <\/li>\n<li> <a href=\"https:\/\/g1.globo.com\/topico\/espirito-santo\" class=\"entities__list-itemLink\" data-track-click=\"Esp\u00edrito Santo\"> Esp\u00edrito Santo <\/a> <\/li>\n<li> <a href=\"https:\/\/g1.globo.com\/es\/espirito-santo\/cidade\/serra\/\" class=\"entities__list-itemLink\" data-track-click=\"Serra\"> Serra <\/a> <\/li>\n<\/ul>\n","protected":false},"excerpt":{"rendered":"<p>Novo PAC do governo federal engloba rodovias e novas moradias no estado O ministro da Casa Civil, Rui Costa, e o ministro dos Transportes, Renan Filho, vieram ao Esp\u00edrito Santo para an\u00fancio das principais obras e investimentos do Novo Programa de Acelera\u00e7\u00e3o de Crescimento (PAC) na manh\u00e3 desta ter\u00e7a-feira (17). Entre as principais obras, est\u00e3o [&hellip;]<\/p>\n","protected":false},"author":1,"featured_media":0,"comment_status":"closed","ping_status":"closed","sticky":false,"template":"","format":"standard","meta":{"footnotes":""},"categories":[],"tags":[],"class_list":["post-54261","post","type-post","status-publish","format-standard","hentry"],"_links":{"self":[{"href":"https:\/\/blog.corretoraideal.com.br\/index.php\/wp-json\/wp\/v2\/posts\/54261","targetHints":{"allow":["GET"]}}],"collection":[{"href":"https:\/\/blog.corretoraideal.com.br\/index.php\/wp-json\/wp\/v2\/posts"}],"about":[{"href":"https:\/\/blog.corretoraideal.com.br\/index.php\/wp-json\/wp\/v2\/types\/post"}],"author":[{"embeddable":true,"href":"https:\/\/blog.corretoraideal.com.br\/index.php\/wp-json\/wp\/v2\/users\/1"}],"replies":[{"embeddable":true,"href":"https:\/\/blog.corretoraideal.com.br\/index.php\/wp-json\/wp\/v2\/comments?post=54261"}],"version-history":[{"count":1,"href":"https:\/\/blog.corretoraideal.com.br\/index.php\/wp-json\/wp\/v2\/posts\/54261\/revisions"}],"predecessor-version":[{"id":54264,"href":"https:\/\/blog.corretoraideal.com.br\/index.php\/wp-json\/wp\/v2\/posts\/54261\/revisions\/54264"}],"wp:attachment":[{"href":"https:\/\/blog.corretoraideal.com.br\/index.php\/wp-json\/wp\/v2\/media?parent=54261"}],"wp:term":[{"taxonomy":"category","embeddable":true,"href":"https:\/\/blog.corretoraideal.com.br\/index.php\/wp-json\/wp\/v2\/categories?post=54261"},{"taxonomy":"post_tag","embeddable":true,"href":"https:\/\/blog.corretoraideal.com.br\/index.php\/wp-json\/wp\/v2\/tags?post=54261"}],"curies":[{"name":"wp","href":"https:\/\/api.w.org\/{rel}","templated":true}]}}