{"id":54265,"date":"2023-10-18T01:32:00","date_gmt":"2023-10-18T01:32:00","guid":{"rendered":"https:\/\/blog.corretoraideal.com.br\/?p=54265"},"modified":"2023-10-18T01:32:00","modified_gmt":"2023-10-18T01:32:00","slug":"confira-as-vagas-de-trabalho-nas-cidades-do-norte-e-noroeste-do-rio-norte-fluminense-g1","status":"publish","type":"post","link":"https:\/\/blog.corretoraideal.com.br\/index.php\/2023\/10\/18\/confira-as-vagas-de-trabalho-nas-cidades-do-norte-e-noroeste-do-rio-norte-fluminense-g1\/","title":{"rendered":"Confira as vagas de trabalho nas cidades do Norte e Noroeste do Rio | Norte Fluminense | G1"},"content":{"rendered":"<p>      1 de 1&#013;S\u00e3o diversas vagas de emprego nas regi\u00f5es do Norte e Noroeste do Rio \u2014 Foto: Rodrigo Marinelli\/g1    <\/p>\n<p> S\u00e3o diversas vagas de emprego nas regi\u00f5es do Norte e Noroeste do Rio \u2014 Foto: Rodrigo Marinelli\/g1 <\/p>\n<p> As prefeituras de <a class href=\"https:\/\/g1.globo.com\/rj\/norte-fluminense\/cidade\/campos-dos-goytacazes\/\">Campos dos Goytacazes<\/a>, <a class href=\"https:\/\/g1.globo.com\/rj\/regiao-dos-lagos\/cidade\/macae\/\">Maca\u00e9<\/a> e <a class href=\"https:\/\/g1.globo.com\/rj\/norte-fluminense\/cidade\/itaperuna\/\">Itaperuna<\/a> divulgaram as vagas de emprego disponibilizadas para as regi\u00f5es Norte e Noroeste do Estado do Rio. <\/p>\n<p> As vagas podem ser consultadas no Sistema Nacional de Emprego (SINE) e nos balc\u00f5es de emprego das prefeituras. <\/p>\n<p><h2>Campos dos Goytacazes<\/h2>\n<\/p>\n<p> Segundo a Prefeitura, foram abertas vagas para: <\/p>\n<ul>\n<li>Atendente de cafeteira<\/li>\n<li>Auxiliar de loja<\/li>\n<li>Salgadeira<\/li>\n<li>Servi\u00e7os gerais<\/li>\n<li>Vendedora de \u00f3tica<\/li>\n<\/ul>\n<p><h2>Maca\u00e9<\/h2>\n<\/p>\n<p> Em Maca\u00e9, foram abertas vagas para: <\/p>\n<ul>\n<li>Vendedor <\/li>\n<li>Manicure<\/li>\n<li>Motorista<\/li>\n<li>Encanador<\/li>\n<li>Gar\u00e7onete<\/li>\n<\/ul>\n<p><h2>Itaperuna<\/h2>\n<\/p>\n<p> J\u00e1 em Itaperuna, foram abertas vagas para: <\/p>\n<ul>\n<li>Gerente para cl\u00ednica m\u00e9dica e odontol\u00f3gica<\/li>\n<li>Vendedor externo<\/li>\n<li>Jovem aprendiz &#8211; Est\u00e1gio<\/li>\n<\/ul>\n<p> Os interessados nas oportunidades podem entrar em contato com os \u00f3rg\u00e3os atrav\u00e9s dos sites: <\/p>\n<p> Em Maca\u00e9 &#8211; <a class href=\"https:\/\/sistemas.macae.rj.gov.br:84\/trabalhoerenda\/index\/mural\" target=\"_blank\" rel=\"noopener noreferrer\">https:\/\/sistemas.macae.rj.gov.br:84\/trabalhoerenda\/index\/mural<\/a> <\/p>\n<p> Em Campos dos Goytacazes &#8211; <a class href=\"https:\/\/sistemas.campos.rj.gov.br\/sgbemp\/vagas\" target=\"_blank\" rel=\"noopener noreferrer\">https:\/\/sistemas.campos.rj.gov.br\/sgbemp\/vagas<\/a> <\/p>\n<p> Em Itaperuna &#8211; Por meio do e-mail acessuastrabalhoitaperuna@gmail.com <\/p>\n<p> Lembrando que em Itaperuna, quem n\u00e3o tem curr\u00edculo, pode comparecer pessoalmente ao Acessuas &#8211; Acesso ao Mundo do Trabalho, na Rua S\u00e3o Jos\u00e9, 104, no Centro de Itaperuna, munido com a identidade, CPF, comprovante de resid\u00eancia e carteira de trabalho (caso tenha), das 9h \u00e0s 16h, de segunda a sexta-feira. O local n\u00e3o fecha para almo\u00e7o. <\/p>\n<ul>\n<li> <a href=\"https:\/\/g1.globo.com\/rj\/norte-fluminense\/cidade\/campos-dos-goytacazes\/\" class=\"entities__list-itemLink\" data-track-click=\"Campos dos Goytacazes\"> Campos dos Goytacazes <\/a> <\/li>\n<li> <a href=\"https:\/\/g1.globo.com\/rj\/norte-fluminense\/cidade\/itaperuna\/\" class=\"entities__list-itemLink\" data-track-click=\"Itaperuna\"> Itaperuna <\/a> <\/li>\n<li> <a href=\"https:\/\/g1.globo.com\/rj\/regiao-dos-lagos\/cidade\/macae\/\" class=\"entities__list-itemLink\" data-track-click=\"Maca\u00e9\"> Maca\u00e9 <\/a> <\/li>\n<\/ul>\n","protected":false},"excerpt":{"rendered":"<p>1 de 1&#013;S\u00e3o diversas vagas de emprego nas regi\u00f5es do Norte e Noroeste do Rio \u2014 Foto: Rodrigo Marinelli\/g1 S\u00e3o diversas vagas de emprego nas regi\u00f5es do Norte e Noroeste do Rio \u2014 Foto: Rodrigo Marinelli\/g1 As prefeituras de Campos dos Goytacazes, Maca\u00e9 e Itaperuna divulgaram as vagas de emprego disponibilizadas para as regi\u00f5es Norte [&hellip;]<\/p>\n","protected":false},"author":1,"featured_media":0,"comment_status":"closed","ping_status":"closed","sticky":false,"template":"","format":"standard","meta":{"footnotes":""},"categories":[],"tags":[],"class_list":["post-54265","post","type-post","status-publish","format-standard","hentry"],"_links":{"self":[{"href":"https:\/\/blog.corretoraideal.com.br\/index.php\/wp-json\/wp\/v2\/posts\/54265","targetHints":{"allow":["GET"]}}],"collection":[{"href":"https:\/\/blog.corretoraideal.com.br\/index.php\/wp-json\/wp\/v2\/posts"}],"about":[{"href":"https:\/\/blog.corretoraideal.com.br\/index.php\/wp-json\/wp\/v2\/types\/post"}],"author":[{"embeddable":true,"href":"https:\/\/blog.corretoraideal.com.br\/index.php\/wp-json\/wp\/v2\/users\/1"}],"replies":[{"embeddable":true,"href":"https:\/\/blog.corretoraideal.com.br\/index.php\/wp-json\/wp\/v2\/comments?post=54265"}],"version-history":[{"count":1,"href":"https:\/\/blog.corretoraideal.com.br\/index.php\/wp-json\/wp\/v2\/posts\/54265\/revisions"}],"predecessor-version":[{"id":54267,"href":"https:\/\/blog.corretoraideal.com.br\/index.php\/wp-json\/wp\/v2\/posts\/54265\/revisions\/54267"}],"wp:attachment":[{"href":"https:\/\/blog.corretoraideal.com.br\/index.php\/wp-json\/wp\/v2\/media?parent=54265"}],"wp:term":[{"taxonomy":"category","embeddable":true,"href":"https:\/\/blog.corretoraideal.com.br\/index.php\/wp-json\/wp\/v2\/categories?post=54265"},{"taxonomy":"post_tag","embeddable":true,"href":"https:\/\/blog.corretoraideal.com.br\/index.php\/wp-json\/wp\/v2\/tags?post=54265"}],"curies":[{"name":"wp","href":"https:\/\/api.w.org\/{rel}","templated":true}]}}