{"id":54268,"date":"2023-10-18T03:31:16","date_gmt":"2023-10-18T03:31:16","guid":{"rendered":"https:\/\/blog.corretoraideal.com.br\/?p=54268"},"modified":"2023-10-18T03:31:16","modified_gmt":"2023-10-18T03:31:16","slug":"agencias-da-caixa-abrem-uma-hora-mais-cedo-nesta-quarta-feira-para-atendimentos-sobre-desenrola-e-minha-casa-minha-vida-economia-g1","status":"publish","type":"post","link":"https:\/\/blog.corretoraideal.com.br\/index.php\/2023\/10\/18\/agencias-da-caixa-abrem-uma-hora-mais-cedo-nesta-quarta-feira-para-atendimentos-sobre-desenrola-e-minha-casa-minha-vida-economia-g1\/","title":{"rendered":"Ag\u00eancias da Caixa abrem uma hora mais cedo nesta quarta-feira para atendimentos sobre Desenrola e Minha Casa, Minha Vida | Economia | G1"},"content":{"rendered":"<p>      1 de 1&#013;Caixa Econ\u00f4mica Federal \u2014 Foto: Marcelo Camargo\/Ag\u00eancia Brasil    <\/p>\n<p> Caixa Econ\u00f4mica Federal \u2014 Foto: Marcelo Camargo\/Ag\u00eancia Brasil <\/p>\n<p> As ag\u00eancias da <a class href=\"https:\/\/g1.globo.com\/tudo-sobre\/caixa-economica-federal\/\">Caixa Econ\u00f4mica Federal<\/a> v\u00e3o abrir uma hora mais cedo nesta quarta-feira (18) para atendimentos sobre os programas <a class href=\"https:\/\/g1.globo.com\/economia\/noticia\/2023\/10\/09\/desenrola-brasil-governo-lanca-plataforma-para-renegociar-dividas-nesta-segunda-veja-como-fazer.ghtml\">Desenrola<\/a>, de renegocia\u00e7\u00e3o de d\u00edvidas, e <a class href=\"https:\/\/g1.globo.com\/economia\/noticia\/2023\/06\/21\/minha-casa-minha-vida-como-fica-o-programa-apos-as-mudancas-anunciadas-pelo-governo.ghtml\">Minha Casa, Minha Vida<\/a>. <\/p>\n<p> A medida faz parte da campanha &quot;T\u00e1 na Caixa&quot;, que tamb\u00e9m prev\u00ea esclarecer d\u00favidas sobre as linhas de cr\u00e9dito oferecidas pelo banco. <\/p>\n<p> A antecipa\u00e7\u00e3o do hor\u00e1rio de abertura, que vale para todas as ag\u00eancias da Caixa no pa\u00eds, ser\u00e1 de acordo com o hor\u00e1rio j\u00e1 praticado em cada regi\u00e3o. <\/p>\n<p> Ou seja, se em determinada cidade as ag\u00eancias come\u00e7am a operar \u00e0s 10h, o in\u00edcio ser\u00e1 \u00e0s 9h. Caso o hor\u00e1rio habitual seja \u00e0s 11h, a abertura ser\u00e1 \u00e0s 10h. E assim por diante. <\/p>\n<p> De acordo com a presidente da Caixa, Maria Rita Serrano, a a\u00e7\u00e3o tem o objetivo de aumentar o potencial competitivo do banco, fortalecer a rela\u00e7\u00e3o com os clientes e promover melhor atendimento aos benefici\u00e1rios das pol\u00edticas p\u00fablicas do governo federal. <\/p>\n<ul>\n<li> <a href=\"https:\/\/g1.globo.com\/tudo-sobre\/caixa-economica-federal\/\" class=\"entities__list-itemLink\" data-track-click=\"Caixa Econ\u00f4mica Federal\"> Caixa Econ\u00f4mica Federal <\/a> <\/li>\n<\/ul>\n","protected":false},"excerpt":{"rendered":"<p>1 de 1&#013;Caixa Econ\u00f4mica Federal \u2014 Foto: Marcelo Camargo\/Ag\u00eancia Brasil Caixa Econ\u00f4mica Federal \u2014 Foto: Marcelo Camargo\/Ag\u00eancia Brasil As ag\u00eancias da Caixa Econ\u00f4mica Federal v\u00e3o abrir uma hora mais cedo nesta quarta-feira (18) para atendimentos sobre os programas Desenrola, de renegocia\u00e7\u00e3o de d\u00edvidas, e Minha Casa, Minha Vida. A medida faz parte da campanha &quot;T\u00e1 [&hellip;]<\/p>\n","protected":false},"author":1,"featured_media":0,"comment_status":"closed","ping_status":"closed","sticky":false,"template":"","format":"standard","meta":{"footnotes":""},"categories":[],"tags":[],"class_list":["post-54268","post","type-post","status-publish","format-standard","hentry"],"_links":{"self":[{"href":"https:\/\/blog.corretoraideal.com.br\/index.php\/wp-json\/wp\/v2\/posts\/54268","targetHints":{"allow":["GET"]}}],"collection":[{"href":"https:\/\/blog.corretoraideal.com.br\/index.php\/wp-json\/wp\/v2\/posts"}],"about":[{"href":"https:\/\/blog.corretoraideal.com.br\/index.php\/wp-json\/wp\/v2\/types\/post"}],"author":[{"embeddable":true,"href":"https:\/\/blog.corretoraideal.com.br\/index.php\/wp-json\/wp\/v2\/users\/1"}],"replies":[{"embeddable":true,"href":"https:\/\/blog.corretoraideal.com.br\/index.php\/wp-json\/wp\/v2\/comments?post=54268"}],"version-history":[{"count":1,"href":"https:\/\/blog.corretoraideal.com.br\/index.php\/wp-json\/wp\/v2\/posts\/54268\/revisions"}],"predecessor-version":[{"id":54270,"href":"https:\/\/blog.corretoraideal.com.br\/index.php\/wp-json\/wp\/v2\/posts\/54268\/revisions\/54270"}],"wp:attachment":[{"href":"https:\/\/blog.corretoraideal.com.br\/index.php\/wp-json\/wp\/v2\/media?parent=54268"}],"wp:term":[{"taxonomy":"category","embeddable":true,"href":"https:\/\/blog.corretoraideal.com.br\/index.php\/wp-json\/wp\/v2\/categories?post=54268"},{"taxonomy":"post_tag","embeddable":true,"href":"https:\/\/blog.corretoraideal.com.br\/index.php\/wp-json\/wp\/v2\/tags?post=54268"}],"curies":[{"name":"wp","href":"https:\/\/api.w.org\/{rel}","templated":true}]}}